{"id":21772,"date":"2025-10-26T07:52:51","date_gmt":"2025-10-26T07:52:51","guid":{"rendered":"https:\/\/elbistanhabermerkezi.com\/?p=21772"},"modified":"2025-10-26T07:52:51","modified_gmt":"2025-10-26T07:52:51","slug":"kitap-fuari-9uncu-gununde-altay-cem-merici-agirladi","status":"publish","type":"post","link":"https:\/\/elbistanhabermerkezi.com\/index.php\/2025\/10\/26\/kitap-fuari-9uncu-gununde-altay-cem-merici-agirladi\/","title":{"rendered":"Kitap Fuar\u0131, 9\u2019uncu G\u00fcn\u00fcnde Altay Cem Meri\u00e7\u2019i A\u011f\u0131rlad\u0131."},"content":{"rendered":"<p style=\"text-align: justify;\"><img loading=\"lazy\" decoding=\"async\" class=\"alignnone size-full wp-image-15355\" src=\"https:\/\/elbistanhabermerkezi.com\/wp-content\/uploads\/2024\/07\/ALIDOGAN.jpg\" alt=\"\" width=\"302\" height=\"302\" srcset=\"https:\/\/elbistanhabermerkezi.com\/wp-content\/uploads\/2024\/07\/ALIDOGAN.jpg 302w, https:\/\/elbistanhabermerkezi.com\/wp-content\/uploads\/2024\/07\/ALIDOGAN-105x105.jpg 105w, https:\/\/elbistanhabermerkezi.com\/wp-content\/uploads\/2024\/07\/ALIDOGAN-155x155.jpg 155w, https:\/\/elbistanhabermerkezi.com\/wp-content\/uploads\/2024\/07\/ALIDOGAN-221x221.jpg 221w\" sizes=\"auto, (max-width: 302px) 100vw, 302px\" \/><\/p>\n<p style=\"text-align: justify;\"><strong>Uluslararas\u0131 Kahramanmara\u015f Kitap Fuar\u0131\u2019n\u0131n 9\u2019uncu g\u00fcn\u00fcnde d\u00fczenlenen s\u00f6yle\u015fi programlar\u0131n\u0131n konuklar\u0131ndan biri de ara\u015ft\u0131rmac\u0131 \u2013 yazar Altay Cem Meri\u00e7 oldu. KAFUM\u2019da yo\u011fun kat\u0131l\u0131mla ger\u00e7ekle\u015ftirilen programda Meri\u00e7, \u0130slami ilimler \u00fczerine kapsaml\u0131 bir s\u00f6yle\u015fi ger\u00e7ekle\u015ftirdi.<\/strong><\/p>\n<p style=\"text-align: justify;\">\n<p style=\"text-align: justify;\">Kahramanmara\u015f B\u00fcy\u00fck\u015fehir Belediyesinin ev sahipli\u011finde bu y\u0131l 10\u2019uncusu d\u00fczenlenen Uluslararas\u0131 Kahramanmara\u015f Kitap Fuar\u0131, yazar ve akademisyenleri okurlarla bulu\u015fturmaya devam ediyor. Fuar\u0131n 9\u2019uncu g\u00fcn\u00fcnde d\u00fczenlenen s\u00f6yle\u015fi programlar\u0131n\u0131n konuklar\u0131ndan biri de ara\u015ft\u0131rmac\u0131 \u2013 yazar Altay Cem Meri\u00e7 oldu. KAFUM\u2019da yo\u011fun kat\u0131l\u0131mla ger\u00e7ekle\u015ftirilen programda Meri\u00e7, \u0130slami ilimler \u00fczerine kapsaml\u0131 bir s\u00f6yle\u015fi ger\u00e7ekle\u015ftirdi. Kat\u0131l\u0131mc\u0131lar\u0131n b\u00fcy\u00fck bir dikkatle takip etti\u011fi etkinlikte Meri\u00e7, \u0130slam d\u00fc\u015f\u00fcncesinin tarihsel geli\u015fimi, \u00e7a\u011fda\u015f d\u00fcnyadaki yans\u0131malar\u0131 ve bireysel bilin\u00e7 \u00fczerindeki etkileri \u00fczerine \u00f6nemli de\u011ferlendirmelerde bulundu. S\u00f6yle\u015fi boyunca dinleyicilerin sorular\u0131na da geni\u015f yer veren yazar, soru-cevap b\u00f6l\u00fcm\u00fcyle program\u0131 interaktif bir yap\u0131ya d\u00f6n\u00fc\u015ft\u00fcrd\u00fc. Kat\u0131l\u0131mc\u0131lar\u0131n merak etti\u011fi konulara sade ve anla\u015f\u0131l\u0131r bir dille yan\u0131tlar veren Meri\u00e7, \u0130slami ilimlerin yaln\u0131zca akademik bir alan de\u011fil, insan\u0131n varolu\u015funu anlamland\u0131ran bir rehber oldu\u011funu vurgulad\u0131. Program\u0131n sonunda dinleyiciler, Meri\u00e7\u2019e sorular y\u00f6nelterek birebir sohbet etme imk\u00e2n\u0131 buldu. Kat\u0131l\u0131mc\u0131lar, fuar kapsam\u0131nda d\u00fczenlenen bu t\u00fcr etkinliklerin fikir d\u00fcnyalar\u0131na katk\u0131 sundu\u011funu ifade ederek Kahramanmara\u015f B\u00fcy\u00fck\u015fehir Belediyesine te\u015fekk\u00fcr etti.<\/p>\n<p style=\"text-align: justify;\"><img loading=\"lazy\" decoding=\"async\" class=\"alignnone size-full wp-image-21773\" src=\"https:\/\/elbistanhabermerkezi.com\/wp-content\/uploads\/2025\/10\/Altay-Cem-Meric-1.jpg\" alt=\"\" width=\"600\" height=\"338\" srcset=\"https:\/\/elbistanhabermerkezi.com\/wp-content\/uploads\/2025\/10\/Altay-Cem-Meric-1.jpg 600w, https:\/\/elbistanhabermerkezi.com\/wp-content\/uploads\/2025\/10\/Altay-Cem-Meric-1-171x96.jpg 171w, https:\/\/elbistanhabermerkezi.com\/wp-content\/uploads\/2025\/10\/Altay-Cem-Meric-1-275x155.jpg 275w, https:\/\/elbistanhabermerkezi.com\/wp-content\/uploads\/2025\/10\/Altay-Cem-Meric-1-376x212.jpg 376w\" sizes=\"auto, (max-width: 600px) 100vw, 600px\" \/> <img loading=\"lazy\" decoding=\"async\" class=\"alignnone size-full wp-image-21774\" src=\"https:\/\/elbistanhabermerkezi.com\/wp-content\/uploads\/2025\/10\/Altay-Cem-Meric-3.jpg\" alt=\"\" width=\"600\" height=\"338\" srcset=\"https:\/\/elbistanhabermerkezi.com\/wp-content\/uploads\/2025\/10\/Altay-Cem-Meric-3.jpg 600w, https:\/\/elbistanhabermerkezi.com\/wp-content\/uploads\/2025\/10\/Altay-Cem-Meric-3-171x96.jpg 171w, https:\/\/elbistanhabermerkezi.com\/wp-content\/uploads\/2025\/10\/Altay-Cem-Meric-3-275x155.jpg 275w, https:\/\/elbistanhabermerkezi.com\/wp-content\/uploads\/2025\/10\/Altay-Cem-Meric-3-376x212.jpg 376w\" sizes=\"auto, (max-width: 600px) 100vw, 600px\" \/> <img loading=\"lazy\" decoding=\"async\" class=\"alignnone size-full wp-image-21775\" src=\"https:\/\/elbistanhabermerkezi.com\/wp-content\/uploads\/2025\/10\/Altay-Cem-Meric-4I.jpg\" alt=\"\" width=\"779\" height=\"448\" srcset=\"https:\/\/elbistanhabermerkezi.com\/wp-content\/uploads\/2025\/10\/Altay-Cem-Meric-4I.jpg 779w, https:\/\/elbistanhabermerkezi.com\/wp-content\/uploads\/2025\/10\/Altay-Cem-Meric-4I-600x345.jpg 600w, https:\/\/elbistanhabermerkezi.com\/wp-content\/uploads\/2025\/10\/Altay-Cem-Meric-4I-768x442.jpg 768w, https:\/\/elbistanhabermerkezi.com\/wp-content\/uploads\/2025\/10\/Altay-Cem-Meric-4I-171x98.jpg 171w, https:\/\/elbistanhabermerkezi.com\/wp-content\/uploads\/2025\/10\/Altay-Cem-Meric-4I-270x155.jpg 270w, https:\/\/elbistanhabermerkezi.com\/wp-content\/uploads\/2025\/10\/Altay-Cem-Meric-4I-376x216.jpg 376w\" sizes=\"auto, (max-width: 779px) 100vw, 779px\" \/> <img loading=\"lazy\" decoding=\"async\" class=\"alignnone size-full wp-image-21778\" src=\"https:\/\/elbistanhabermerkezi.com\/wp-content\/uploads\/2025\/10\/Altay-Cem-Meric-5.jpg\" alt=\"\" width=\"600\" height=\"338\" srcset=\"https:\/\/elbistanhabermerkezi.com\/wp-content\/uploads\/2025\/10\/Altay-Cem-Meric-5.jpg 600w, https:\/\/elbistanhabermerkezi.com\/wp-content\/uploads\/2025\/10\/Altay-Cem-Meric-5-171x96.jpg 171w, https:\/\/elbistanhabermerkezi.com\/wp-content\/uploads\/2025\/10\/Altay-Cem-Meric-5-275x155.jpg 275w, https:\/\/elbistanhabermerkezi.com\/wp-content\/uploads\/2025\/10\/Altay-Cem-Meric-5-376x212.jpg 376w\" sizes=\"auto, (max-width: 600px) 100vw, 600px\" \/><\/p>\n","protected":false},"excerpt":{"rendered":"<p>Uluslararas\u0131 Kahramanmara\u015f Kitap Fuar\u0131\u2019n\u0131n 9\u2019uncu g\u00fcn\u00fcnde d\u00fczenlenen s\u00f6yle\u015fi programlar\u0131n\u0131n konuklar\u0131ndan biri de ara\u015ft\u0131rmac\u0131 \u2013 yazar Altay Cem Meri\u00e7 oldu. KAFUM\u2019da yo\u011fun kat\u0131l\u0131mla ger\u00e7ekle\u015ftirilen programda Meri\u00e7, \u0130slami ilimler \u00fczerine kapsaml\u0131 bir s\u00f6yle\u015fi ger\u00e7ekle\u015ftirdi. Kahramanmara\u015f B\u00fcy\u00fck\u015fehir Belediyesinin ev sahipli\u011finde bu y\u0131l 10\u2019uncusu d\u00fczenlenen Uluslararas\u0131 Kahramanmara\u015f Kitap Fuar\u0131, yazar ve akademisyenleri okurlarla bulu\u015fturmaya devam ediyor. Fuar\u0131n 9\u2019uncu g\u00fcn\u00fcnde [&hellip;]<\/p>\n","protected":false},"author":1,"featured_media":21776,"comment_status":"open","ping_status":"open","sticky":false,"template":"","format":"standard","meta":{"_jetpack_memberships_contains_paid_content":false,"footnotes":""},"categories":[2,8],"tags":[],"class_list":["post-21772","post","type-post","status-publish","format-standard","has-post-thumbnail","hentry","category-3-sayfa","category-gundem"],"jetpack_featured_media_url":"https:\/\/elbistanhabermerkezi.com\/wp-content\/uploads\/2025\/10\/Altay-Cem-Meric-4IOP.jpg","jetpack_sharing_enabled":true,"_links":{"self":[{"href":"https:\/\/elbistanhabermerkezi.com\/index.php\/wp-json\/wp\/v2\/posts\/21772","targetHints":{"allow":["GET"]}}],"collection":[{"href":"https:\/\/elbistanhabermerkezi.com\/index.php\/wp-json\/wp\/v2\/posts"}],"about":[{"href":"https:\/\/elbistanhabermerkezi.com\/index.php\/wp-json\/wp\/v2\/types\/post"}],"author":[{"embeddable":true,"href":"https:\/\/elbistanhabermerkezi.com\/index.php\/wp-json\/wp\/v2\/users\/1"}],"replies":[{"embeddable":true,"href":"https:\/\/elbistanhabermerkezi.com\/index.php\/wp-json\/wp\/v2\/comments?post=21772"}],"version-history":[{"count":1,"href":"https:\/\/elbistanhabermerkezi.com\/index.php\/wp-json\/wp\/v2\/posts\/21772\/revisions"}],"predecessor-version":[{"id":21779,"href":"https:\/\/elbistanhabermerkezi.com\/index.php\/wp-json\/wp\/v2\/posts\/21772\/revisions\/21779"}],"wp:featuredmedia":[{"embeddable":true,"href":"https:\/\/elbistanhabermerkezi.com\/index.php\/wp-json\/wp\/v2\/media\/21776"}],"wp:attachment":[{"href":"https:\/\/elbistanhabermerkezi.com\/index.php\/wp-json\/wp\/v2\/media?parent=21772"}],"wp:term":[{"taxonomy":"category","embeddable":true,"href":"https:\/\/elbistanhabermerkezi.com\/index.php\/wp-json\/wp\/v2\/categories?post=21772"},{"taxonomy":"post_tag","embeddable":true,"href":"https:\/\/elbistanhabermerkezi.com\/index.php\/wp-json\/wp\/v2\/tags?post=21772"}],"curies":[{"name":"wp","href":"https:\/\/api.w.org\/{rel}","templated":true}]}}