{"id":21750,"date":"2025-10-24T14:30:26","date_gmt":"2025-10-24T14:30:26","guid":{"rendered":"https:\/\/elbistanhabermerkezi.com\/?p=21750"},"modified":"2025-10-24T14:30:26","modified_gmt":"2025-10-24T14:30:26","slug":"zengin-ve-dagdan-cocuklara-masal-gibi-soylesi","status":"publish","type":"post","link":"https:\/\/elbistanhabermerkezi.com\/index.php\/2025\/10\/24\/zengin-ve-dagdan-cocuklara-masal-gibi-soylesi\/","title":{"rendered":"Zengin ve Da\u011f\u2019dan \u00c7ocuklara Masal Gibi S\u00f6yle\u015fi."},"content":{"rendered":"<p style=\"text-align: justify;\"><img loading=\"lazy\" decoding=\"async\" class=\"alignnone size-full wp-image-15355\" src=\"https:\/\/elbistanhabermerkezi.com\/wp-content\/uploads\/2024\/07\/ALIDOGAN.jpg\" alt=\"\" width=\"302\" height=\"302\" srcset=\"https:\/\/elbistanhabermerkezi.com\/wp-content\/uploads\/2024\/07\/ALIDOGAN.jpg 302w, https:\/\/elbistanhabermerkezi.com\/wp-content\/uploads\/2024\/07\/ALIDOGAN-105x105.jpg 105w, https:\/\/elbistanhabermerkezi.com\/wp-content\/uploads\/2024\/07\/ALIDOGAN-155x155.jpg 155w, https:\/\/elbistanhabermerkezi.com\/wp-content\/uploads\/2024\/07\/ALIDOGAN-221x221.jpg 221w\" sizes=\"auto, (max-width: 302px) 100vw, 302px\" \/><\/p>\n<p style=\"text-align: justify;\"><strong>Binlerce edebiyatsever taraf\u0131ndan ilgiyle takip edilen 10. Uluslararas\u0131 Kahramanmara\u015f Kitap Fuar\u0131\u2019nda minik \u00f6\u011frencilerle bir araya gelen \u00e7ocuk edebiyat\u0131n\u0131n \u00f6nemli yazarlar\u0131ndan Ay\u015feg\u00fcl S\u00f6zen Da\u011f ve Salih Zengin, \u00f6zel s\u00f6yle\u015fi ger\u00e7ekle\u015ftirdi. <\/strong><\/p>\n<p style=\"text-align: justify;\"><strong>\u00a0<\/strong><\/p>\n<p style=\"text-align: justify;\">Kahramanmara\u015f B\u00fcy\u00fck\u015fehir Belediyesi taraf\u0131ndan bu y\u0131l 10\u2019uncusu d\u00fczenlenen Uluslararas\u0131 Kahramanmara\u015f Kitap Fuar\u0131, edebiyatseverleri, yazarlar\u0131 ve sanat\u00e7\u0131lar\u0131 bir araya getirerek \u015fehrin k\u00fclt\u00fcrel nabz\u0131n\u0131 tutmaya devam ediyor. KAFUM\u2019da b\u00fcy\u00fck bir ilgiyle devam eden fuarda s\u00f6yle\u015fi etkinli\u011finde minik \u00f6\u011frencilerle bir araya gelen \u00e7ocuk edebiyat\u0131n\u0131n iki \u00f6nemli ismi Ay\u015feg\u00fcl S\u00f6zen Da\u011f ve Salih Zengin, minik \u00f6\u011frencileri masals\u0131 bir edebiyat yolculu\u011funa \u00e7\u0131kard\u0131.<\/p>\n<p style=\"text-align: justify;\">\n<p style=\"text-align: justify;\"><strong>\u201c\u00c7ocuklar\u0131n Kitaba Olan \u0130lgisi \u00c7ok G\u00fczel\u201d<\/strong><\/p>\n<p style=\"text-align: justify;\">10\u2019uncusu ger\u00e7ekle\u015ftirilen kitap fuar\u0131nda bulunmaktan dolay\u0131 mutlu oldu\u011funu s\u00f6yleyen yazar Ay\u015feg\u00fcl S\u00f6zen Da\u011f, \u201c\u00c7ocuklar\u0131n ve \u00f6\u011fretmenlerimizin kitaplara olan ilgisi \u00e7ok g\u00fczel. B\u00fcy\u00fck\u015fehir Belediyemizin verdi\u011fi hediye \u00e7ekleriyle de \u00e7ocuklar\u0131m\u0131z\u0131n hepsi kitaba ula\u015fabiliyor, neredeyse kitaba ula\u015famayan \u00e7ocuk yok diyebilirim. \u00c7ocuklar\u0131m\u0131z\u0131n okuma k\u00fclt\u00fcr\u00fcn\u00fcn geli\u015fmesinde, nitelikli bir dil evreni, nitelikli bir imge evrimi olu\u015fabilmesi i\u00e7in \u00e7ocuk edebiyat\u0131n\u0131n rol\u00fc \u00e7ok b\u00fcy\u00fck. B\u00fcy\u00fck\u015fehir Belediyesine bu muhte\u015fem fuar\u0131 d\u00fczenledi\u011fi i\u00e7in te\u015fekk\u00fcr ederim\u201d diye konu\u015ftu.<\/p>\n<p style=\"text-align: justify;\">\n<p style=\"text-align: justify;\"><strong>\u201cTeknoloji \u00c7a\u011f\u0131nda Kitaba Vurgu Yapmak \u00c7ok \u00d6nemli\u201d<\/strong><\/p>\n<p style=\"text-align: justify;\">Teknoloji \u00e7a\u011f\u0131nda \u00f6zellikle \u00e7ocuklar\u0131n kitaba y\u00f6nlendirilmesinin \u00f6nemine de\u011finen yazar Salih Zengin, \u201cBir \u015fehir i\u00e7in kitap fuar\u0131n\u0131n onuncusunun yap\u0131lmas\u0131 harika bir \u015fey. Bu gelene\u011fin edebiyat\u0131n ba\u015f \u015fehri olan Kahramanmara\u015f\u2019ta ula\u015fabilmesi muazzam. Teknoloji \u00e7a\u011f\u0131nda kitaba vurgu yapmak \u00e7ok \u00f6nemli ve herkes buraya \u00e7ok ilgi g\u00f6steriyor. Dijital d\u00fcnyan\u0131n h\u0131z\u0131 kar\u015f\u0131s\u0131nda kitap sakinli\u011fi ve kendi ruhuna d\u00f6nmeye \u00e7a\u011fr\u0131d\u0131r. Bu \u00e7a\u011fr\u0131y\u0131 10 y\u0131ld\u0131r s\u00fcrd\u00fcren Kahramanmara\u015f B\u00fcy\u00fck\u015fehir Belediyesine \u00e7ok te\u015fekk\u00fcr ederim\u201d ifadelerini kulland\u0131.<\/p>\n<p style=\"text-align: justify;\"><img loading=\"lazy\" decoding=\"async\" class=\"alignnone size-full wp-image-21751\" src=\"https:\/\/elbistanhabermerkezi.com\/wp-content\/uploads\/2025\/10\/Aysegul-Sozen-Dag-1.jpg\" alt=\"\" width=\"600\" height=\"338\" srcset=\"https:\/\/elbistanhabermerkezi.com\/wp-content\/uploads\/2025\/10\/Aysegul-Sozen-Dag-1.jpg 600w, https:\/\/elbistanhabermerkezi.com\/wp-content\/uploads\/2025\/10\/Aysegul-Sozen-Dag-1-171x96.jpg 171w, https:\/\/elbistanhabermerkezi.com\/wp-content\/uploads\/2025\/10\/Aysegul-Sozen-Dag-1-275x155.jpg 275w, https:\/\/elbistanhabermerkezi.com\/wp-content\/uploads\/2025\/10\/Aysegul-Sozen-Dag-1-376x212.jpg 376w\" sizes=\"auto, (max-width: 600px) 100vw, 600px\" \/> <img loading=\"lazy\" decoding=\"async\" class=\"alignnone size-full wp-image-21752\" src=\"https:\/\/elbistanhabermerkezi.com\/wp-content\/uploads\/2025\/10\/Aysegul-Sozen-Dag-1uiuk.jpg\" alt=\"\" width=\"779\" height=\"448\" srcset=\"https:\/\/elbistanhabermerkezi.com\/wp-content\/uploads\/2025\/10\/Aysegul-Sozen-Dag-1uiuk.jpg 779w, https:\/\/elbistanhabermerkezi.com\/wp-content\/uploads\/2025\/10\/Aysegul-Sozen-Dag-1uiuk-600x345.jpg 600w, https:\/\/elbistanhabermerkezi.com\/wp-content\/uploads\/2025\/10\/Aysegul-Sozen-Dag-1uiuk-768x442.jpg 768w, https:\/\/elbistanhabermerkezi.com\/wp-content\/uploads\/2025\/10\/Aysegul-Sozen-Dag-1uiuk-171x98.jpg 171w, https:\/\/elbistanhabermerkezi.com\/wp-content\/uploads\/2025\/10\/Aysegul-Sozen-Dag-1uiuk-270x155.jpg 270w, https:\/\/elbistanhabermerkezi.com\/wp-content\/uploads\/2025\/10\/Aysegul-Sozen-Dag-1uiuk-376x216.jpg 376w\" sizes=\"auto, (max-width: 779px) 100vw, 779px\" \/> <img loading=\"lazy\" decoding=\"async\" class=\"alignnone size-full wp-image-21755\" src=\"https:\/\/elbistanhabermerkezi.com\/wp-content\/uploads\/2025\/10\/Aysegul-Sozen-Dag-2.jpg\" alt=\"\" width=\"600\" height=\"338\" srcset=\"https:\/\/elbistanhabermerkezi.com\/wp-content\/uploads\/2025\/10\/Aysegul-Sozen-Dag-2.jpg 600w, https:\/\/elbistanhabermerkezi.com\/wp-content\/uploads\/2025\/10\/Aysegul-Sozen-Dag-2-171x96.jpg 171w, https:\/\/elbistanhabermerkezi.com\/wp-content\/uploads\/2025\/10\/Aysegul-Sozen-Dag-2-275x155.jpg 275w, https:\/\/elbistanhabermerkezi.com\/wp-content\/uploads\/2025\/10\/Aysegul-Sozen-Dag-2-376x212.jpg 376w\" sizes=\"auto, (max-width: 600px) 100vw, 600px\" \/> <img loading=\"lazy\" decoding=\"async\" class=\"alignnone size-full wp-image-21756\" src=\"https:\/\/elbistanhabermerkezi.com\/wp-content\/uploads\/2025\/10\/Aysegul-Sozen-Dag-5.jpg\" alt=\"\" width=\"600\" height=\"338\" srcset=\"https:\/\/elbistanhabermerkezi.com\/wp-content\/uploads\/2025\/10\/Aysegul-Sozen-Dag-5.jpg 600w, https:\/\/elbistanhabermerkezi.com\/wp-content\/uploads\/2025\/10\/Aysegul-Sozen-Dag-5-171x96.jpg 171w, https:\/\/elbistanhabermerkezi.com\/wp-content\/uploads\/2025\/10\/Aysegul-Sozen-Dag-5-275x155.jpg 275w, https:\/\/elbistanhabermerkezi.com\/wp-content\/uploads\/2025\/10\/Aysegul-Sozen-Dag-5-376x212.jpg 376w\" sizes=\"auto, (max-width: 600px) 100vw, 600px\" \/> <img loading=\"lazy\" decoding=\"async\" class=\"alignnone size-full wp-image-21757\" src=\"https:\/\/elbistanhabermerkezi.com\/wp-content\/uploads\/2025\/10\/Salih-Zengin-2.jpg\" alt=\"\" width=\"600\" height=\"338\" srcset=\"https:\/\/elbistanhabermerkezi.com\/wp-content\/uploads\/2025\/10\/Salih-Zengin-2.jpg 600w, https:\/\/elbistanhabermerkezi.com\/wp-content\/uploads\/2025\/10\/Salih-Zengin-2-171x96.jpg 171w, https:\/\/elbistanhabermerkezi.com\/wp-content\/uploads\/2025\/10\/Salih-Zengin-2-275x155.jpg 275w, https:\/\/elbistanhabermerkezi.com\/wp-content\/uploads\/2025\/10\/Salih-Zengin-2-376x212.jpg 376w\" sizes=\"auto, (max-width: 600px) 100vw, 600px\" \/><\/p>\n","protected":false},"excerpt":{"rendered":"<p>Binlerce edebiyatsever taraf\u0131ndan ilgiyle takip edilen 10. Uluslararas\u0131 Kahramanmara\u015f Kitap Fuar\u0131\u2019nda minik \u00f6\u011frencilerle bir araya gelen \u00e7ocuk edebiyat\u0131n\u0131n \u00f6nemli yazarlar\u0131ndan Ay\u015feg\u00fcl S\u00f6zen Da\u011f ve Salih Zengin, \u00f6zel s\u00f6yle\u015fi ger\u00e7ekle\u015ftirdi. \u00a0 Kahramanmara\u015f B\u00fcy\u00fck\u015fehir Belediyesi taraf\u0131ndan bu y\u0131l 10\u2019uncusu d\u00fczenlenen Uluslararas\u0131 Kahramanmara\u015f Kitap Fuar\u0131, edebiyatseverleri, yazarlar\u0131 ve sanat\u00e7\u0131lar\u0131 bir araya getirerek \u015fehrin k\u00fclt\u00fcrel nabz\u0131n\u0131 tutmaya devam ediyor. [&hellip;]<\/p>\n","protected":false},"author":1,"featured_media":21753,"comment_status":"open","ping_status":"open","sticky":false,"template":"","format":"standard","meta":{"_jetpack_memberships_contains_paid_content":false,"footnotes":""},"categories":[2,8],"tags":[],"class_list":["post-21750","post","type-post","status-publish","format-standard","has-post-thumbnail","hentry","category-3-sayfa","category-gundem"],"jetpack_featured_media_url":"https:\/\/elbistanhabermerkezi.com\/wp-content\/uploads\/2025\/10\/Aysegul-Sozen-Dag-1uiuky.jpg","jetpack_sharing_enabled":true,"_links":{"self":[{"href":"https:\/\/elbistanhabermerkezi.com\/index.php\/wp-json\/wp\/v2\/posts\/21750","targetHints":{"allow":["GET"]}}],"collection":[{"href":"https:\/\/elbistanhabermerkezi.com\/index.php\/wp-json\/wp\/v2\/posts"}],"about":[{"href":"https:\/\/elbistanhabermerkezi.com\/index.php\/wp-json\/wp\/v2\/types\/post"}],"author":[{"embeddable":true,"href":"https:\/\/elbistanhabermerkezi.com\/index.php\/wp-json\/wp\/v2\/users\/1"}],"replies":[{"embeddable":true,"href":"https:\/\/elbistanhabermerkezi.com\/index.php\/wp-json\/wp\/v2\/comments?post=21750"}],"version-history":[{"count":1,"href":"https:\/\/elbistanhabermerkezi.com\/index.php\/wp-json\/wp\/v2\/posts\/21750\/revisions"}],"predecessor-version":[{"id":21758,"href":"https:\/\/elbistanhabermerkezi.com\/index.php\/wp-json\/wp\/v2\/posts\/21750\/revisions\/21758"}],"wp:featuredmedia":[{"embeddable":true,"href":"https:\/\/elbistanhabermerkezi.com\/index.php\/wp-json\/wp\/v2\/media\/21753"}],"wp:attachment":[{"href":"https:\/\/elbistanhabermerkezi.com\/index.php\/wp-json\/wp\/v2\/media?parent=21750"}],"wp:term":[{"taxonomy":"category","embeddable":true,"href":"https:\/\/elbistanhabermerkezi.com\/index.php\/wp-json\/wp\/v2\/categories?post=21750"},{"taxonomy":"post_tag","embeddable":true,"href":"https:\/\/elbistanhabermerkezi.com\/index.php\/wp-json\/wp\/v2\/tags?post=21750"}],"curies":[{"name":"wp","href":"https:\/\/api.w.org\/{rel}","templated":true}]}}