{"id":21737,"date":"2025-10-23T10:31:41","date_gmt":"2025-10-23T10:31:41","guid":{"rendered":"https:\/\/elbistanhabermerkezi.com\/?p=21737"},"modified":"2025-10-23T10:31:41","modified_gmt":"2025-10-23T10:31:41","slug":"jandarma-1-haftalik-operasyonlarin-detaylarini-paylasti-3","status":"publish","type":"post","link":"https:\/\/elbistanhabermerkezi.com\/index.php\/2025\/10\/23\/jandarma-1-haftalik-operasyonlarin-detaylarini-paylasti-3\/","title":{"rendered":"Jandarma, 1 haftal\u0131k operasyonlar\u0131n detaylar\u0131n\u0131 payla\u015ft\u0131."},"content":{"rendered":"<p style=\"text-align: justify;\"><strong><img loading=\"lazy\" decoding=\"async\" src=\"https:\/\/elbistanhabermerkezi.com\/wp-content\/uploads\/2024\/01\/halild6.jpg\" alt=\"\" width=\"302\" height=\"202\" \/><\/strong><\/p>\n<p style=\"text-align: justify;\"><strong>\u0130l Jandarma Komutanl\u0131\u011f\u0131nca 15 \u2013 21 Ekim 2025 tarihleri aras\u0131nda \u0130limiz <\/strong><strong>Cumhuriyet Ba\u015fsavc\u0131l\u0131klar\u0131 koordinesinde icra edilen faaliyetlerde; <\/strong><strong>Aranan \u015fah\u0131slara y\u00f6nelik yap\u0131lan operasyonlarda (269) \u015fah\u0131s yakalanarak adli makamlara sevk <\/strong><strong>edilmi\u015f olup, \u00e7e\u015fitli su\u00e7lardan aranan (22) \u015fah\u0131s tutukland\u0131.<\/strong><\/p>\n<p style=\"text-align: justify;\">\n<strong>T\u00fcrko\u011flu il\u00e7esinde \u201cAnayasal D\u00fczeni Ortadan Kald\u0131rmaya Te\u015febb\u00fcs Etme\u201d su\u00e7undan 12 y\u0131l<\/strong><br \/>\n<strong>6 ay kesinle\u015fmi\u015f hapis cezas\u0131 bulunan O.A (E-46) isimli \u015fah\u0131s yakalanarak adli makamlarca<\/strong><br \/>\n<strong>yap\u0131lan i\u015flemlerinin ard\u0131ndan Ceza \u0130nfaz Kurumuna teslim edildi.<\/strong><\/p>\n<p style=\"text-align: justify;\">\n<strong>D\u00fczenlenen operasyonlarda;<\/strong><br \/>\n<strong>\u2022 (3) Adet Tabanca,<\/strong><br \/>\n<strong>\u2022 (1) Adet Av T\u00fcfe\u011fi e<\/strong><strong>le ge\u00e7irildi.<\/strong><\/p>\n<p style=\"text-align: justify;\">\n<strong>Kahramanmara\u015f \u0130l Jandarma Komutanl\u0131\u011f\u0131 TEM \u015eube ekiplerince d\u00fczenlenen operasyonlar<\/strong><br \/>\n<strong>neticesinde; <\/strong><strong>T\u00fcrko\u011flu \u0130l\u00e7esinde 21.10.2025 tarihinde FET\u00d6\/PDY ter\u00f6r \u00f6rg\u00fct\u00fcne \u201cBilerek \u0130steyerek Yard\u0131m<\/strong><br \/>\n<strong>Etme\u201d su\u00e7undan aranan ve hakk\u0131nda 2 y\u0131l 1 ay kesinle\u015fmi\u015f hapis cezas\u0131 bulunan S.A (K-46) isimli<\/strong><br \/>\n<strong>\u015fah\u0131s yakalanarak sevk edildi\u011fi adli makamlarca tutuklanm\u0131\u015f, T\u00fcrko\u011flu L Tipi Kapal\u0131 Ceza \u0130nfaz<\/strong><br \/>\n<strong>Kurumuna sevk edildi.<\/strong><\/p>\n<p style=\"text-align: justify;\">\n<strong>Af\u015fin \u0130l\u00e7esinde DEA\u015e ter\u00f6r \u00f6rg\u00fct\u00fcn\u00fcn faaliyetlerinin de\u015fifre edilmesine y\u00f6nelik yap\u0131lan<\/strong><br \/>\n<strong>operasyonlarda \u201cTer\u00f6r \u00d6rg\u00fct\u00fcne \u00dcye Olma\u201d su\u00e7undan H.A (E-41), H.A (E-39), K.H (E-35),<\/strong><br \/>\n<strong>M.Y (E-37), Y.E (E-28), Y.E.K (E-25) ve H.E (E-42) olmak \u00fczere toplam 7 yabanc\u0131 uyruklu<\/strong><br \/>\n<strong>\u015fah\u0131s g\u00f6zalt\u0131na al\u0131nm\u0131\u015f, evlerinde arama faaliyeti icra edilmi\u015ftir. Bulunan materyallere el<\/strong><br \/>\n<strong>konulmu\u015f, \u015fah\u0131slar hakk\u0131nda ise adli i\u015flemlere ba\u015flan\u0131ld\u0131.<\/strong><\/p>\n<p style=\"text-align: justify;\">\n<strong>D\u00fczenlenen operasyonlarda;<\/strong><br \/>\n<strong>\u2022 (10) Adet Cep Telefonu,<\/strong><br \/>\n<strong>\u2022 (8) Adet Sim Kart,<\/strong><br \/>\n<strong>\u2022 (3) Adet USB Bellek,<\/strong><br \/>\n<strong>\u2022 (1) Adet Laptop ele ge\u00e7irildi.<\/strong><\/p>\n<p style=\"text-align: justify;\"><img loading=\"lazy\" decoding=\"async\" class=\"alignnone size-full wp-image-21738\" src=\"https:\/\/elbistanhabermerkezi.com\/wp-content\/uploads\/2025\/10\/WhatsApp-Image-2025-10-23-at-12.12.27-1.jpeg\" alt=\"\" width=\"971\" height=\"557\" srcset=\"https:\/\/elbistanhabermerkezi.com\/wp-content\/uploads\/2025\/10\/WhatsApp-Image-2025-10-23-at-12.12.27-1.jpeg 971w, https:\/\/elbistanhabermerkezi.com\/wp-content\/uploads\/2025\/10\/WhatsApp-Image-2025-10-23-at-12.12.27-1-600x344.jpeg 600w, https:\/\/elbistanhabermerkezi.com\/wp-content\/uploads\/2025\/10\/WhatsApp-Image-2025-10-23-at-12.12.27-1-768x441.jpeg 768w, https:\/\/elbistanhabermerkezi.com\/wp-content\/uploads\/2025\/10\/WhatsApp-Image-2025-10-23-at-12.12.27-1-171x98.jpeg 171w, https:\/\/elbistanhabermerkezi.com\/wp-content\/uploads\/2025\/10\/WhatsApp-Image-2025-10-23-at-12.12.27-1-270x155.jpeg 270w, https:\/\/elbistanhabermerkezi.com\/wp-content\/uploads\/2025\/10\/WhatsApp-Image-2025-10-23-at-12.12.27-1-376x216.jpeg 376w, https:\/\/elbistanhabermerkezi.com\/wp-content\/uploads\/2025\/10\/WhatsApp-Image-2025-10-23-at-12.12.27-1-781x448.jpeg 781w\" sizes=\"auto, (max-width: 971px) 100vw, 971px\" \/> <img loading=\"lazy\" decoding=\"async\" class=\"alignnone size-full wp-image-21739\" src=\"https:\/\/elbistanhabermerkezi.com\/wp-content\/uploads\/2025\/10\/WhatsApp-Image-2025-10-23-at-12.12.27.jpeg\" alt=\"\" width=\"1600\" height=\"1200\" srcset=\"https:\/\/elbistanhabermerkezi.com\/wp-content\/uploads\/2025\/10\/WhatsApp-Image-2025-10-23-at-12.12.27.jpeg 1600w, https:\/\/elbistanhabermerkezi.com\/wp-content\/uploads\/2025\/10\/WhatsApp-Image-2025-10-23-at-12.12.27-533x400.jpeg 533w, https:\/\/elbistanhabermerkezi.com\/wp-content\/uploads\/2025\/10\/WhatsApp-Image-2025-10-23-at-12.12.27-1024x768.jpeg 1024w, https:\/\/elbistanhabermerkezi.com\/wp-content\/uploads\/2025\/10\/WhatsApp-Image-2025-10-23-at-12.12.27-768x576.jpeg 768w, https:\/\/elbistanhabermerkezi.com\/wp-content\/uploads\/2025\/10\/WhatsApp-Image-2025-10-23-at-12.12.27-1536x1152.jpeg 1536w, https:\/\/elbistanhabermerkezi.com\/wp-content\/uploads\/2025\/10\/WhatsApp-Image-2025-10-23-at-12.12.27-140x105.jpeg 140w, https:\/\/elbistanhabermerkezi.com\/wp-content\/uploads\/2025\/10\/WhatsApp-Image-2025-10-23-at-12.12.27-207x155.jpeg 207w, https:\/\/elbistanhabermerkezi.com\/wp-content\/uploads\/2025\/10\/WhatsApp-Image-2025-10-23-at-12.12.27-295x221.jpeg 295w, https:\/\/elbistanhabermerkezi.com\/wp-content\/uploads\/2025\/10\/WhatsApp-Image-2025-10-23-at-12.12.27-597x448.jpeg 597w\" sizes=\"auto, (max-width: 1600px) 100vw, 1600px\" \/><\/p>\n<p style=\"text-align: justify;\">\n","protected":false},"excerpt":{"rendered":"<p>\u0130l Jandarma Komutanl\u0131\u011f\u0131nca 15 \u2013 21 Ekim 2025 tarihleri aras\u0131nda \u0130limiz Cumhuriyet Ba\u015fsavc\u0131l\u0131klar\u0131 koordinesinde icra edilen faaliyetlerde; Aranan \u015fah\u0131slara y\u00f6nelik yap\u0131lan operasyonlarda (269) \u015fah\u0131s yakalanarak adli makamlara sevk edilmi\u015f olup, \u00e7e\u015fitli su\u00e7lardan aranan (22) \u015fah\u0131s tutukland\u0131. T\u00fcrko\u011flu il\u00e7esinde \u201cAnayasal D\u00fczeni Ortadan Kald\u0131rmaya Te\u015febb\u00fcs Etme\u201d su\u00e7undan 12 y\u0131l 6 ay kesinle\u015fmi\u015f hapis cezas\u0131 bulunan O.A (E-46) [&hellip;]<\/p>\n","protected":false},"author":1,"featured_media":21740,"comment_status":"open","ping_status":"open","sticky":false,"template":"","format":"standard","meta":{"_jetpack_memberships_contains_paid_content":false,"footnotes":""},"categories":[2,678,8],"tags":[],"class_list":["post-21737","post","type-post","status-publish","format-standard","has-post-thumbnail","hentry","category-3-sayfa","category-asayis","category-gundem"],"jetpack_featured_media_url":"https:\/\/elbistanhabermerkezi.com\/wp-content\/uploads\/2025\/10\/WhatsApp-Image-2025-10-23-at-12.12.27-1iop.jpeg","jetpack_sharing_enabled":true,"_links":{"self":[{"href":"https:\/\/elbistanhabermerkezi.com\/index.php\/wp-json\/wp\/v2\/posts\/21737","targetHints":{"allow":["GET"]}}],"collection":[{"href":"https:\/\/elbistanhabermerkezi.com\/index.php\/wp-json\/wp\/v2\/posts"}],"about":[{"href":"https:\/\/elbistanhabermerkezi.com\/index.php\/wp-json\/wp\/v2\/types\/post"}],"author":[{"embeddable":true,"href":"https:\/\/elbistanhabermerkezi.com\/index.php\/wp-json\/wp\/v2\/users\/1"}],"replies":[{"embeddable":true,"href":"https:\/\/elbistanhabermerkezi.com\/index.php\/wp-json\/wp\/v2\/comments?post=21737"}],"version-history":[{"count":1,"href":"https:\/\/elbistanhabermerkezi.com\/index.php\/wp-json\/wp\/v2\/posts\/21737\/revisions"}],"predecessor-version":[{"id":21743,"href":"https:\/\/elbistanhabermerkezi.com\/index.php\/wp-json\/wp\/v2\/posts\/21737\/revisions\/21743"}],"wp:featuredmedia":[{"embeddable":true,"href":"https:\/\/elbistanhabermerkezi.com\/index.php\/wp-json\/wp\/v2\/media\/21740"}],"wp:attachment":[{"href":"https:\/\/elbistanhabermerkezi.com\/index.php\/wp-json\/wp\/v2\/media?parent=21737"}],"wp:term":[{"taxonomy":"category","embeddable":true,"href":"https:\/\/elbistanhabermerkezi.com\/index.php\/wp-json\/wp\/v2\/categories?post=21737"},{"taxonomy":"post_tag","embeddable":true,"href":"https:\/\/elbistanhabermerkezi.com\/index.php\/wp-json\/wp\/v2\/tags?post=21737"}],"curies":[{"name":"wp","href":"https:\/\/api.w.org\/{rel}","templated":true}]}}