{"id":21723,"date":"2025-10-22T12:16:29","date_gmt":"2025-10-22T12:16:29","guid":{"rendered":"https:\/\/elbistanhabermerkezi.com\/?p=21723"},"modified":"2025-10-22T12:16:29","modified_gmt":"2025-10-22T12:16:29","slug":"elbistan-kultur-sanat-dernegi-uyeleri-afsin-muzesi-ve-omeraga-konagini-gezdi","status":"publish","type":"post","link":"https:\/\/elbistanhabermerkezi.com\/index.php\/2025\/10\/22\/elbistan-kultur-sanat-dernegi-uyeleri-afsin-muzesi-ve-omeraga-konagini-gezdi\/","title":{"rendered":"Elbistan K\u00fclt\u00fcr Sanat Derne\u011fi \u00dcyeleri, Af\u015fin M\u00fczesi ve \u00d6mera\u011fa Kona\u011f\u0131n\u0131 gezdi."},"content":{"rendered":"<p style=\"text-align: justify;\"><strong><img loading=\"lazy\" decoding=\"async\" class=\"alignnone size-full wp-image-15355\" src=\"https:\/\/elbistanhabermerkezi.com\/wp-content\/uploads\/2024\/07\/ALIDOGAN.jpg\" alt=\"\" width=\"302\" height=\"302\" srcset=\"https:\/\/elbistanhabermerkezi.com\/wp-content\/uploads\/2024\/07\/ALIDOGAN.jpg 302w, https:\/\/elbistanhabermerkezi.com\/wp-content\/uploads\/2024\/07\/ALIDOGAN-105x105.jpg 105w, https:\/\/elbistanhabermerkezi.com\/wp-content\/uploads\/2024\/07\/ALIDOGAN-155x155.jpg 155w, https:\/\/elbistanhabermerkezi.com\/wp-content\/uploads\/2024\/07\/ALIDOGAN-221x221.jpg 221w\" sizes=\"auto, (max-width: 302px) 100vw, 302px\" \/><\/strong><\/p>\n<p style=\"text-align: justify;\"><strong>Elbistan \u0130l\u00e7emizin en aktif Sivil Toplum Kurulu\u015flar\u0131ndan Elbistan K\u00fclt\u00fcr Sanat Derne\u011fi (EKSADER) taraf\u0131ndan \u00fcyelerinin kat\u0131l\u0131m\u0131 ile kom\u015fu ve karde\u015f il\u00e7e Af\u015fin&#8217;e ziyaret ger\u00e7ekle\u015ftirildi.<\/strong><\/p>\n<p style=\"text-align: justify;\"><strong>Elbistan K\u00fclt\u00fcr Sanat Derne\u011fi (EKSADER) Ba\u015fkan\u0131 Fatma Do\u011fu\u00e7,Ara\u015ft\u0131rmac\u0131-Yazar Orhan Saydam,Yazar Mustafa Boztan ve Dernek \u00fcyelerinin kat\u0131ld\u0131\u011f\u0131 gezi program\u0131 Af\u015fin \u00d6mera\u011fa Kona\u011f\u0131 ile ba\u015flad\u0131.<\/strong><\/p>\n<p style=\"text-align: justify;\"><strong>Burada Kona\u011f\u0131 gezen ve tarihi ile alakal\u0131 bilgi alan Dernek \u00fcyeleri bol bol hat\u0131ra foto\u011fraf\u0131 \u00e7ektirdiler.<\/strong><\/p>\n<p style=\"text-align: justify;\"><strong>Heyet daha sonra Tan\u0131r Mahallesinde bulunan Kral Havuzu (Sahren)&#8217;i gezdi.<\/strong><\/p>\n<p style=\"text-align: justify;\"><strong>Son olarak ise \u0130l\u00e7enin tek \u00f6zel M\u00fczesi olan Merkez Yay\u0131n Grubuna ge\u00e7en Dernek \u00fcyeleri burada Genel Yay\u0131n Y\u00f6netmeni Halil Demir&#8217;den Merkez Yay\u0131n Grubunun yay\u0131n ve faaliyet alanlar\u0131 ile \u015fehrin de\u011ferlerine y\u00f6nelik bilgi ald\u0131lar.<\/strong><\/p>\n<p style=\"text-align: justify;\"><strong>Heyete Ashab-\u0131 Kehf (Ma\u011fara Arkada\u015flar\u0131)&#8217;ndan Yemliha&#8217;da \u00f6zel k\u0131yafeti ile e\u015flik etti.<\/strong><\/p>\n<p style=\"text-align: justify;\"><strong>Ziyaret hat\u0131ra foto\u011fraf\u0131 ile son buldu.<\/strong><\/p>\n<p style=\"text-align: justify;\"><strong><img loading=\"lazy\" decoding=\"async\" class=\"alignnone size-full wp-image-21724\" src=\"https:\/\/elbistanhabermerkezi.com\/wp-content\/uploads\/2025\/10\/IMG_6605.jpg\" alt=\"\" width=\"800\" height=\"533\" srcset=\"https:\/\/elbistanhabermerkezi.com\/wp-content\/uploads\/2025\/10\/IMG_6605.jpg 800w, https:\/\/elbistanhabermerkezi.com\/wp-content\/uploads\/2025\/10\/IMG_6605-600x400.jpg 600w, https:\/\/elbistanhabermerkezi.com\/wp-content\/uploads\/2025\/10\/IMG_6605-768x512.jpg 768w, https:\/\/elbistanhabermerkezi.com\/wp-content\/uploads\/2025\/10\/IMG_6605-158x105.jpg 158w, https:\/\/elbistanhabermerkezi.com\/wp-content\/uploads\/2025\/10\/IMG_6605-233x155.jpg 233w, https:\/\/elbistanhabermerkezi.com\/wp-content\/uploads\/2025\/10\/IMG_6605-332x221.jpg 332w, https:\/\/elbistanhabermerkezi.com\/wp-content\/uploads\/2025\/10\/IMG_6605-672x448.jpg 672w\" sizes=\"auto, (max-width: 800px) 100vw, 800px\" \/> <img loading=\"lazy\" decoding=\"async\" class=\"alignnone size-full wp-image-21725\" src=\"https:\/\/elbistanhabermerkezi.com\/wp-content\/uploads\/2025\/10\/IMG_20251019_141321.jpg\" alt=\"\" width=\"800\" height=\"448\" srcset=\"https:\/\/elbistanhabermerkezi.com\/wp-content\/uploads\/2025\/10\/IMG_20251019_141321.jpg 800w, https:\/\/elbistanhabermerkezi.com\/wp-content\/uploads\/2025\/10\/IMG_20251019_141321-600x336.jpg 600w, https:\/\/elbistanhabermerkezi.com\/wp-content\/uploads\/2025\/10\/IMG_20251019_141321-768x430.jpg 768w, https:\/\/elbistanhabermerkezi.com\/wp-content\/uploads\/2025\/10\/IMG_20251019_141321-171x96.jpg 171w, https:\/\/elbistanhabermerkezi.com\/wp-content\/uploads\/2025\/10\/IMG_20251019_141321-278x155.jpg 278w, https:\/\/elbistanhabermerkezi.com\/wp-content\/uploads\/2025\/10\/IMG_20251019_141321-376x211.jpg 376w, https:\/\/elbistanhabermerkezi.com\/wp-content\/uploads\/2025\/10\/IMG_20251019_141321-796x446.jpg 796w\" sizes=\"auto, (max-width: 800px) 100vw, 800px\" \/> <img loading=\"lazy\" decoding=\"async\" class=\"alignnone size-full wp-image-21729\" src=\"https:\/\/elbistanhabermerkezi.com\/wp-content\/uploads\/2025\/10\/WhatsApp-Image-2025-10-20-at-19.06.50-1.jpeg\" alt=\"\" width=\"800\" height=\"409\" srcset=\"https:\/\/elbistanhabermerkezi.com\/wp-content\/uploads\/2025\/10\/WhatsApp-Image-2025-10-20-at-19.06.50-1.jpeg 800w, https:\/\/elbistanhabermerkezi.com\/wp-content\/uploads\/2025\/10\/WhatsApp-Image-2025-10-20-at-19.06.50-1-600x307.jpeg 600w, https:\/\/elbistanhabermerkezi.com\/wp-content\/uploads\/2025\/10\/WhatsApp-Image-2025-10-20-at-19.06.50-1-768x393.jpeg 768w, https:\/\/elbistanhabermerkezi.com\/wp-content\/uploads\/2025\/10\/WhatsApp-Image-2025-10-20-at-19.06.50-1-171x87.jpeg 171w, https:\/\/elbistanhabermerkezi.com\/wp-content\/uploads\/2025\/10\/WhatsApp-Image-2025-10-20-at-19.06.50-1-278x142.jpeg 278w, https:\/\/elbistanhabermerkezi.com\/wp-content\/uploads\/2025\/10\/WhatsApp-Image-2025-10-20-at-19.06.50-1-376x192.jpeg 376w, https:\/\/elbistanhabermerkezi.com\/wp-content\/uploads\/2025\/10\/WhatsApp-Image-2025-10-20-at-19.06.50-1-796x407.jpeg 796w\" sizes=\"auto, (max-width: 800px) 100vw, 800px\" \/> <img loading=\"lazy\" decoding=\"async\" class=\"alignnone size-full wp-image-21730\" src=\"https:\/\/elbistanhabermerkezi.com\/wp-content\/uploads\/2025\/10\/WhatsApp-Image-2025-10-20-at-19.06.50-2.jpeg\" alt=\"\" width=\"800\" height=\"500\" srcset=\"https:\/\/elbistanhabermerkezi.com\/wp-content\/uploads\/2025\/10\/WhatsApp-Image-2025-10-20-at-19.06.50-2.jpeg 800w, https:\/\/elbistanhabermerkezi.com\/wp-content\/uploads\/2025\/10\/WhatsApp-Image-2025-10-20-at-19.06.50-2-600x375.jpeg 600w, https:\/\/elbistanhabermerkezi.com\/wp-content\/uploads\/2025\/10\/WhatsApp-Image-2025-10-20-at-19.06.50-2-768x480.jpeg 768w, https:\/\/elbistanhabermerkezi.com\/wp-content\/uploads\/2025\/10\/WhatsApp-Image-2025-10-20-at-19.06.50-2-168x105.jpeg 168w, https:\/\/elbistanhabermerkezi.com\/wp-content\/uploads\/2025\/10\/WhatsApp-Image-2025-10-20-at-19.06.50-2-248x155.jpeg 248w, https:\/\/elbistanhabermerkezi.com\/wp-content\/uploads\/2025\/10\/WhatsApp-Image-2025-10-20-at-19.06.50-2-354x221.jpeg 354w, https:\/\/elbistanhabermerkezi.com\/wp-content\/uploads\/2025\/10\/WhatsApp-Image-2025-10-20-at-19.06.50-2-717x448.jpeg 717w\" sizes=\"auto, (max-width: 800px) 100vw, 800px\" \/> <img loading=\"lazy\" decoding=\"async\" class=\"alignnone size-full wp-image-21731\" src=\"https:\/\/elbistanhabermerkezi.com\/wp-content\/uploads\/2025\/10\/WhatsApp-Image-2025-10-20-at-19.06.50-3.jpeg\" alt=\"\" width=\"800\" height=\"491\" srcset=\"https:\/\/elbistanhabermerkezi.com\/wp-content\/uploads\/2025\/10\/WhatsApp-Image-2025-10-20-at-19.06.50-3.jpeg 800w, https:\/\/elbistanhabermerkezi.com\/wp-content\/uploads\/2025\/10\/WhatsApp-Image-2025-10-20-at-19.06.50-3-600x368.jpeg 600w, https:\/\/elbistanhabermerkezi.com\/wp-content\/uploads\/2025\/10\/WhatsApp-Image-2025-10-20-at-19.06.50-3-768x471.jpeg 768w, https:\/\/elbistanhabermerkezi.com\/wp-content\/uploads\/2025\/10\/WhatsApp-Image-2025-10-20-at-19.06.50-3-171x105.jpeg 171w, https:\/\/elbistanhabermerkezi.com\/wp-content\/uploads\/2025\/10\/WhatsApp-Image-2025-10-20-at-19.06.50-3-253x155.jpeg 253w, https:\/\/elbistanhabermerkezi.com\/wp-content\/uploads\/2025\/10\/WhatsApp-Image-2025-10-20-at-19.06.50-3-360x221.jpeg 360w, https:\/\/elbistanhabermerkezi.com\/wp-content\/uploads\/2025\/10\/WhatsApp-Image-2025-10-20-at-19.06.50-3-730x448.jpeg 730w\" sizes=\"auto, (max-width: 800px) 100vw, 800px\" \/> <img loading=\"lazy\" decoding=\"async\" class=\"alignnone size-full wp-image-21732\" src=\"https:\/\/elbistanhabermerkezi.com\/wp-content\/uploads\/2025\/10\/WhatsApp-Image-2025-10-20-at-19.06.50.jpeg\" alt=\"\" width=\"800\" height=\"479\" srcset=\"https:\/\/elbistanhabermerkezi.com\/wp-content\/uploads\/2025\/10\/WhatsApp-Image-2025-10-20-at-19.06.50.jpeg 800w, https:\/\/elbistanhabermerkezi.com\/wp-content\/uploads\/2025\/10\/WhatsApp-Image-2025-10-20-at-19.06.50-600x359.jpeg 600w, https:\/\/elbistanhabermerkezi.com\/wp-content\/uploads\/2025\/10\/WhatsApp-Image-2025-10-20-at-19.06.50-768x460.jpeg 768w, https:\/\/elbistanhabermerkezi.com\/wp-content\/uploads\/2025\/10\/WhatsApp-Image-2025-10-20-at-19.06.50-171x102.jpeg 171w, https:\/\/elbistanhabermerkezi.com\/wp-content\/uploads\/2025\/10\/WhatsApp-Image-2025-10-20-at-19.06.50-259x155.jpeg 259w, https:\/\/elbistanhabermerkezi.com\/wp-content\/uploads\/2025\/10\/WhatsApp-Image-2025-10-20-at-19.06.50-369x221.jpeg 369w, https:\/\/elbistanhabermerkezi.com\/wp-content\/uploads\/2025\/10\/WhatsApp-Image-2025-10-20-at-19.06.50-748x448.jpeg 748w\" sizes=\"auto, (max-width: 800px) 100vw, 800px\" \/><\/strong><\/p>\n","protected":false},"excerpt":{"rendered":"<p>Elbistan \u0130l\u00e7emizin en aktif Sivil Toplum Kurulu\u015flar\u0131ndan Elbistan K\u00fclt\u00fcr Sanat Derne\u011fi (EKSADER) taraf\u0131ndan \u00fcyelerinin kat\u0131l\u0131m\u0131 ile kom\u015fu ve karde\u015f il\u00e7e Af\u015fin&#8217;e ziyaret ger\u00e7ekle\u015ftirildi. Elbistan K\u00fclt\u00fcr Sanat Derne\u011fi (EKSADER) Ba\u015fkan\u0131 Fatma Do\u011fu\u00e7,Ara\u015ft\u0131rmac\u0131-Yazar Orhan Saydam,Yazar Mustafa Boztan ve Dernek \u00fcyelerinin kat\u0131ld\u0131\u011f\u0131 gezi program\u0131 Af\u015fin \u00d6mera\u011fa Kona\u011f\u0131 ile ba\u015flad\u0131. Burada Kona\u011f\u0131 gezen ve tarihi ile alakal\u0131 bilgi alan [&hellip;]<\/p>\n","protected":false},"author":1,"featured_media":21727,"comment_status":"open","ping_status":"open","sticky":false,"template":"","format":"standard","meta":{"_jetpack_memberships_contains_paid_content":false,"footnotes":""},"categories":[2,8],"tags":[],"class_list":["post-21723","post","type-post","status-publish","format-standard","has-post-thumbnail","hentry","category-3-sayfa","category-gundem"],"jetpack_featured_media_url":"https:\/\/elbistanhabermerkezi.com\/wp-content\/uploads\/2025\/10\/IMG_20251019_141333gu.jpg","jetpack_sharing_enabled":true,"_links":{"self":[{"href":"https:\/\/elbistanhabermerkezi.com\/index.php\/wp-json\/wp\/v2\/posts\/21723","targetHints":{"allow":["GET"]}}],"collection":[{"href":"https:\/\/elbistanhabermerkezi.com\/index.php\/wp-json\/wp\/v2\/posts"}],"about":[{"href":"https:\/\/elbistanhabermerkezi.com\/index.php\/wp-json\/wp\/v2\/types\/post"}],"author":[{"embeddable":true,"href":"https:\/\/elbistanhabermerkezi.com\/index.php\/wp-json\/wp\/v2\/users\/1"}],"replies":[{"embeddable":true,"href":"https:\/\/elbistanhabermerkezi.com\/index.php\/wp-json\/wp\/v2\/comments?post=21723"}],"version-history":[{"count":2,"href":"https:\/\/elbistanhabermerkezi.com\/index.php\/wp-json\/wp\/v2\/posts\/21723\/revisions"}],"predecessor-version":[{"id":21734,"href":"https:\/\/elbistanhabermerkezi.com\/index.php\/wp-json\/wp\/v2\/posts\/21723\/revisions\/21734"}],"wp:featuredmedia":[{"embeddable":true,"href":"https:\/\/elbistanhabermerkezi.com\/index.php\/wp-json\/wp\/v2\/media\/21727"}],"wp:attachment":[{"href":"https:\/\/elbistanhabermerkezi.com\/index.php\/wp-json\/wp\/v2\/media?parent=21723"}],"wp:term":[{"taxonomy":"category","embeddable":true,"href":"https:\/\/elbistanhabermerkezi.com\/index.php\/wp-json\/wp\/v2\/categories?post=21723"},{"taxonomy":"post_tag","embeddable":true,"href":"https:\/\/elbistanhabermerkezi.com\/index.php\/wp-json\/wp\/v2\/tags?post=21723"}],"curies":[{"name":"wp","href":"https:\/\/api.w.org\/{rel}","templated":true}]}}