{"id":21702,"date":"2025-10-21T05:52:31","date_gmt":"2025-10-21T05:52:31","guid":{"rendered":"https:\/\/elbistanhabermerkezi.com\/?p=21702"},"modified":"2025-10-21T05:52:31","modified_gmt":"2025-10-21T05:52:31","slug":"kitap-fuarina-yogun-ilgi-ilk-3-gunde-70-bin-ziyaretci","status":"publish","type":"post","link":"https:\/\/elbistanhabermerkezi.com\/index.php\/2025\/10\/21\/kitap-fuarina-yogun-ilgi-ilk-3-gunde-70-bin-ziyaretci\/","title":{"rendered":"Kitap Fuar\u0131\u2019na Yo\u011fun \u0130lgi; \u0130lk 3 G\u00fcnde 70 Bin Ziyaret\u00e7i."},"content":{"rendered":"<p style=\"text-align: justify;\"><img loading=\"lazy\" decoding=\"async\" class=\"alignnone size-full wp-image-15355\" src=\"https:\/\/elbistanhabermerkezi.com\/wp-content\/uploads\/2024\/07\/ALIDOGAN.jpg\" alt=\"\" width=\"302\" height=\"302\" srcset=\"https:\/\/elbistanhabermerkezi.com\/wp-content\/uploads\/2024\/07\/ALIDOGAN.jpg 302w, https:\/\/elbistanhabermerkezi.com\/wp-content\/uploads\/2024\/07\/ALIDOGAN-105x105.jpg 105w, https:\/\/elbistanhabermerkezi.com\/wp-content\/uploads\/2024\/07\/ALIDOGAN-155x155.jpg 155w, https:\/\/elbistanhabermerkezi.com\/wp-content\/uploads\/2024\/07\/ALIDOGAN-221x221.jpg 221w\" sizes=\"auto, (max-width: 302px) 100vw, 302px\" \/><\/p>\n<p style=\"text-align: justify;\"><strong>A\u00e7\u0131ld\u0131\u011f\u0131 g\u00fcnden itibaren okurlar\u0131n bulu\u015fma noktas\u0131 haline gelen 10. Uluslararas\u0131 Kahramanmara\u015f Kitap Fuar\u0131, ziyaret\u00e7i ak\u0131n\u0131na u\u011fruyor. KAFUM\u2019da d\u00fczenlenen fuar\u0131 3 g\u00fcnde 70 bin ki\u015fi ziyaret etti.<\/strong><\/p>\n<p style=\"text-align: justify;\">\n<p style=\"text-align: justify;\">\u015eiir ve edebiyat\u0131n ba\u015fkenti Kahramanmara\u015f, bu y\u0131l bir kez daha kitap kokusuyla doldu. Kahramanmara\u015f B\u00fcy\u00fck\u015fehir Belediyesi taraf\u0131ndan bu y\u0131l 10\u2019uncusu d\u00fczenlenen Uluslararas\u0131 Kahramanmara\u015f Kitap Fuar\u0131, a\u00e7\u0131ld\u0131\u011f\u0131 g\u00fcnden itibaren kitapseverlerin bulu\u015fma noktas\u0131 oldu. 17 Ekim Cuma g\u00fcn\u00fc kap\u0131lar\u0131n\u0131 ziyaret\u00e7ilere a\u00e7an fuar, daha ilk g\u00fcn\u00fcnden b\u00fcy\u00fck bir ilgiyle kar\u015f\u0131la\u015ft\u0131. Hafta sonu da binlerce vatanda\u015f KAFUM\u2019a ak\u0131n ederken, fuar alan\u0131 adeta k\u00fclt\u00fcr ve sanatla dolup ta\u015ft\u0131. 10. Uluslararas\u0131 Kahramanmara\u015f Kitap Fuar\u0131\u2019n\u0131n ilk \u00fc\u00e7 g\u00fcn\u00fcnde 70 bin ki\u015fi fuar\u0131 ziyaret etti. Her ya\u015ftan vatanda\u015f\u0131n yo\u011fun ilgi g\u00f6sterdi\u011fi organizasyon hem \u00e7ocuklar\u0131n hem gen\u00e7lerin hem de yeti\u015fkinlerin k\u00fclt\u00fcrle i\u00e7 i\u00e7e bir hafta sonu ge\u00e7irmesine imk\u00e2n sundu.<\/p>\n<p style=\"text-align: justify;\">\n<p style=\"text-align: justify;\"><strong>K\u00fclt\u00fcr ve Sanat\u0131n Kalbi KAFUM\u2019da At\u0131yor<\/strong><\/p>\n<p style=\"text-align: justify;\">Y\u00fczlerce yay\u0131nevi ve yazar\u0131n yer ald\u0131\u011f\u0131 fuarda, ziyaret\u00e7iler binlerce kitap aras\u0131nda keyifli vakit ge\u00e7irirken, alan\u0131nda uzman isimlerin, \u015fairlerin, yazarlar\u0131n ve fikir insanlar\u0131n\u0131n kat\u0131l\u0131m\u0131yla d\u00fczenlenen s\u00f6yle\u015filer, paneller ve imza g\u00fcnleriyle \u015fehir adeta bir k\u00fclt\u00fcr \u015f\u00f6lenine d\u00f6n\u00fc\u015ft\u00fc. Kahramanmara\u015f\u2019\u0131n edebiyatla \u00f6zde\u015fle\u015fen kimli\u011fini peki\u015ftiren fuar, bu y\u0131l da yaln\u0131zca bir kitap etkinli\u011fi olman\u0131n \u00f6tesinde, \u015fehrin k\u00fclt\u00fcrel haf\u0131zas\u0131n\u0131 canl\u0131 tutan bir bulu\u015fma noktas\u0131 haline geldi.<\/p>\n<p style=\"text-align: justify;\">\n<p style=\"text-align: justify;\"><strong>Fuar 26 Ekim\u2019e Kadar Devam Edecek<\/strong><\/p>\n<p style=\"text-align: justify;\">B\u00fcy\u00fck\u015fehir Belediyesinin ev sahipli\u011finde ger\u00e7ekle\u015ftirilen 10. Uluslararas\u0131 Kitap Fuar\u0131, 26 Ekim Pazar ak\u015fam\u0131na kadar KAFUM\u2019da kitapseverleri a\u011f\u0131rlamaya devam edecek. Yap\u0131lan a\u00e7\u0131klamada, fuara t\u00fcm vatanda\u015flar davet edilirken, etkinlik takvimi ve yazar programlar\u0131na <a href=\"https:\/\/kahramanmaras.bel.tr\/duyuru\/2025\/10\/15\/10-uluslararasi-kahramanmaras-kitap-fuari-etkinlik-takvimi\">https:\/\/kahramanmaras.bel.tr\/duyuru\/2025\/10\/15\/10-uluslararasi-kahramanmaras-kitap-fuari-etkinlik-takvimi<\/a> internet adresinden ula\u015f\u0131labilece\u011fi ifade edildi.<\/p>\n<div id=\"attachment_21703\" style=\"width: 789px\" class=\"wp-caption alignnone\"><img loading=\"lazy\" decoding=\"async\" aria-describedby=\"caption-attachment-21703\" class=\"size-full wp-image-21703\" src=\"https:\/\/elbistanhabermerkezi.com\/wp-content\/uploads\/2025\/10\/Havadan-3i.jpg\" alt=\"\" width=\"779\" height=\"448\" srcset=\"https:\/\/elbistanhabermerkezi.com\/wp-content\/uploads\/2025\/10\/Havadan-3i.jpg 779w, https:\/\/elbistanhabermerkezi.com\/wp-content\/uploads\/2025\/10\/Havadan-3i-600x345.jpg 600w, https:\/\/elbistanhabermerkezi.com\/wp-content\/uploads\/2025\/10\/Havadan-3i-768x442.jpg 768w, https:\/\/elbistanhabermerkezi.com\/wp-content\/uploads\/2025\/10\/Havadan-3i-171x98.jpg 171w, https:\/\/elbistanhabermerkezi.com\/wp-content\/uploads\/2025\/10\/Havadan-3i-270x155.jpg 270w, https:\/\/elbistanhabermerkezi.com\/wp-content\/uploads\/2025\/10\/Havadan-3i-376x216.jpg 376w\" sizes=\"auto, (max-width: 779px) 100vw, 779px\" \/><p id=\"caption-attachment-21703\" class=\"wp-caption-text\">default<\/p><\/div>\n<div id=\"attachment_21706\" style=\"width: 610px\" class=\"wp-caption alignnone\"><img loading=\"lazy\" decoding=\"async\" aria-describedby=\"caption-attachment-21706\" class=\"size-full wp-image-21706\" src=\"https:\/\/elbistanhabermerkezi.com\/wp-content\/uploads\/2025\/10\/Havadan-5.jpg\" alt=\"\" width=\"600\" height=\"338\" srcset=\"https:\/\/elbistanhabermerkezi.com\/wp-content\/uploads\/2025\/10\/Havadan-5.jpg 600w, https:\/\/elbistanhabermerkezi.com\/wp-content\/uploads\/2025\/10\/Havadan-5-171x96.jpg 171w, https:\/\/elbistanhabermerkezi.com\/wp-content\/uploads\/2025\/10\/Havadan-5-275x155.jpg 275w, https:\/\/elbistanhabermerkezi.com\/wp-content\/uploads\/2025\/10\/Havadan-5-376x212.jpg 376w\" sizes=\"auto, (max-width: 600px) 100vw, 600px\" \/><p id=\"caption-attachment-21706\" class=\"wp-caption-text\">default<\/p><\/div>\n<div id=\"attachment_21707\" style=\"width: 610px\" class=\"wp-caption alignnone\"><img loading=\"lazy\" decoding=\"async\" aria-describedby=\"caption-attachment-21707\" class=\"size-full wp-image-21707\" src=\"https:\/\/elbistanhabermerkezi.com\/wp-content\/uploads\/2025\/10\/Havadan-6.jpg\" alt=\"\" width=\"600\" height=\"338\" srcset=\"https:\/\/elbistanhabermerkezi.com\/wp-content\/uploads\/2025\/10\/Havadan-6.jpg 600w, https:\/\/elbistanhabermerkezi.com\/wp-content\/uploads\/2025\/10\/Havadan-6-171x96.jpg 171w, https:\/\/elbistanhabermerkezi.com\/wp-content\/uploads\/2025\/10\/Havadan-6-275x155.jpg 275w, https:\/\/elbistanhabermerkezi.com\/wp-content\/uploads\/2025\/10\/Havadan-6-376x212.jpg 376w\" sizes=\"auto, (max-width: 600px) 100vw, 600px\" \/><p id=\"caption-attachment-21707\" class=\"wp-caption-text\">default<\/p><\/div>\n<p style=\"text-align: justify;\"><img loading=\"lazy\" decoding=\"async\" class=\"alignnone size-full wp-image-21708\" src=\"https:\/\/elbistanhabermerkezi.com\/wp-content\/uploads\/2025\/10\/Nuri-Pakdil-Anma-1.jpg\" alt=\"\" width=\"600\" height=\"338\" srcset=\"https:\/\/elbistanhabermerkezi.com\/wp-content\/uploads\/2025\/10\/Nuri-Pakdil-Anma-1.jpg 600w, https:\/\/elbistanhabermerkezi.com\/wp-content\/uploads\/2025\/10\/Nuri-Pakdil-Anma-1-171x96.jpg 171w, https:\/\/elbistanhabermerkezi.com\/wp-content\/uploads\/2025\/10\/Nuri-Pakdil-Anma-1-275x155.jpg 275w, https:\/\/elbistanhabermerkezi.com\/wp-content\/uploads\/2025\/10\/Nuri-Pakdil-Anma-1-376x212.jpg 376w\" sizes=\"auto, (max-width: 600px) 100vw, 600px\" \/><\/p>\n","protected":false},"excerpt":{"rendered":"<p>A\u00e7\u0131ld\u0131\u011f\u0131 g\u00fcnden itibaren okurlar\u0131n bulu\u015fma noktas\u0131 haline gelen 10. Uluslararas\u0131 Kahramanmara\u015f Kitap Fuar\u0131, ziyaret\u00e7i ak\u0131n\u0131na u\u011fruyor. KAFUM\u2019da d\u00fczenlenen fuar\u0131 3 g\u00fcnde 70 bin ki\u015fi ziyaret etti. \u015eiir ve edebiyat\u0131n ba\u015fkenti Kahramanmara\u015f, bu y\u0131l bir kez daha kitap kokusuyla doldu. Kahramanmara\u015f B\u00fcy\u00fck\u015fehir Belediyesi taraf\u0131ndan bu y\u0131l 10\u2019uncusu d\u00fczenlenen Uluslararas\u0131 Kahramanmara\u015f Kitap Fuar\u0131, a\u00e7\u0131ld\u0131\u011f\u0131 g\u00fcnden itibaren kitapseverlerin [&hellip;]<\/p>\n","protected":false},"author":1,"featured_media":21704,"comment_status":"open","ping_status":"open","sticky":false,"template":"","format":"standard","meta":{"_jetpack_memberships_contains_paid_content":false,"footnotes":""},"categories":[2,8],"tags":[],"class_list":["post-21702","post","type-post","status-publish","format-standard","has-post-thumbnail","hentry","category-3-sayfa","category-gundem"],"jetpack_featured_media_url":"https:\/\/elbistanhabermerkezi.com\/wp-content\/uploads\/2025\/10\/Havadan-3i8.jpg","jetpack_sharing_enabled":true,"_links":{"self":[{"href":"https:\/\/elbistanhabermerkezi.com\/index.php\/wp-json\/wp\/v2\/posts\/21702","targetHints":{"allow":["GET"]}}],"collection":[{"href":"https:\/\/elbistanhabermerkezi.com\/index.php\/wp-json\/wp\/v2\/posts"}],"about":[{"href":"https:\/\/elbistanhabermerkezi.com\/index.php\/wp-json\/wp\/v2\/types\/post"}],"author":[{"embeddable":true,"href":"https:\/\/elbistanhabermerkezi.com\/index.php\/wp-json\/wp\/v2\/users\/1"}],"replies":[{"embeddable":true,"href":"https:\/\/elbistanhabermerkezi.com\/index.php\/wp-json\/wp\/v2\/comments?post=21702"}],"version-history":[{"count":1,"href":"https:\/\/elbistanhabermerkezi.com\/index.php\/wp-json\/wp\/v2\/posts\/21702\/revisions"}],"predecessor-version":[{"id":21709,"href":"https:\/\/elbistanhabermerkezi.com\/index.php\/wp-json\/wp\/v2\/posts\/21702\/revisions\/21709"}],"wp:featuredmedia":[{"embeddable":true,"href":"https:\/\/elbistanhabermerkezi.com\/index.php\/wp-json\/wp\/v2\/media\/21704"}],"wp:attachment":[{"href":"https:\/\/elbistanhabermerkezi.com\/index.php\/wp-json\/wp\/v2\/media?parent=21702"}],"wp:term":[{"taxonomy":"category","embeddable":true,"href":"https:\/\/elbistanhabermerkezi.com\/index.php\/wp-json\/wp\/v2\/categories?post=21702"},{"taxonomy":"post_tag","embeddable":true,"href":"https:\/\/elbistanhabermerkezi.com\/index.php\/wp-json\/wp\/v2\/tags?post=21702"}],"curies":[{"name":"wp","href":"https:\/\/api.w.org\/{rel}","templated":true}]}}