{"id":21658,"date":"2025-10-18T07:03:18","date_gmt":"2025-10-18T07:03:18","guid":{"rendered":"https:\/\/elbistanhabermerkezi.com\/?p=21658"},"modified":"2025-10-20T06:16:29","modified_gmt":"2025-10-20T06:16:29","slug":"elbistanda-hafta-sonu-nobetci-eczaneler-18-19-ekim-2025","status":"publish","type":"post","link":"https:\/\/elbistanhabermerkezi.com\/index.php\/2025\/10\/18\/elbistanda-hafta-sonu-nobetci-eczaneler-18-19-ekim-2025\/","title":{"rendered":"Elbistan&#8217;da Hafta Sonu N\u00f6bet\u00e7i Eczaneler\/18-19 Ekim 2025"},"content":{"rendered":"<p style=\"text-align: justify;\"><strong>18 EK\u0130M 2025 CUMARTES\u0130<\/strong><\/p>\n<p style=\"text-align: justify;\"><img loading=\"lazy\" decoding=\"async\" class=\"alignnone size-full wp-image-2075\" src=\"https:\/\/elbistanhabermerkezi.com\/wp-content\/uploads\/2022\/04\/GUVENAY.jpg\" alt=\"\" width=\"600\" height=\"375\" srcset=\"https:\/\/elbistanhabermerkezi.com\/wp-content\/uploads\/2022\/04\/GUVENAY.jpg 600w, https:\/\/elbistanhabermerkezi.com\/wp-content\/uploads\/2022\/04\/GUVENAY-168x105.jpg 168w, https:\/\/elbistanhabermerkezi.com\/wp-content\/uploads\/2022\/04\/GUVENAY-248x155.jpg 248w, https:\/\/elbistanhabermerkezi.com\/wp-content\/uploads\/2022\/04\/GUVENAY-354x221.jpg 354w\" sizes=\"auto, (max-width: 600px) 100vw, 600px\" \/><img loading=\"lazy\" decoding=\"async\" class=\"alignnone size-full wp-image-8171\" src=\"https:\/\/elbistanhabermerkezi.com\/wp-content\/uploads\/2023\/01\/HAN.jpg\" alt=\"\" width=\"600\" height=\"375\" srcset=\"https:\/\/elbistanhabermerkezi.com\/wp-content\/uploads\/2023\/01\/HAN.jpg 600w, https:\/\/elbistanhabermerkezi.com\/wp-content\/uploads\/2023\/01\/HAN-168x105.jpg 168w, https:\/\/elbistanhabermerkezi.com\/wp-content\/uploads\/2023\/01\/HAN-248x155.jpg 248w, https:\/\/elbistanhabermerkezi.com\/wp-content\/uploads\/2023\/01\/HAN-354x221.jpg 354w\" sizes=\"auto, (max-width: 600px) 100vw, 600px\" \/><\/p>\n<p style=\"text-align: justify;\"><strong>19 EK\u0130M 2025 PAZAR<\/strong><\/p>\n<p style=\"text-align: justify;\"><img loading=\"lazy\" decoding=\"async\" class=\"alignnone size-full wp-image-1409\" src=\"https:\/\/elbistanhabermerkezi.com\/wp-content\/uploads\/2022\/03\/DILEK.jpg\" alt=\"\" width=\"600\" height=\"375\" srcset=\"https:\/\/elbistanhabermerkezi.com\/wp-content\/uploads\/2022\/03\/DILEK.jpg 600w, https:\/\/elbistanhabermerkezi.com\/wp-content\/uploads\/2022\/03\/DILEK-168x105.jpg 168w, https:\/\/elbistanhabermerkezi.com\/wp-content\/uploads\/2022\/03\/DILEK-248x155.jpg 248w, https:\/\/elbistanhabermerkezi.com\/wp-content\/uploads\/2022\/03\/DILEK-354x221.jpg 354w\" sizes=\"auto, (max-width: 600px) 100vw, 600px\" \/><img loading=\"lazy\" decoding=\"async\" class=\"alignnone size-full wp-image-18203\" src=\"https:\/\/elbistanhabermerkezi.com\/wp-content\/uploads\/2025\/01\/KAYAALP.jpg\" alt=\"\" width=\"600\" height=\"375\" srcset=\"https:\/\/elbistanhabermerkezi.com\/wp-content\/uploads\/2025\/01\/KAYAALP.jpg 600w, https:\/\/elbistanhabermerkezi.com\/wp-content\/uploads\/2025\/01\/KAYAALP-168x105.jpg 168w, https:\/\/elbistanhabermerkezi.com\/wp-content\/uploads\/2025\/01\/KAYAALP-248x155.jpg 248w, https:\/\/elbistanhabermerkezi.com\/wp-content\/uploads\/2025\/01\/KAYAALP-354x221.jpg 354w\" sizes=\"auto, (max-width: 600px) 100vw, 600px\" \/><\/p>\n","protected":false},"excerpt":{"rendered":"<p>18 EK\u0130M 2025 CUMARTES\u0130 19 EK\u0130M 2025 PAZAR<\/p>\n","protected":false},"author":1,"featured_media":12698,"comment_status":"open","ping_status":"open","sticky":false,"template":"","format":"standard","meta":{"_jetpack_memberships_contains_paid_content":false,"footnotes":""},"categories":[2,8,11],"tags":[],"class_list":["post-21658","post","type-post","status-publish","format-standard","has-post-thumbnail","hentry","category-3-sayfa","category-gundem","category-saglik"],"jetpack_featured_media_url":"https:\/\/elbistanhabermerkezi.com\/wp-content\/uploads\/2024\/01\/NOBETCI3haftaa.jpg","jetpack_sharing_enabled":true,"_links":{"self":[{"href":"https:\/\/elbistanhabermerkezi.com\/index.php\/wp-json\/wp\/v2\/posts\/21658","targetHints":{"allow":["GET"]}}],"collection":[{"href":"https:\/\/elbistanhabermerkezi.com\/index.php\/wp-json\/wp\/v2\/posts"}],"about":[{"href":"https:\/\/elbistanhabermerkezi.com\/index.php\/wp-json\/wp\/v2\/types\/post"}],"author":[{"embeddable":true,"href":"https:\/\/elbistanhabermerkezi.com\/index.php\/wp-json\/wp\/v2\/users\/1"}],"replies":[{"embeddable":true,"href":"https:\/\/elbistanhabermerkezi.com\/index.php\/wp-json\/wp\/v2\/comments?post=21658"}],"version-history":[{"count":1,"href":"https:\/\/elbistanhabermerkezi.com\/index.php\/wp-json\/wp\/v2\/posts\/21658\/revisions"}],"predecessor-version":[{"id":21659,"href":"https:\/\/elbistanhabermerkezi.com\/index.php\/wp-json\/wp\/v2\/posts\/21658\/revisions\/21659"}],"wp:featuredmedia":[{"embeddable":true,"href":"https:\/\/elbistanhabermerkezi.com\/index.php\/wp-json\/wp\/v2\/media\/12698"}],"wp:attachment":[{"href":"https:\/\/elbistanhabermerkezi.com\/index.php\/wp-json\/wp\/v2\/media?parent=21658"}],"wp:term":[{"taxonomy":"category","embeddable":true,"href":"https:\/\/elbistanhabermerkezi.com\/index.php\/wp-json\/wp\/v2\/categories?post=21658"},{"taxonomy":"post_tag","embeddable":true,"href":"https:\/\/elbistanhabermerkezi.com\/index.php\/wp-json\/wp\/v2\/tags?post=21658"}],"curies":[{"name":"wp","href":"https:\/\/api.w.org\/{rel}","templated":true}]}}