{"id":21651,"date":"2025-10-17T12:55:12","date_gmt":"2025-10-17T12:55:12","guid":{"rendered":"https:\/\/elbistanhabermerkezi.com\/?p=21651"},"modified":"2025-10-17T12:55:44","modified_gmt":"2025-10-17T12:55:44","slug":"bahaettin-karakoc-vefatinin-yil-donumunde-kitap-fuarinda-anilacak","status":"publish","type":"post","link":"https:\/\/elbistanhabermerkezi.com\/index.php\/2025\/10\/17\/bahaettin-karakoc-vefatinin-yil-donumunde-kitap-fuarinda-anilacak\/","title":{"rendered":"Bahaettin Karako\u00e7, Vefat\u0131n\u0131n Y\u0131l D\u00f6n\u00fcm\u00fcnde Kitap Fuar\u0131\u2019nda An\u0131lacak."},"content":{"rendered":"<p style=\"text-align: justify;\"><img loading=\"lazy\" decoding=\"async\" class=\"alignnone size-full wp-image-15355\" src=\"https:\/\/elbistanhabermerkezi.com\/wp-content\/uploads\/2024\/07\/ALIDOGAN.jpg\" alt=\"\" width=\"302\" height=\"302\" srcset=\"https:\/\/elbistanhabermerkezi.com\/wp-content\/uploads\/2024\/07\/ALIDOGAN.jpg 302w, https:\/\/elbistanhabermerkezi.com\/wp-content\/uploads\/2024\/07\/ALIDOGAN-105x105.jpg 105w, https:\/\/elbistanhabermerkezi.com\/wp-content\/uploads\/2024\/07\/ALIDOGAN-155x155.jpg 155w, https:\/\/elbistanhabermerkezi.com\/wp-content\/uploads\/2024\/07\/ALIDOGAN-221x221.jpg 221w\" sizes=\"auto, (max-width: 302px) 100vw, 302px\" \/><\/p>\n<p style=\"text-align: justify;\"><strong>Kahramanmara\u015f\u2019\u0131n yeti\u015ftirdi\u011fi en \u00f6nemli edebiyat\u00e7\u0131lardan Bahaettin Karako\u00e7, vefat\u0131n\u0131n y\u0131l d\u00f6n\u00fcm\u00fc dolay\u0131s\u0131yla 19 Ekim Pazar g\u00fcn\u00fc 10. Uluslararas\u0131 Kahramanmara\u015f Kitap Fuar\u0131\u2019nda d\u00fczenlenecek programla yad edilecek. KAFUM\u2019da d\u00fczenlenecek program saat 18.00\u2019da ba\u015flayacak.<\/strong><\/p>\n<p style=\"text-align: justify;\">Kahramanmara\u015f B\u00fcy\u00fck\u015fehir Belediyesi, \u015fehirde k\u00fclt\u00fcr ve sanat faaliyetlerini kesintisiz s\u00fcrd\u00fcrmeye devam ediyor. Bu kapsamda, Kahramanmara\u015f\u2019\u0131n yeti\u015ftirdi\u011fi en \u00f6nemli edebiyat\u00e7\u0131lardan Bahaettin Karako\u00e7\u2019un vefat\u0131n\u0131n y\u0131l d\u00f6n\u00fcm\u00fc dolay\u0131s\u0131yla anlaml\u0131 bir anma program\u0131 d\u00fczenlenecek. 19 Ekim Pazar g\u00fcn\u00fc 10. Uluslararas\u0131 Kahramanmara\u015f Kitap Fuar\u0131 kapsam\u0131nda ger\u00e7ekle\u015ftirilecek programda, usta \u015fair Bahaettin Karako\u00e7\u2019un edebiyat d\u00fcnyas\u0131na katt\u0131\u011f\u0131 de\u011ferler bir kez daha hat\u0131rlanacak. Fuar alan\u0131nda saat 18.00\u2019da ba\u015flayacak etkinlikte; edebiyat d\u00fcnyas\u0131n\u0131n tan\u0131nm\u0131\u015f isimleri Mustafa K\u00f6k, Yasin Morta\u015f ve Tayyip Atmaca bir araya gelecek. Programda konu\u015fmac\u0131lar, Bahaettin Karako\u00e7\u2019un \u015fiir anlay\u0131\u015f\u0131n\u0131, yaz\u0131 hayat\u0131ndaki duru\u015funu, T\u00fcrk edebiyat\u0131na kazand\u0131rd\u0131\u011f\u0131 eserleri ve insan olarak \u00f6rnek ki\u015fili\u011fini farkl\u0131 y\u00f6nleriyle ele alacak. B\u00fcy\u00fck\u015fehir Belediyesinden yap\u0131lan a\u00e7\u0131klamada, \u201c\u015eehrimizin yeti\u015ftirdi\u011fi de\u011ferli edebiyat\u00e7\u0131 ve \u015fair Bahaettin Karako\u00e7\u2019u vefat\u0131n\u0131n y\u0131l d\u00f6n\u00fcm\u00fcnde rahmetle ve minnetle an\u0131yoruz. T\u00fcm hem\u015fehrilerimizi bu anlaml\u0131 programa davet ediyoruz\u201d ifadeleri kullan\u0131ld\u0131.<\/p>\n<p style=\"text-align: justify;\"><img loading=\"lazy\" decoding=\"async\" class=\"alignnone size-full wp-image-21652\" src=\"https:\/\/elbistanhabermerkezi.com\/wp-content\/uploads\/2025\/10\/Bahaettin-Karakoc.jpeg\" alt=\"\" width=\"700\" height=\"875\" srcset=\"https:\/\/elbistanhabermerkezi.com\/wp-content\/uploads\/2025\/10\/Bahaettin-Karakoc.jpeg 700w, https:\/\/elbistanhabermerkezi.com\/wp-content\/uploads\/2025\/10\/Bahaettin-Karakoc-320x400.jpeg 320w, https:\/\/elbistanhabermerkezi.com\/wp-content\/uploads\/2025\/10\/Bahaettin-Karakoc-84x105.jpeg 84w, https:\/\/elbistanhabermerkezi.com\/wp-content\/uploads\/2025\/10\/Bahaettin-Karakoc-124x155.jpeg 124w, https:\/\/elbistanhabermerkezi.com\/wp-content\/uploads\/2025\/10\/Bahaettin-Karakoc-177x221.jpeg 177w, https:\/\/elbistanhabermerkezi.com\/wp-content\/uploads\/2025\/10\/Bahaettin-Karakoc-358x448.jpeg 358w\" sizes=\"auto, (max-width: 700px) 100vw, 700px\" \/><\/p>\n","protected":false},"excerpt":{"rendered":"<p>Kahramanmara\u015f\u2019\u0131n yeti\u015ftirdi\u011fi en \u00f6nemli edebiyat\u00e7\u0131lardan Bahaettin Karako\u00e7, vefat\u0131n\u0131n y\u0131l d\u00f6n\u00fcm\u00fc dolay\u0131s\u0131yla 19 Ekim Pazar g\u00fcn\u00fc 10. Uluslararas\u0131 Kahramanmara\u015f Kitap Fuar\u0131\u2019nda d\u00fczenlenecek programla yad edilecek. KAFUM\u2019da d\u00fczenlenecek program saat 18.00\u2019da ba\u015flayacak. Kahramanmara\u015f B\u00fcy\u00fck\u015fehir Belediyesi, \u015fehirde k\u00fclt\u00fcr ve sanat faaliyetlerini kesintisiz s\u00fcrd\u00fcrmeye devam ediyor. Bu kapsamda, Kahramanmara\u015f\u2019\u0131n yeti\u015ftirdi\u011fi en \u00f6nemli edebiyat\u00e7\u0131lardan Bahaettin Karako\u00e7\u2019un vefat\u0131n\u0131n y\u0131l d\u00f6n\u00fcm\u00fc dolay\u0131s\u0131yla [&hellip;]<\/p>\n","protected":false},"author":1,"featured_media":21654,"comment_status":"open","ping_status":"open","sticky":false,"template":"","format":"standard","meta":{"_jetpack_memberships_contains_paid_content":false,"footnotes":""},"categories":[2,8],"tags":[],"class_list":["post-21651","post","type-post","status-publish","format-standard","has-post-thumbnail","hentry","category-3-sayfa","category-gundem"],"jetpack_featured_media_url":"https:\/\/elbistanhabermerkezi.com\/wp-content\/uploads\/2025\/10\/Bahaettin-KarakocUY.jpeg","jetpack_sharing_enabled":true,"_links":{"self":[{"href":"https:\/\/elbistanhabermerkezi.com\/index.php\/wp-json\/wp\/v2\/posts\/21651","targetHints":{"allow":["GET"]}}],"collection":[{"href":"https:\/\/elbistanhabermerkezi.com\/index.php\/wp-json\/wp\/v2\/posts"}],"about":[{"href":"https:\/\/elbistanhabermerkezi.com\/index.php\/wp-json\/wp\/v2\/types\/post"}],"author":[{"embeddable":true,"href":"https:\/\/elbistanhabermerkezi.com\/index.php\/wp-json\/wp\/v2\/users\/1"}],"replies":[{"embeddable":true,"href":"https:\/\/elbistanhabermerkezi.com\/index.php\/wp-json\/wp\/v2\/comments?post=21651"}],"version-history":[{"count":2,"href":"https:\/\/elbistanhabermerkezi.com\/index.php\/wp-json\/wp\/v2\/posts\/21651\/revisions"}],"predecessor-version":[{"id":21657,"href":"https:\/\/elbistanhabermerkezi.com\/index.php\/wp-json\/wp\/v2\/posts\/21651\/revisions\/21657"}],"wp:featuredmedia":[{"embeddable":true,"href":"https:\/\/elbistanhabermerkezi.com\/index.php\/wp-json\/wp\/v2\/media\/21654"}],"wp:attachment":[{"href":"https:\/\/elbistanhabermerkezi.com\/index.php\/wp-json\/wp\/v2\/media?parent=21651"}],"wp:term":[{"taxonomy":"category","embeddable":true,"href":"https:\/\/elbistanhabermerkezi.com\/index.php\/wp-json\/wp\/v2\/categories?post=21651"},{"taxonomy":"post_tag","embeddable":true,"href":"https:\/\/elbistanhabermerkezi.com\/index.php\/wp-json\/wp\/v2\/tags?post=21651"}],"curies":[{"name":"wp","href":"https:\/\/api.w.org\/{rel}","templated":true}]}}