{"id":21627,"date":"2025-10-15T15:48:15","date_gmt":"2025-10-15T15:48:15","guid":{"rendered":"https:\/\/elbistanhabermerkezi.com\/?p=21627"},"modified":"2025-10-15T15:48:15","modified_gmt":"2025-10-15T15:48:15","slug":"kahramanmaras-genelinde-26-bin-675-arac-denetlendi","status":"publish","type":"post","link":"https:\/\/elbistanhabermerkezi.com\/index.php\/2025\/10\/15\/kahramanmaras-genelinde-26-bin-675-arac-denetlendi\/","title":{"rendered":"Kahramanmara\u015f genelinde 26 Bin 675 Ara\u00e7 denetlendi."},"content":{"rendered":"<div style=\"text-align: justify;\"><strong><img loading=\"lazy\" decoding=\"async\" src=\"https:\/\/elbistanhabermerkezi.com\/wp-content\/uploads\/2024\/01\/halild6.jpg\" alt=\"\" width=\"302\" height=\"202\" \/><\/strong><\/div>\n<div style=\"text-align: justify;\"><\/div>\n<div style=\"text-align: justify;\"><strong>Kahramanmara\u015f \u0130l Jandarma Komutanl\u0131\u011f\u0131nca 08 \u2013 14 Ekim 2025 tarihleri aras\u0131nda icra edilen<\/strong><\/div>\n<div style=\"text-align: justify;\"><strong>faaliyetlerde;<\/strong><\/div>\n<div style=\"text-align: justify;\"><strong>Trafik Jandarmas\u0131 Timleri taraf\u0131ndan; 26.675\u00a0 ara\u00e7 ve s\u00fcr\u00fcc\u00fc kontrol edildi.<\/strong><\/div>\n<div><\/div>\n<div style=\"text-align: justify;\"><strong>Kahramanmara\u015f \u0130l Jandarma Komutanl\u0131\u011f\u0131 trafik sorumluluk sahas\u0131nda meydana gelen son<\/strong><\/div>\n<div style=\"text-align: justify;\"><strong>\u00f6l\u00fcml\u00fc kazalara motosiklet t\u00fcr\u00fc ara\u00e7lar\u0131n kar\u0131\u015ft\u0131\u011f\u0131 tespit edilmi\u015ftir. Bu kapsamda, motosiklet s\u00fcr\u00fcc\u00fcs\u00fc<\/strong><\/div>\n<div style=\"text-align: justify;\"><strong>ve yolcular\u0131n\u0131n trafik kazalar\u0131ndaki \u00f6l\u00fcm ve yaralanma oran\u0131n\u0131n di\u011fer ara\u00e7lara g\u00f6re \u00e7ok daha fazla<\/strong><\/div>\n<div style=\"text-align: justify;\"><strong>oldu\u011fu, trafikte motosiklet t\u00fcr\u00fc ara\u00e7lar\u0131n s\u00fcr\u00fcc\u00fc ve yolcular\u0131na hassasiyet g\u00f6sterilmesi gerekmektedir.<\/strong><\/div>\n<div style=\"text-align: justify;\"><strong>Motosiklet s\u00fcr\u00fcc\u00fc ve yolcular\u0131n\u0131n da kask, koruma g\u00f6zl\u00fc\u011f\u00fc ve koruyucu ekipmanlar\u0131 kullanmas\u0131 ve h\u0131z<\/strong><\/div>\n<div style=\"text-align: justify;\"><strong>kural\u0131 ba\u015fta olmak \u00fczere trafik kurallar\u0131na riayet etmeleri \u00f6nem arz ediyor.<\/strong><\/div>\n<div><\/div>\n<div style=\"text-align: justify;\"><strong>Bilgilendirme faaliyetleri kapsam\u0131nda; (980) yol kullan\u0131c\u0131s\u0131na trafik g\u00fcvenli\u011fi konusunda<\/strong><\/div>\n<div style=\"text-align: justify;\"><strong>bilgilendirme yap\u0131ld\u0131.<\/strong><\/div>\n<div><\/div>\n<div style=\"text-align: justify;\"><strong>Trafik Jandarmas\u0131 Timleri taraf\u0131ndan sorumluluk saham\u0131zda bulunan okullardaki \u00f6\u011frencilere<\/strong><\/div>\n<div style=\"text-align: justify;\"><strong>mobil trafik e\u011fitim arac\u0131 kullan\u0131larak bisiklet kullan\u0131rken ve yaya ge\u00e7itlerini kullan\u0131rken dikkat<\/strong><\/div>\n<div style=\"text-align: justify;\"><strong>edilmesi gereken hususlar hakk\u0131nda uygulamal\u0131 e\u011fitim verilmi\u015ftir. Faaliyet s\u0131ras\u0131nda \u00e7ocuklara hikaye<\/strong><\/div>\n<div style=\"text-align: justify;\"><strong>kitab\u0131 ve boyama kitaplar\u0131 gibi hediyeler da\u011f\u0131t\u0131ld\u0131.<\/strong><\/div>\n<div><\/div>\n<div style=\"text-align: justify;\"><img loading=\"lazy\" decoding=\"async\" class=\"alignnone size-full wp-image-21628\" src=\"https:\/\/elbistanhabermerkezi.com\/wp-content\/uploads\/2025\/10\/WhatsApp-Image-2025-10-15-at-16.39.43-1.jpeg\" alt=\"\" width=\"1600\" height=\"900\" srcset=\"https:\/\/elbistanhabermerkezi.com\/wp-content\/uploads\/2025\/10\/WhatsApp-Image-2025-10-15-at-16.39.43-1.jpeg 1600w, https:\/\/elbistanhabermerkezi.com\/wp-content\/uploads\/2025\/10\/WhatsApp-Image-2025-10-15-at-16.39.43-1-600x338.jpeg 600w, https:\/\/elbistanhabermerkezi.com\/wp-content\/uploads\/2025\/10\/WhatsApp-Image-2025-10-15-at-16.39.43-1-1024x576.jpeg 1024w, https:\/\/elbistanhabermerkezi.com\/wp-content\/uploads\/2025\/10\/WhatsApp-Image-2025-10-15-at-16.39.43-1-768x432.jpeg 768w, https:\/\/elbistanhabermerkezi.com\/wp-content\/uploads\/2025\/10\/WhatsApp-Image-2025-10-15-at-16.39.43-1-1536x864.jpeg 1536w, https:\/\/elbistanhabermerkezi.com\/wp-content\/uploads\/2025\/10\/WhatsApp-Image-2025-10-15-at-16.39.43-1-171x96.jpeg 171w, https:\/\/elbistanhabermerkezi.com\/wp-content\/uploads\/2025\/10\/WhatsApp-Image-2025-10-15-at-16.39.43-1-276x155.jpeg 276w, https:\/\/elbistanhabermerkezi.com\/wp-content\/uploads\/2025\/10\/WhatsApp-Image-2025-10-15-at-16.39.43-1-376x212.jpeg 376w, https:\/\/elbistanhabermerkezi.com\/wp-content\/uploads\/2025\/10\/WhatsApp-Image-2025-10-15-at-16.39.43-1-796x448.jpeg 796w\" sizes=\"auto, (max-width: 1600px) 100vw, 1600px\" \/> <img loading=\"lazy\" decoding=\"async\" class=\"alignnone size-full wp-image-21629\" src=\"https:\/\/elbistanhabermerkezi.com\/wp-content\/uploads\/2025\/10\/WhatsApp-Image-2025-10-15-at-16.39.43.jpeg\" alt=\"\" width=\"1600\" height=\"1067\" srcset=\"https:\/\/elbistanhabermerkezi.com\/wp-content\/uploads\/2025\/10\/WhatsApp-Image-2025-10-15-at-16.39.43.jpeg 1600w, https:\/\/elbistanhabermerkezi.com\/wp-content\/uploads\/2025\/10\/WhatsApp-Image-2025-10-15-at-16.39.43-600x400.jpeg 600w, https:\/\/elbistanhabermerkezi.com\/wp-content\/uploads\/2025\/10\/WhatsApp-Image-2025-10-15-at-16.39.43-1024x683.jpeg 1024w, https:\/\/elbistanhabermerkezi.com\/wp-content\/uploads\/2025\/10\/WhatsApp-Image-2025-10-15-at-16.39.43-768x512.jpeg 768w, https:\/\/elbistanhabermerkezi.com\/wp-content\/uploads\/2025\/10\/WhatsApp-Image-2025-10-15-at-16.39.43-1536x1024.jpeg 1536w, https:\/\/elbistanhabermerkezi.com\/wp-content\/uploads\/2025\/10\/WhatsApp-Image-2025-10-15-at-16.39.43-157x105.jpeg 157w, https:\/\/elbistanhabermerkezi.com\/wp-content\/uploads\/2025\/10\/WhatsApp-Image-2025-10-15-at-16.39.43-232x155.jpeg 232w, https:\/\/elbistanhabermerkezi.com\/wp-content\/uploads\/2025\/10\/WhatsApp-Image-2025-10-15-at-16.39.43-331x221.jpeg 331w, https:\/\/elbistanhabermerkezi.com\/wp-content\/uploads\/2025\/10\/WhatsApp-Image-2025-10-15-at-16.39.43-672x448.jpeg 672w\" sizes=\"auto, (max-width: 1600px) 100vw, 1600px\" \/> <img loading=\"lazy\" decoding=\"async\" class=\"alignnone size-full wp-image-21630\" src=\"https:\/\/elbistanhabermerkezi.com\/wp-content\/uploads\/2025\/10\/WhatsApp-Image-2025-10-15-at-16.39.44-1.jpeg\" alt=\"\" width=\"1600\" height=\"1067\" srcset=\"https:\/\/elbistanhabermerkezi.com\/wp-content\/uploads\/2025\/10\/WhatsApp-Image-2025-10-15-at-16.39.44-1.jpeg 1600w, https:\/\/elbistanhabermerkezi.com\/wp-content\/uploads\/2025\/10\/WhatsApp-Image-2025-10-15-at-16.39.44-1-600x400.jpeg 600w, https:\/\/elbistanhabermerkezi.com\/wp-content\/uploads\/2025\/10\/WhatsApp-Image-2025-10-15-at-16.39.44-1-1024x683.jpeg 1024w, https:\/\/elbistanhabermerkezi.com\/wp-content\/uploads\/2025\/10\/WhatsApp-Image-2025-10-15-at-16.39.44-1-768x512.jpeg 768w, https:\/\/elbistanhabermerkezi.com\/wp-content\/uploads\/2025\/10\/WhatsApp-Image-2025-10-15-at-16.39.44-1-1536x1024.jpeg 1536w, https:\/\/elbistanhabermerkezi.com\/wp-content\/uploads\/2025\/10\/WhatsApp-Image-2025-10-15-at-16.39.44-1-157x105.jpeg 157w, https:\/\/elbistanhabermerkezi.com\/wp-content\/uploads\/2025\/10\/WhatsApp-Image-2025-10-15-at-16.39.44-1-232x155.jpeg 232w, https:\/\/elbistanhabermerkezi.com\/wp-content\/uploads\/2025\/10\/WhatsApp-Image-2025-10-15-at-16.39.44-1-331x221.jpeg 331w, https:\/\/elbistanhabermerkezi.com\/wp-content\/uploads\/2025\/10\/WhatsApp-Image-2025-10-15-at-16.39.44-1-672x448.jpeg 672w\" sizes=\"auto, (max-width: 1600px) 100vw, 1600px\" \/> <img loading=\"lazy\" decoding=\"async\" class=\"alignnone size-full wp-image-21631\" src=\"https:\/\/elbistanhabermerkezi.com\/wp-content\/uploads\/2025\/10\/WhatsApp-Image-2025-10-15-at-16.39.44.jpeg\" alt=\"\" width=\"1600\" height=\"1067\" srcset=\"https:\/\/elbistanhabermerkezi.com\/wp-content\/uploads\/2025\/10\/WhatsApp-Image-2025-10-15-at-16.39.44.jpeg 1600w, https:\/\/elbistanhabermerkezi.com\/wp-content\/uploads\/2025\/10\/WhatsApp-Image-2025-10-15-at-16.39.44-600x400.jpeg 600w, https:\/\/elbistanhabermerkezi.com\/wp-content\/uploads\/2025\/10\/WhatsApp-Image-2025-10-15-at-16.39.44-1024x683.jpeg 1024w, https:\/\/elbistanhabermerkezi.com\/wp-content\/uploads\/2025\/10\/WhatsApp-Image-2025-10-15-at-16.39.44-768x512.jpeg 768w, https:\/\/elbistanhabermerkezi.com\/wp-content\/uploads\/2025\/10\/WhatsApp-Image-2025-10-15-at-16.39.44-1536x1024.jpeg 1536w, https:\/\/elbistanhabermerkezi.com\/wp-content\/uploads\/2025\/10\/WhatsApp-Image-2025-10-15-at-16.39.44-157x105.jpeg 157w, https:\/\/elbistanhabermerkezi.com\/wp-content\/uploads\/2025\/10\/WhatsApp-Image-2025-10-15-at-16.39.44-232x155.jpeg 232w, https:\/\/elbistanhabermerkezi.com\/wp-content\/uploads\/2025\/10\/WhatsApp-Image-2025-10-15-at-16.39.44-331x221.jpeg 331w, https:\/\/elbistanhabermerkezi.com\/wp-content\/uploads\/2025\/10\/WhatsApp-Image-2025-10-15-at-16.39.44-672x448.jpeg 672w\" sizes=\"auto, (max-width: 1600px) 100vw, 1600px\" \/><\/div>\n","protected":false},"excerpt":{"rendered":"<p>Kahramanmara\u015f \u0130l Jandarma Komutanl\u0131\u011f\u0131nca 08 \u2013 14 Ekim 2025 tarihleri aras\u0131nda icra edilen faaliyetlerde; Trafik Jandarmas\u0131 Timleri taraf\u0131ndan; 26.675\u00a0 ara\u00e7 ve s\u00fcr\u00fcc\u00fc kontrol edildi. Kahramanmara\u015f \u0130l Jandarma Komutanl\u0131\u011f\u0131 trafik sorumluluk sahas\u0131nda meydana gelen son \u00f6l\u00fcml\u00fc kazalara motosiklet t\u00fcr\u00fc ara\u00e7lar\u0131n kar\u0131\u015ft\u0131\u011f\u0131 tespit edilmi\u015ftir. Bu kapsamda, motosiklet s\u00fcr\u00fcc\u00fcs\u00fc ve yolcular\u0131n\u0131n trafik kazalar\u0131ndaki \u00f6l\u00fcm ve yaralanma oran\u0131n\u0131n di\u011fer [&hellip;]<\/p>\n","protected":false},"author":1,"featured_media":21633,"comment_status":"open","ping_status":"open","sticky":false,"template":"","format":"standard","meta":{"_jetpack_memberships_contains_paid_content":false,"footnotes":""},"categories":[2,678,8],"tags":[],"class_list":["post-21627","post","type-post","status-publish","format-standard","has-post-thumbnail","hentry","category-3-sayfa","category-asayis","category-gundem"],"jetpack_featured_media_url":"https:\/\/elbistanhabermerkezi.com\/wp-content\/uploads\/2025\/10\/WhatsApp-Image-2025-10-15-at-16.39.43y8.jpeg","jetpack_sharing_enabled":true,"_links":{"self":[{"href":"https:\/\/elbistanhabermerkezi.com\/index.php\/wp-json\/wp\/v2\/posts\/21627","targetHints":{"allow":["GET"]}}],"collection":[{"href":"https:\/\/elbistanhabermerkezi.com\/index.php\/wp-json\/wp\/v2\/posts"}],"about":[{"href":"https:\/\/elbistanhabermerkezi.com\/index.php\/wp-json\/wp\/v2\/types\/post"}],"author":[{"embeddable":true,"href":"https:\/\/elbistanhabermerkezi.com\/index.php\/wp-json\/wp\/v2\/users\/1"}],"replies":[{"embeddable":true,"href":"https:\/\/elbistanhabermerkezi.com\/index.php\/wp-json\/wp\/v2\/comments?post=21627"}],"version-history":[{"count":1,"href":"https:\/\/elbistanhabermerkezi.com\/index.php\/wp-json\/wp\/v2\/posts\/21627\/revisions"}],"predecessor-version":[{"id":21635,"href":"https:\/\/elbistanhabermerkezi.com\/index.php\/wp-json\/wp\/v2\/posts\/21627\/revisions\/21635"}],"wp:featuredmedia":[{"embeddable":true,"href":"https:\/\/elbistanhabermerkezi.com\/index.php\/wp-json\/wp\/v2\/media\/21633"}],"wp:attachment":[{"href":"https:\/\/elbistanhabermerkezi.com\/index.php\/wp-json\/wp\/v2\/media?parent=21627"}],"wp:term":[{"taxonomy":"category","embeddable":true,"href":"https:\/\/elbistanhabermerkezi.com\/index.php\/wp-json\/wp\/v2\/categories?post=21627"},{"taxonomy":"post_tag","embeddable":true,"href":"https:\/\/elbistanhabermerkezi.com\/index.php\/wp-json\/wp\/v2\/tags?post=21627"}],"curies":[{"name":"wp","href":"https:\/\/api.w.org\/{rel}","templated":true}]}}