{"id":21565,"date":"2025-10-13T15:54:06","date_gmt":"2025-10-13T15:54:06","guid":{"rendered":"https:\/\/elbistanhabermerkezi.com\/?p=21565"},"modified":"2025-10-13T15:54:49","modified_gmt":"2025-10-13T15:54:49","slug":"elbistandan-gazzeye-selam-yuruyusu","status":"publish","type":"post","link":"https:\/\/elbistanhabermerkezi.com\/index.php\/2025\/10\/13\/elbistandan-gazzeye-selam-yuruyusu\/","title":{"rendered":"Elbistan&#8217;dan Gazze&#8217;ye Selam Y\u00fcr\u00fcy\u00fc\u015f\u00fc!"},"content":{"rendered":"<p style=\"text-align: justify;\"><strong><img loading=\"lazy\" decoding=\"async\" src=\"https:\/\/elbistanhabermerkezi.com\/wp-content\/uploads\/2024\/07\/ALIDOGAN.jpg\" alt=\"\" width=\"302\" height=\"302\" \/><\/strong><\/p>\n<p style=\"text-align: justify;\"><strong>\u0130srail&#8217;in Gazze&#8217;de uygulad\u0131\u011f\u0131 soyk\u0131r\u0131m Elbistan \u0130l\u00e7emizde y\u00fcr\u00fcy\u00fc\u015f ve Bas\u0131n a\u00e7\u0131klamas\u0131 ile lanetlendi.<\/strong><\/p>\n<p style=\"text-align: justify;\"><strong>Elbistan Millet Bah\u00e7esi sonunda bulunan Gazze Camiinden ba\u015flayan y\u00fcr\u00fcy\u00fc\u015fe Elbistan Belediye Ba\u015fkan\u0131 Erkan G\u00fcrb\u00fcz,Siyasi parti Temsilcileri,STK Ba\u015fkanlar\u0131 ve \u00e7ok say\u0131da vatanda\u015f kat\u0131ld\u0131.<\/strong><\/p>\n<p style=\"text-align: justify;\"><strong>P\u0131narba\u015f\u0131&#8217;nda son bulan y\u00fcr\u00fcy\u00fc\u015fe ili\u015fkin a\u00e7\u0131klamada bulunan Elbistan Belediye Ba\u015fkan\u0131 Erkan G\u00fcrb\u00fcz, Bug\u00fcn sa\u011fanak ya\u011f\u0131\u015fa ve so\u011fu\u011fa ra\u011fmen, y\u00fcr\u00fcy\u00fc\u015fe kat\u0131l\u0131p, y\u00fcre\u011fi Gazze\u2019deki masum \u00e7ocuklar i\u00e7in atan, kalbi Do\u011fu T\u00fcrkistan\u2019daki soyda\u015flar\u0131m\u0131z i\u00e7in \u00e7arpan t\u00fcm Elbistanl\u0131 hem\u015ferilerime te\u015fekk\u00fcr ediyorum. Sizlerle yol y\u00fcr\u00fcmek \u015fereflerin en b\u00fcy\u00fc\u011f\u00fc. \u0130yi ki vars\u0131n\u0131z dedi.<\/strong><\/p>\n<p style=\"text-align: justify;\"><strong>Vatanda\u015flar sa\u011fanak ya\u011f\u0131\u015fa ra\u011fmen boyunlar\u0131nda Filistin Atk\u0131s\u0131,Ellerinde T\u00fcrk Bayraklar\u0131 ve d\u00f6vizlerle sloganlar atarak yakla\u015f\u0131k 2 kilometrelik yolu y\u00fcr\u00fcyerek katettiler.<\/strong><\/p>\n<p><iframe loading=\"lazy\" src=\"\/\/www.youtube.com\/embed\/1jesR1vCexg\" width=\"714\" height=\"400\" allowfullscreen=\"allowfullscreen\"><\/iframe><\/p>\n<p style=\"text-align: justify;\"><img loading=\"lazy\" decoding=\"async\" class=\"alignnone size-full wp-image-21566\" src=\"https:\/\/elbistanhabermerkezi.com\/wp-content\/uploads\/2025\/10\/IMG_6327.jpg\" alt=\"\" width=\"800\" height=\"533\" srcset=\"https:\/\/elbistanhabermerkezi.com\/wp-content\/uploads\/2025\/10\/IMG_6327.jpg 800w, https:\/\/elbistanhabermerkezi.com\/wp-content\/uploads\/2025\/10\/IMG_6327-600x400.jpg 600w, https:\/\/elbistanhabermerkezi.com\/wp-content\/uploads\/2025\/10\/IMG_6327-768x512.jpg 768w, https:\/\/elbistanhabermerkezi.com\/wp-content\/uploads\/2025\/10\/IMG_6327-158x105.jpg 158w, https:\/\/elbistanhabermerkezi.com\/wp-content\/uploads\/2025\/10\/IMG_6327-233x155.jpg 233w, https:\/\/elbistanhabermerkezi.com\/wp-content\/uploads\/2025\/10\/IMG_6327-332x221.jpg 332w, https:\/\/elbistanhabermerkezi.com\/wp-content\/uploads\/2025\/10\/IMG_6327-672x448.jpg 672w\" sizes=\"auto, (max-width: 800px) 100vw, 800px\" \/> <img loading=\"lazy\" decoding=\"async\" class=\"alignnone size-full wp-image-21567\" src=\"https:\/\/elbistanhabermerkezi.com\/wp-content\/uploads\/2025\/10\/IMG_6331.jpg\" alt=\"\" width=\"800\" height=\"533\" srcset=\"https:\/\/elbistanhabermerkezi.com\/wp-content\/uploads\/2025\/10\/IMG_6331.jpg 800w, https:\/\/elbistanhabermerkezi.com\/wp-content\/uploads\/2025\/10\/IMG_6331-600x400.jpg 600w, https:\/\/elbistanhabermerkezi.com\/wp-content\/uploads\/2025\/10\/IMG_6331-768x512.jpg 768w, https:\/\/elbistanhabermerkezi.com\/wp-content\/uploads\/2025\/10\/IMG_6331-158x105.jpg 158w, https:\/\/elbistanhabermerkezi.com\/wp-content\/uploads\/2025\/10\/IMG_6331-233x155.jpg 233w, https:\/\/elbistanhabermerkezi.com\/wp-content\/uploads\/2025\/10\/IMG_6331-332x221.jpg 332w, https:\/\/elbistanhabermerkezi.com\/wp-content\/uploads\/2025\/10\/IMG_6331-672x448.jpg 672w\" sizes=\"auto, (max-width: 800px) 100vw, 800px\" \/> <img loading=\"lazy\" decoding=\"async\" class=\"alignnone size-full wp-image-21568\" src=\"https:\/\/elbistanhabermerkezi.com\/wp-content\/uploads\/2025\/10\/IMG_6334.jpg\" alt=\"\" width=\"800\" height=\"533\" srcset=\"https:\/\/elbistanhabermerkezi.com\/wp-content\/uploads\/2025\/10\/IMG_6334.jpg 800w, https:\/\/elbistanhabermerkezi.com\/wp-content\/uploads\/2025\/10\/IMG_6334-600x400.jpg 600w, https:\/\/elbistanhabermerkezi.com\/wp-content\/uploads\/2025\/10\/IMG_6334-768x512.jpg 768w, https:\/\/elbistanhabermerkezi.com\/wp-content\/uploads\/2025\/10\/IMG_6334-158x105.jpg 158w, https:\/\/elbistanhabermerkezi.com\/wp-content\/uploads\/2025\/10\/IMG_6334-233x155.jpg 233w, https:\/\/elbistanhabermerkezi.com\/wp-content\/uploads\/2025\/10\/IMG_6334-332x221.jpg 332w, https:\/\/elbistanhabermerkezi.com\/wp-content\/uploads\/2025\/10\/IMG_6334-672x448.jpg 672w\" sizes=\"auto, (max-width: 800px) 100vw, 800px\" \/> <img loading=\"lazy\" decoding=\"async\" class=\"alignnone size-full wp-image-21569\" src=\"https:\/\/elbistanhabermerkezi.com\/wp-content\/uploads\/2025\/10\/IMG_6338.jpg\" alt=\"\" width=\"800\" height=\"533\" srcset=\"https:\/\/elbistanhabermerkezi.com\/wp-content\/uploads\/2025\/10\/IMG_6338.jpg 800w, https:\/\/elbistanhabermerkezi.com\/wp-content\/uploads\/2025\/10\/IMG_6338-600x400.jpg 600w, https:\/\/elbistanhabermerkezi.com\/wp-content\/uploads\/2025\/10\/IMG_6338-768x512.jpg 768w, https:\/\/elbistanhabermerkezi.com\/wp-content\/uploads\/2025\/10\/IMG_6338-158x105.jpg 158w, https:\/\/elbistanhabermerkezi.com\/wp-content\/uploads\/2025\/10\/IMG_6338-233x155.jpg 233w, https:\/\/elbistanhabermerkezi.com\/wp-content\/uploads\/2025\/10\/IMG_6338-332x221.jpg 332w, https:\/\/elbistanhabermerkezi.com\/wp-content\/uploads\/2025\/10\/IMG_6338-672x448.jpg 672w\" sizes=\"auto, (max-width: 800px) 100vw, 800px\" \/> <img loading=\"lazy\" decoding=\"async\" class=\"alignnone size-full wp-image-21570\" src=\"https:\/\/elbistanhabermerkezi.com\/wp-content\/uploads\/2025\/10\/IMG_6343.jpg\" alt=\"\" width=\"800\" height=\"533\" srcset=\"https:\/\/elbistanhabermerkezi.com\/wp-content\/uploads\/2025\/10\/IMG_6343.jpg 800w, https:\/\/elbistanhabermerkezi.com\/wp-content\/uploads\/2025\/10\/IMG_6343-600x400.jpg 600w, https:\/\/elbistanhabermerkezi.com\/wp-content\/uploads\/2025\/10\/IMG_6343-768x512.jpg 768w, https:\/\/elbistanhabermerkezi.com\/wp-content\/uploads\/2025\/10\/IMG_6343-158x105.jpg 158w, https:\/\/elbistanhabermerkezi.com\/wp-content\/uploads\/2025\/10\/IMG_6343-233x155.jpg 233w, https:\/\/elbistanhabermerkezi.com\/wp-content\/uploads\/2025\/10\/IMG_6343-332x221.jpg 332w, https:\/\/elbistanhabermerkezi.com\/wp-content\/uploads\/2025\/10\/IMG_6343-672x448.jpg 672w\" sizes=\"auto, (max-width: 800px) 100vw, 800px\" \/> <img loading=\"lazy\" decoding=\"async\" class=\"alignnone size-full wp-image-21574\" src=\"https:\/\/elbistanhabermerkezi.com\/wp-content\/uploads\/2025\/10\/IMG_6346.jpg\" alt=\"\" width=\"800\" height=\"533\" srcset=\"https:\/\/elbistanhabermerkezi.com\/wp-content\/uploads\/2025\/10\/IMG_6346.jpg 800w, https:\/\/elbistanhabermerkezi.com\/wp-content\/uploads\/2025\/10\/IMG_6346-600x400.jpg 600w, https:\/\/elbistanhabermerkezi.com\/wp-content\/uploads\/2025\/10\/IMG_6346-768x512.jpg 768w, https:\/\/elbistanhabermerkezi.com\/wp-content\/uploads\/2025\/10\/IMG_6346-158x105.jpg 158w, https:\/\/elbistanhabermerkezi.com\/wp-content\/uploads\/2025\/10\/IMG_6346-233x155.jpg 233w, https:\/\/elbistanhabermerkezi.com\/wp-content\/uploads\/2025\/10\/IMG_6346-332x221.jpg 332w, https:\/\/elbistanhabermerkezi.com\/wp-content\/uploads\/2025\/10\/IMG_6346-672x448.jpg 672w\" sizes=\"auto, (max-width: 800px) 100vw, 800px\" \/> <img loading=\"lazy\" decoding=\"async\" class=\"alignnone size-full wp-image-21575\" src=\"https:\/\/elbistanhabermerkezi.com\/wp-content\/uploads\/2025\/10\/IMG_6349.jpg\" alt=\"\" width=\"800\" height=\"533\" srcset=\"https:\/\/elbistanhabermerkezi.com\/wp-content\/uploads\/2025\/10\/IMG_6349.jpg 800w, https:\/\/elbistanhabermerkezi.com\/wp-content\/uploads\/2025\/10\/IMG_6349-600x400.jpg 600w, https:\/\/elbistanhabermerkezi.com\/wp-content\/uploads\/2025\/10\/IMG_6349-768x512.jpg 768w, https:\/\/elbistanhabermerkezi.com\/wp-content\/uploads\/2025\/10\/IMG_6349-158x105.jpg 158w, https:\/\/elbistanhabermerkezi.com\/wp-content\/uploads\/2025\/10\/IMG_6349-233x155.jpg 233w, https:\/\/elbistanhabermerkezi.com\/wp-content\/uploads\/2025\/10\/IMG_6349-332x221.jpg 332w, https:\/\/elbistanhabermerkezi.com\/wp-content\/uploads\/2025\/10\/IMG_6349-672x448.jpg 672w\" sizes=\"auto, (max-width: 800px) 100vw, 800px\" \/> <img loading=\"lazy\" decoding=\"async\" class=\"alignnone size-full wp-image-21576\" src=\"https:\/\/elbistanhabermerkezi.com\/wp-content\/uploads\/2025\/10\/IMG_6351.jpg\" alt=\"\" width=\"800\" height=\"533\" srcset=\"https:\/\/elbistanhabermerkezi.com\/wp-content\/uploads\/2025\/10\/IMG_6351.jpg 800w, https:\/\/elbistanhabermerkezi.com\/wp-content\/uploads\/2025\/10\/IMG_6351-600x400.jpg 600w, https:\/\/elbistanhabermerkezi.com\/wp-content\/uploads\/2025\/10\/IMG_6351-768x512.jpg 768w, https:\/\/elbistanhabermerkezi.com\/wp-content\/uploads\/2025\/10\/IMG_6351-158x105.jpg 158w, https:\/\/elbistanhabermerkezi.com\/wp-content\/uploads\/2025\/10\/IMG_6351-233x155.jpg 233w, https:\/\/elbistanhabermerkezi.com\/wp-content\/uploads\/2025\/10\/IMG_6351-332x221.jpg 332w, https:\/\/elbistanhabermerkezi.com\/wp-content\/uploads\/2025\/10\/IMG_6351-672x448.jpg 672w\" sizes=\"auto, (max-width: 800px) 100vw, 800px\" \/> <img loading=\"lazy\" decoding=\"async\" class=\"alignnone size-full wp-image-21577\" src=\"https:\/\/elbistanhabermerkezi.com\/wp-content\/uploads\/2025\/10\/IMG_6352.jpg\" alt=\"\" width=\"800\" height=\"533\" srcset=\"https:\/\/elbistanhabermerkezi.com\/wp-content\/uploads\/2025\/10\/IMG_6352.jpg 800w, https:\/\/elbistanhabermerkezi.com\/wp-content\/uploads\/2025\/10\/IMG_6352-600x400.jpg 600w, https:\/\/elbistanhabermerkezi.com\/wp-content\/uploads\/2025\/10\/IMG_6352-768x512.jpg 768w, https:\/\/elbistanhabermerkezi.com\/wp-content\/uploads\/2025\/10\/IMG_6352-158x105.jpg 158w, https:\/\/elbistanhabermerkezi.com\/wp-content\/uploads\/2025\/10\/IMG_6352-233x155.jpg 233w, https:\/\/elbistanhabermerkezi.com\/wp-content\/uploads\/2025\/10\/IMG_6352-332x221.jpg 332w, https:\/\/elbistanhabermerkezi.com\/wp-content\/uploads\/2025\/10\/IMG_6352-672x448.jpg 672w\" sizes=\"auto, (max-width: 800px) 100vw, 800px\" \/> <img loading=\"lazy\" decoding=\"async\" class=\"alignnone size-full wp-image-21578\" src=\"https:\/\/elbistanhabermerkezi.com\/wp-content\/uploads\/2025\/10\/IMG_6354.jpg\" alt=\"\" width=\"800\" height=\"533\" srcset=\"https:\/\/elbistanhabermerkezi.com\/wp-content\/uploads\/2025\/10\/IMG_6354.jpg 800w, https:\/\/elbistanhabermerkezi.com\/wp-content\/uploads\/2025\/10\/IMG_6354-600x400.jpg 600w, https:\/\/elbistanhabermerkezi.com\/wp-content\/uploads\/2025\/10\/IMG_6354-768x512.jpg 768w, https:\/\/elbistanhabermerkezi.com\/wp-content\/uploads\/2025\/10\/IMG_6354-158x105.jpg 158w, https:\/\/elbistanhabermerkezi.com\/wp-content\/uploads\/2025\/10\/IMG_6354-233x155.jpg 233w, https:\/\/elbistanhabermerkezi.com\/wp-content\/uploads\/2025\/10\/IMG_6354-332x221.jpg 332w, https:\/\/elbistanhabermerkezi.com\/wp-content\/uploads\/2025\/10\/IMG_6354-672x448.jpg 672w\" sizes=\"auto, (max-width: 800px) 100vw, 800px\" \/> <img loading=\"lazy\" decoding=\"async\" class=\"alignnone size-full wp-image-21579\" src=\"https:\/\/elbistanhabermerkezi.com\/wp-content\/uploads\/2025\/10\/IMG_6356.jpg\" alt=\"\" width=\"800\" height=\"533\" srcset=\"https:\/\/elbistanhabermerkezi.com\/wp-content\/uploads\/2025\/10\/IMG_6356.jpg 800w, https:\/\/elbistanhabermerkezi.com\/wp-content\/uploads\/2025\/10\/IMG_6356-600x400.jpg 600w, https:\/\/elbistanhabermerkezi.com\/wp-content\/uploads\/2025\/10\/IMG_6356-768x512.jpg 768w, https:\/\/elbistanhabermerkezi.com\/wp-content\/uploads\/2025\/10\/IMG_6356-158x105.jpg 158w, https:\/\/elbistanhabermerkezi.com\/wp-content\/uploads\/2025\/10\/IMG_6356-233x155.jpg 233w, https:\/\/elbistanhabermerkezi.com\/wp-content\/uploads\/2025\/10\/IMG_6356-332x221.jpg 332w, https:\/\/elbistanhabermerkezi.com\/wp-content\/uploads\/2025\/10\/IMG_6356-672x448.jpg 672w\" sizes=\"auto, (max-width: 800px) 100vw, 800px\" \/><\/p>\n<p style=\"text-align: justify;\">\n","protected":false},"excerpt":{"rendered":"<p>\u0130srail&#8217;in Gazze&#8217;de uygulad\u0131\u011f\u0131 soyk\u0131r\u0131m Elbistan \u0130l\u00e7emizde y\u00fcr\u00fcy\u00fc\u015f ve Bas\u0131n a\u00e7\u0131klamas\u0131 ile lanetlendi. Elbistan Millet Bah\u00e7esi sonunda bulunan Gazze Camiinden ba\u015flayan y\u00fcr\u00fcy\u00fc\u015fe Elbistan Belediye Ba\u015fkan\u0131 Erkan G\u00fcrb\u00fcz,Siyasi parti Temsilcileri,STK Ba\u015fkanlar\u0131 ve \u00e7ok say\u0131da vatanda\u015f kat\u0131ld\u0131. P\u0131narba\u015f\u0131&#8217;nda son bulan y\u00fcr\u00fcy\u00fc\u015fe ili\u015fkin a\u00e7\u0131klamada bulunan Elbistan Belediye Ba\u015fkan\u0131 Erkan G\u00fcrb\u00fcz, Bug\u00fcn sa\u011fanak ya\u011f\u0131\u015fa ve so\u011fu\u011fa ra\u011fmen, y\u00fcr\u00fcy\u00fc\u015fe kat\u0131l\u0131p, y\u00fcre\u011fi [&hellip;]<\/p>\n","protected":false},"author":1,"featured_media":21572,"comment_status":"open","ping_status":"open","sticky":false,"template":"","format":"standard","meta":{"_jetpack_memberships_contains_paid_content":false,"footnotes":""},"categories":[2,8],"tags":[],"class_list":["post-21565","post","type-post","status-publish","format-standard","has-post-thumbnail","hentry","category-3-sayfa","category-gundem"],"jetpack_featured_media_url":"https:\/\/elbistanhabermerkezi.com\/wp-content\/uploads\/2025\/10\/IMG_6345hu.jpg","jetpack_sharing_enabled":true,"_links":{"self":[{"href":"https:\/\/elbistanhabermerkezi.com\/index.php\/wp-json\/wp\/v2\/posts\/21565","targetHints":{"allow":["GET"]}}],"collection":[{"href":"https:\/\/elbistanhabermerkezi.com\/index.php\/wp-json\/wp\/v2\/posts"}],"about":[{"href":"https:\/\/elbistanhabermerkezi.com\/index.php\/wp-json\/wp\/v2\/types\/post"}],"author":[{"embeddable":true,"href":"https:\/\/elbistanhabermerkezi.com\/index.php\/wp-json\/wp\/v2\/users\/1"}],"replies":[{"embeddable":true,"href":"https:\/\/elbistanhabermerkezi.com\/index.php\/wp-json\/wp\/v2\/comments?post=21565"}],"version-history":[{"count":1,"href":"https:\/\/elbistanhabermerkezi.com\/index.php\/wp-json\/wp\/v2\/posts\/21565\/revisions"}],"predecessor-version":[{"id":21580,"href":"https:\/\/elbistanhabermerkezi.com\/index.php\/wp-json\/wp\/v2\/posts\/21565\/revisions\/21580"}],"wp:featuredmedia":[{"embeddable":true,"href":"https:\/\/elbistanhabermerkezi.com\/index.php\/wp-json\/wp\/v2\/media\/21572"}],"wp:attachment":[{"href":"https:\/\/elbistanhabermerkezi.com\/index.php\/wp-json\/wp\/v2\/media?parent=21565"}],"wp:term":[{"taxonomy":"category","embeddable":true,"href":"https:\/\/elbistanhabermerkezi.com\/index.php\/wp-json\/wp\/v2\/categories?post=21565"},{"taxonomy":"post_tag","embeddable":true,"href":"https:\/\/elbistanhabermerkezi.com\/index.php\/wp-json\/wp\/v2\/tags?post=21565"}],"curies":[{"name":"wp","href":"https:\/\/api.w.org\/{rel}","templated":true}]}}