{"id":2118,"date":"2022-04-07T07:41:06","date_gmt":"2022-04-07T07:41:06","guid":{"rendered":"https:\/\/elbistanhabermerkezi.com\/?p=2118"},"modified":"2022-04-07T07:41:06","modified_gmt":"2022-04-07T07:41:06","slug":"elbistanda-bagimlilikla-mucadele-toplantisi-yapildi","status":"publish","type":"post","link":"https:\/\/elbistanhabermerkezi.com\/index.php\/2022\/04\/07\/elbistanda-bagimlilikla-mucadele-toplantisi-yapildi\/","title":{"rendered":"Elbistan&#8217;da Ba\u011f\u0131ml\u0131l\u0131kla M\u00fccadele toplant\u0131s\u0131 yap\u0131ld\u0131."},"content":{"rendered":"<p style=\"text-align: justify;\"><strong><img loading=\"lazy\" decoding=\"async\" src=\"https:\/\/elbistanhabermerkezi.com\/wp-content\/uploads\/2022\/03\/anigifSUVARI.gif\" alt=\"\" width=\"650\" height=\"650\" \/><\/strong><\/p>\n<p style=\"text-align: justify;\"><strong>Elbistan \u0130l\u00e7e Kaymakam\u0131 \u00d6zkan DEM\u0130R Ba\u015fkanl\u0131\u011f\u0131nda; \u0130l\u00e7e Sa\u011fl\u0131k M\u00fcd\u00fcrl\u00fc\u011f\u00fc koordinasyonunda Ba\u011f\u0131ml\u0131l\u0131kla M\u00fccadele \u00c7al\u0131\u015fmalar\u0131 kapsam\u0131nda payda\u015f kamu kurum ve kurulu\u015flar\u0131 ve sivil toplum \u00f6rg\u00fctlerinin kat\u0131l\u0131mlar\u0131yla &#8220;Ba\u011f\u0131ml\u0131l\u0131kla M\u00fccadele \u00c7al\u0131\u015ftay\u0131 ger\u00e7ekle\u015ftirildi.<\/strong><\/p>\n<p style=\"text-align: justify;\"><strong>Toplant\u0131 sonunda de\u011ferlendirme yapan \u0130l\u00e7e Kaymakam\u0131 \u00d6zkan DEM\u0130R; Sa\u011fl\u0131k Bakanl\u0131\u011f\u0131n\u0131n koordinasyonu ve sekretaryas\u0131nda \u00e7al\u0131\u015fta&#8217; ya katk\u0131 sa\u011flayan t\u00fcm kat\u0131l\u0131mc\u0131lara te\u015fekk\u00fcr etti. T\u00fcm ba\u011f\u0131ml\u0131l\u0131klar\u0131n \u00fcst\u00fcne kararl\u0131l\u0131k ve azimle gidece\u011fimizden kimsenin \u015f\u00fcphesi olmas\u0131n dedi.<\/strong><\/p>\n<p style=\"text-align: justify;\"><strong><img loading=\"lazy\" decoding=\"async\" class=\"alignnone size-medium wp-image-2119\" src=\"https:\/\/elbistanhabermerkezi.com\/wp-content\/uploads\/2022\/04\/277984369_299407552341080_2732904189468343823_n-600x400.jpg\" alt=\"\" width=\"600\" height=\"400\" srcset=\"https:\/\/elbistanhabermerkezi.com\/wp-content\/uploads\/2022\/04\/277984369_299407552341080_2732904189468343823_n-600x400.jpg 600w, https:\/\/elbistanhabermerkezi.com\/wp-content\/uploads\/2022\/04\/277984369_299407552341080_2732904189468343823_n-1024x682.jpg 1024w, https:\/\/elbistanhabermerkezi.com\/wp-content\/uploads\/2022\/04\/277984369_299407552341080_2732904189468343823_n-768x512.jpg 768w, https:\/\/elbistanhabermerkezi.com\/wp-content\/uploads\/2022\/04\/277984369_299407552341080_2732904189468343823_n-1536x1023.jpg 1536w, https:\/\/elbistanhabermerkezi.com\/wp-content\/uploads\/2022\/04\/277984369_299407552341080_2732904189468343823_n-158x105.jpg 158w, https:\/\/elbistanhabermerkezi.com\/wp-content\/uploads\/2022\/04\/277984369_299407552341080_2732904189468343823_n-233x155.jpg 233w, https:\/\/elbistanhabermerkezi.com\/wp-content\/uploads\/2022\/04\/277984369_299407552341080_2732904189468343823_n-332x221.jpg 332w, https:\/\/elbistanhabermerkezi.com\/wp-content\/uploads\/2022\/04\/277984369_299407552341080_2732904189468343823_n-672x448.jpg 672w, https:\/\/elbistanhabermerkezi.com\/wp-content\/uploads\/2022\/04\/277984369_299407552341080_2732904189468343823_n.jpg 1600w\" sizes=\"auto, (max-width: 600px) 100vw, 600px\" \/> <img loading=\"lazy\" decoding=\"async\" class=\"alignnone size-medium wp-image-2120\" src=\"https:\/\/elbistanhabermerkezi.com\/wp-content\/uploads\/2022\/04\/278015502_299407542341081_3292968178430873382_n-600x400.jpg\" alt=\"\" width=\"600\" height=\"400\" srcset=\"https:\/\/elbistanhabermerkezi.com\/wp-content\/uploads\/2022\/04\/278015502_299407542341081_3292968178430873382_n-600x400.jpg 600w, https:\/\/elbistanhabermerkezi.com\/wp-content\/uploads\/2022\/04\/278015502_299407542341081_3292968178430873382_n-1024x682.jpg 1024w, https:\/\/elbistanhabermerkezi.com\/wp-content\/uploads\/2022\/04\/278015502_299407542341081_3292968178430873382_n-768x512.jpg 768w, https:\/\/elbistanhabermerkezi.com\/wp-content\/uploads\/2022\/04\/278015502_299407542341081_3292968178430873382_n-1536x1023.jpg 1536w, https:\/\/elbistanhabermerkezi.com\/wp-content\/uploads\/2022\/04\/278015502_299407542341081_3292968178430873382_n-158x105.jpg 158w, https:\/\/elbistanhabermerkezi.com\/wp-content\/uploads\/2022\/04\/278015502_299407542341081_3292968178430873382_n-233x155.jpg 233w, https:\/\/elbistanhabermerkezi.com\/wp-content\/uploads\/2022\/04\/278015502_299407542341081_3292968178430873382_n-332x221.jpg 332w, https:\/\/elbistanhabermerkezi.com\/wp-content\/uploads\/2022\/04\/278015502_299407542341081_3292968178430873382_n-672x448.jpg 672w, https:\/\/elbistanhabermerkezi.com\/wp-content\/uploads\/2022\/04\/278015502_299407542341081_3292968178430873382_n.jpg 1600w\" sizes=\"auto, (max-width: 600px) 100vw, 600px\" \/> <img loading=\"lazy\" decoding=\"async\" class=\"alignnone size-medium wp-image-2121\" src=\"https:\/\/elbistanhabermerkezi.com\/wp-content\/uploads\/2022\/04\/278032492_299407532341082_5238975178288424761_n-600x400.jpg\" alt=\"\" width=\"600\" height=\"400\" srcset=\"https:\/\/elbistanhabermerkezi.com\/wp-content\/uploads\/2022\/04\/278032492_299407532341082_5238975178288424761_n-600x400.jpg 600w, https:\/\/elbistanhabermerkezi.com\/wp-content\/uploads\/2022\/04\/278032492_299407532341082_5238975178288424761_n-1024x682.jpg 1024w, https:\/\/elbistanhabermerkezi.com\/wp-content\/uploads\/2022\/04\/278032492_299407532341082_5238975178288424761_n-768x512.jpg 768w, https:\/\/elbistanhabermerkezi.com\/wp-content\/uploads\/2022\/04\/278032492_299407532341082_5238975178288424761_n-1536x1023.jpg 1536w, https:\/\/elbistanhabermerkezi.com\/wp-content\/uploads\/2022\/04\/278032492_299407532341082_5238975178288424761_n-158x105.jpg 158w, https:\/\/elbistanhabermerkezi.com\/wp-content\/uploads\/2022\/04\/278032492_299407532341082_5238975178288424761_n-233x155.jpg 233w, https:\/\/elbistanhabermerkezi.com\/wp-content\/uploads\/2022\/04\/278032492_299407532341082_5238975178288424761_n-332x221.jpg 332w, https:\/\/elbistanhabermerkezi.com\/wp-content\/uploads\/2022\/04\/278032492_299407532341082_5238975178288424761_n-672x448.jpg 672w, https:\/\/elbistanhabermerkezi.com\/wp-content\/uploads\/2022\/04\/278032492_299407532341082_5238975178288424761_n.jpg 1600w\" sizes=\"auto, (max-width: 600px) 100vw, 600px\" \/> <img loading=\"lazy\" decoding=\"async\" class=\"alignnone size-medium wp-image-2122\" src=\"https:\/\/elbistanhabermerkezi.com\/wp-content\/uploads\/2022\/04\/278072957_299407612341074_7154378135483527030_n-600x400.jpg\" alt=\"\" width=\"600\" height=\"400\" srcset=\"https:\/\/elbistanhabermerkezi.com\/wp-content\/uploads\/2022\/04\/278072957_299407612341074_7154378135483527030_n-600x400.jpg 600w, https:\/\/elbistanhabermerkezi.com\/wp-content\/uploads\/2022\/04\/278072957_299407612341074_7154378135483527030_n-1024x682.jpg 1024w, https:\/\/elbistanhabermerkezi.com\/wp-content\/uploads\/2022\/04\/278072957_299407612341074_7154378135483527030_n-768x512.jpg 768w, https:\/\/elbistanhabermerkezi.com\/wp-content\/uploads\/2022\/04\/278072957_299407612341074_7154378135483527030_n-1536x1023.jpg 1536w, https:\/\/elbistanhabermerkezi.com\/wp-content\/uploads\/2022\/04\/278072957_299407612341074_7154378135483527030_n-158x105.jpg 158w, https:\/\/elbistanhabermerkezi.com\/wp-content\/uploads\/2022\/04\/278072957_299407612341074_7154378135483527030_n-233x155.jpg 233w, https:\/\/elbistanhabermerkezi.com\/wp-content\/uploads\/2022\/04\/278072957_299407612341074_7154378135483527030_n-332x221.jpg 332w, https:\/\/elbistanhabermerkezi.com\/wp-content\/uploads\/2022\/04\/278072957_299407612341074_7154378135483527030_n-672x448.jpg 672w, https:\/\/elbistanhabermerkezi.com\/wp-content\/uploads\/2022\/04\/278072957_299407612341074_7154378135483527030_n.jpg 1600w\" sizes=\"auto, (max-width: 600px) 100vw, 600px\" \/><\/strong><\/p>\n","protected":false},"excerpt":{"rendered":"<p>Elbistan \u0130l\u00e7e Kaymakam\u0131 \u00d6zkan DEM\u0130R Ba\u015fkanl\u0131\u011f\u0131nda; \u0130l\u00e7e Sa\u011fl\u0131k M\u00fcd\u00fcrl\u00fc\u011f\u00fc koordinasyonunda Ba\u011f\u0131ml\u0131l\u0131kla M\u00fccadele \u00c7al\u0131\u015fmalar\u0131 kapsam\u0131nda payda\u015f kamu kurum ve kurulu\u015flar\u0131 ve sivil toplum \u00f6rg\u00fctlerinin kat\u0131l\u0131mlar\u0131yla &#8220;Ba\u011f\u0131ml\u0131l\u0131kla M\u00fccadele \u00c7al\u0131\u015ftay\u0131 ger\u00e7ekle\u015ftirildi. Toplant\u0131 sonunda de\u011ferlendirme yapan \u0130l\u00e7e Kaymakam\u0131 \u00d6zkan DEM\u0130R; Sa\u011fl\u0131k Bakanl\u0131\u011f\u0131n\u0131n koordinasyonu ve sekretaryas\u0131nda \u00e7al\u0131\u015fta&#8217; ya katk\u0131 sa\u011flayan t\u00fcm kat\u0131l\u0131mc\u0131lara te\u015fekk\u00fcr etti. T\u00fcm ba\u011f\u0131ml\u0131l\u0131klar\u0131n \u00fcst\u00fcne kararl\u0131l\u0131k ve azimle [&hellip;]<\/p>\n","protected":false},"author":1,"featured_media":2125,"comment_status":"open","ping_status":"open","sticky":false,"template":"","format":"standard","meta":{"_jetpack_memberships_contains_paid_content":false,"footnotes":""},"categories":[2,8,11],"tags":[],"class_list":["post-2118","post","type-post","status-publish","format-standard","has-post-thumbnail","hentry","category-3-sayfa","category-gundem","category-saglik"],"jetpack_featured_media_url":"https:\/\/elbistanhabermerkezi.com\/wp-content\/uploads\/2022\/04\/278072957_299407612341074_7154378135483527030_nhuiuiu.jpg","jetpack_sharing_enabled":true,"_links":{"self":[{"href":"https:\/\/elbistanhabermerkezi.com\/index.php\/wp-json\/wp\/v2\/posts\/2118","targetHints":{"allow":["GET"]}}],"collection":[{"href":"https:\/\/elbistanhabermerkezi.com\/index.php\/wp-json\/wp\/v2\/posts"}],"about":[{"href":"https:\/\/elbistanhabermerkezi.com\/index.php\/wp-json\/wp\/v2\/types\/post"}],"author":[{"embeddable":true,"href":"https:\/\/elbistanhabermerkezi.com\/index.php\/wp-json\/wp\/v2\/users\/1"}],"replies":[{"embeddable":true,"href":"https:\/\/elbistanhabermerkezi.com\/index.php\/wp-json\/wp\/v2\/comments?post=2118"}],"version-history":[{"count":1,"href":"https:\/\/elbistanhabermerkezi.com\/index.php\/wp-json\/wp\/v2\/posts\/2118\/revisions"}],"predecessor-version":[{"id":2126,"href":"https:\/\/elbistanhabermerkezi.com\/index.php\/wp-json\/wp\/v2\/posts\/2118\/revisions\/2126"}],"wp:featuredmedia":[{"embeddable":true,"href":"https:\/\/elbistanhabermerkezi.com\/index.php\/wp-json\/wp\/v2\/media\/2125"}],"wp:attachment":[{"href":"https:\/\/elbistanhabermerkezi.com\/index.php\/wp-json\/wp\/v2\/media?parent=2118"}],"wp:term":[{"taxonomy":"category","embeddable":true,"href":"https:\/\/elbistanhabermerkezi.com\/index.php\/wp-json\/wp\/v2\/categories?post=2118"},{"taxonomy":"post_tag","embeddable":true,"href":"https:\/\/elbistanhabermerkezi.com\/index.php\/wp-json\/wp\/v2\/tags?post=2118"}],"curies":[{"name":"wp","href":"https:\/\/api.w.org\/{rel}","templated":true}]}}