{"id":21150,"date":"2025-09-18T15:29:58","date_gmt":"2025-09-18T15:29:58","guid":{"rendered":"https:\/\/elbistanhabermerkezi.com\/?p=21150"},"modified":"2025-09-18T15:29:58","modified_gmt":"2025-09-18T15:29:58","slug":"esvedden-elbistan-ilce-secim-kurulu-baskani-gozukaraya-hayirli-olsun-ziyareti","status":"publish","type":"post","link":"https:\/\/elbistanhabermerkezi.com\/index.php\/2025\/09\/18\/esvedden-elbistan-ilce-secim-kurulu-baskani-gozukaraya-hayirli-olsun-ziyareti\/","title":{"rendered":"ESVED&#8217;den Elbistan \u0130l\u00e7e Se\u00e7im Kurulu Ba\u015fkan\u0131 G\u00f6z\u00fckara&#8217;ya hay\u0131rl\u0131 olsun ziyareti."},"content":{"rendered":"<p style=\"text-align: justify;\"><strong><img loading=\"lazy\" decoding=\"async\" src=\"https:\/\/elbistanhabermerkezi.com\/wp-content\/uploads\/2024\/01\/halild6.jpg\" alt=\"\" width=\"302\" height=\"202\" \/><\/strong><\/p>\n<p style=\"text-align: justify;\"><strong><img loading=\"lazy\" decoding=\"async\" src=\"https:\/\/elbistanhabermerkezi.com\/wp-content\/uploads\/2025\/09\/ESVED.jpg\" alt=\"\" width=\"363\" height=\"391\" \/><\/strong><\/p>\n<p style=\"text-align: justify;\"><strong>Af\u015fin Merkezli faaliyet g\u00f6steren Af\u015fin Eshab-\u0131 Kehf Vak\u0131f E\u011fitim ve Ara\u015ft\u0131rma Derne\u011fi (ESVED) taraf\u0131ndan Elbistan \u0130l\u00e7e Se\u00e7im Kurulu Ba\u015fkanl\u0131\u011f\u0131na hay\u0131rl\u0131 olsun ziyaretinde bulunuldu.<\/strong><\/p>\n<p style=\"text-align: justify;\"><strong>\u0130stanbul&#8217;un Maltepe \u0130l\u00e7esi, \u0130l\u00e7e Se\u00e7im Kurulu Ba\u015fkan\u0131 iken Elbistan \u0130l\u00e7e Se\u00e7im Kurulu Ba\u015fkanl\u0131\u011f\u0131na atanan Ali Kemal G\u00f6z\u00fckara&#8217;y\u0131 makam\u0131nda ziyaret eden ESVED Genel Ba\u015fkan\u0131 Kaz\u0131m Ard\u0131\u00e7 ve Y\u00f6netim Kurulu \u00fcyeleri hay\u0131rl\u0131 olsun temennisinde bulundular.<\/strong><\/p>\n<p style=\"text-align: justify;\">\n<strong>ESVED Genel Ba\u015fkan\u0131 Kaz\u0131m Ard\u0131\u00e7 ve y\u00f6netim kurulu \u00fcyeleri G\u00f6z\u00fckara&#8217;y\u0131 makam\u0131nda ziyaret ederek Eshab-\u0131 Kehf Yediuyurlar&#8217;\u0131n ismi yaz\u0131l\u0131 hat tablosu hediye ettiler. <\/strong><\/p>\n<p style=\"text-align: justify;\"><strong>G\u00f6z\u00fckara, ziyaretten duydu\u011fu memnuniyeti ifade ederek te\u015fekk\u00fcr etti.<\/strong><\/p>\n<p style=\"text-align: justify;\"><strong><img loading=\"lazy\" decoding=\"async\" src=\"https:\/\/elbistanhabermerkezi.com\/wp-content\/uploads\/2025\/09\/WhatsApp-Image-2025-09-18-at-17.07.28-1.jpeg\" alt=\"\" width=\"1431\" height=\"1600\" \/> <img loading=\"lazy\" decoding=\"async\" src=\"https:\/\/elbistanhabermerkezi.com\/wp-content\/uploads\/2025\/09\/WhatsApp-Image-2025-09-18-at-17.07.28.jpeg\" alt=\"\" width=\"1600\" height=\"1514\" \/><\/strong><\/p>\n","protected":false},"excerpt":{"rendered":"<p>Af\u015fin Merkezli faaliyet g\u00f6steren Af\u015fin Eshab-\u0131 Kehf Vak\u0131f E\u011fitim ve Ara\u015ft\u0131rma Derne\u011fi (ESVED) taraf\u0131ndan Elbistan \u0130l\u00e7e Se\u00e7im Kurulu Ba\u015fkanl\u0131\u011f\u0131na hay\u0131rl\u0131 olsun ziyaretinde bulunuldu. \u0130stanbul&#8217;un Maltepe \u0130l\u00e7esi, \u0130l\u00e7e Se\u00e7im Kurulu Ba\u015fkan\u0131 iken Elbistan \u0130l\u00e7e Se\u00e7im Kurulu Ba\u015fkanl\u0131\u011f\u0131na atanan Ali Kemal G\u00f6z\u00fckara&#8217;y\u0131 makam\u0131nda ziyaret eden ESVED Genel Ba\u015fkan\u0131 Kaz\u0131m Ard\u0131\u00e7 ve Y\u00f6netim Kurulu \u00fcyeleri hay\u0131rl\u0131 olsun temennisinde [&hellip;]<\/p>\n","protected":false},"author":1,"featured_media":21155,"comment_status":"open","ping_status":"open","sticky":false,"template":"","format":"standard","meta":{"_jetpack_memberships_contains_paid_content":false,"footnotes":""},"categories":[2,8],"tags":[],"class_list":["post-21150","post","type-post","status-publish","format-standard","has-post-thumbnail","hentry","category-3-sayfa","category-gundem"],"jetpack_featured_media_url":"https:\/\/elbistanhabermerkezi.com\/wp-content\/uploads\/2025\/09\/WhatsApp-Image-2025-09-18-at-17.07.28u.jpeg","jetpack_sharing_enabled":true,"_links":{"self":[{"href":"https:\/\/elbistanhabermerkezi.com\/index.php\/wp-json\/wp\/v2\/posts\/21150","targetHints":{"allow":["GET"]}}],"collection":[{"href":"https:\/\/elbistanhabermerkezi.com\/index.php\/wp-json\/wp\/v2\/posts"}],"about":[{"href":"https:\/\/elbistanhabermerkezi.com\/index.php\/wp-json\/wp\/v2\/types\/post"}],"author":[{"embeddable":true,"href":"https:\/\/elbistanhabermerkezi.com\/index.php\/wp-json\/wp\/v2\/users\/1"}],"replies":[{"embeddable":true,"href":"https:\/\/elbistanhabermerkezi.com\/index.php\/wp-json\/wp\/v2\/comments?post=21150"}],"version-history":[{"count":1,"href":"https:\/\/elbistanhabermerkezi.com\/index.php\/wp-json\/wp\/v2\/posts\/21150\/revisions"}],"predecessor-version":[{"id":21157,"href":"https:\/\/elbistanhabermerkezi.com\/index.php\/wp-json\/wp\/v2\/posts\/21150\/revisions\/21157"}],"wp:featuredmedia":[{"embeddable":true,"href":"https:\/\/elbistanhabermerkezi.com\/index.php\/wp-json\/wp\/v2\/media\/21155"}],"wp:attachment":[{"href":"https:\/\/elbistanhabermerkezi.com\/index.php\/wp-json\/wp\/v2\/media?parent=21150"}],"wp:term":[{"taxonomy":"category","embeddable":true,"href":"https:\/\/elbistanhabermerkezi.com\/index.php\/wp-json\/wp\/v2\/categories?post=21150"},{"taxonomy":"post_tag","embeddable":true,"href":"https:\/\/elbistanhabermerkezi.com\/index.php\/wp-json\/wp\/v2\/tags?post=21150"}],"curies":[{"name":"wp","href":"https:\/\/api.w.org\/{rel}","templated":true}]}}