{"id":20910,"date":"2025-09-02T11:57:20","date_gmt":"2025-09-02T11:57:20","guid":{"rendered":"https:\/\/elbistanhabermerkezi.com\/?p=20910"},"modified":"2025-09-02T11:57:20","modified_gmt":"2025-09-02T11:57:20","slug":"elbistanda-adli-yil-acilis-toreni-duzenlendi","status":"publish","type":"post","link":"https:\/\/elbistanhabermerkezi.com\/index.php\/2025\/09\/02\/elbistanda-adli-yil-acilis-toreni-duzenlendi\/","title":{"rendered":"Elbistan&#8217;da Adli Y\u0131l A\u00e7\u0131l\u0131\u015f t\u00f6reni d\u00fczenlendi."},"content":{"rendered":"<p style=\"text-align: justify;\"><strong><img loading=\"lazy\" decoding=\"async\" class=\"alignnone size-full wp-image-15355\" src=\"https:\/\/elbistanhabermerkezi.com\/wp-content\/uploads\/2024\/07\/ALIDOGAN.jpg\" alt=\"\" width=\"302\" height=\"302\" srcset=\"https:\/\/elbistanhabermerkezi.com\/wp-content\/uploads\/2024\/07\/ALIDOGAN.jpg 302w, https:\/\/elbistanhabermerkezi.com\/wp-content\/uploads\/2024\/07\/ALIDOGAN-105x105.jpg 105w, https:\/\/elbistanhabermerkezi.com\/wp-content\/uploads\/2024\/07\/ALIDOGAN-155x155.jpg 155w, https:\/\/elbistanhabermerkezi.com\/wp-content\/uploads\/2024\/07\/ALIDOGAN-221x221.jpg 221w\" sizes=\"auto, (max-width: 302px) 100vw, 302px\" \/><\/strong><\/p>\n<p style=\"text-align: justify;\"><strong>20 Temmuz\u2019da ba\u015flayan adli tatil 1 Eyl\u00fcl itibar\u0131yla sona erdi. 2025-2026 Adli Y\u0131l a\u00e7\u0131l\u0131\u015f\u0131 i\u00e7in Elbistan Adliyesi\u2019nde t\u00f6ren d\u00fczenledi.<\/strong><\/p>\n<p style=\"text-align: justify;\"><strong>T\u00f6rene, Af\u015fin Kaymakam\u0131,Elbistan Kaymakam Vekili Muammer Sar\u0131do\u011fan, AK Parti Kahramanmara\u015f Milletvekili Mevl\u00fct Kurt, Elbistan Belediye Ba\u015fkan\u0131 Erkan G\u00fcrb\u00fcz, Elbistan Cumhuriyet Ba\u015fsavc\u0131s\u0131 Ayta\u00e7 \u015eener, Elbistan Adalet Komisyonu 1. A\u011f\u0131r Ceza Mahkemesi Ba\u015fkan\u0131 Ahmet Ya\u015far Akbay, Ekin\u00f6z\u00fc Kaymakam\u0131 Muhammed Huzeyfe Onur, Ekin\u00f6z\u00fc Belediye Ba\u015fkan\u0131 Harun Vicdan, Af\u015fin Cumhuriyet Ba\u015fsavc\u0131s\u0131 H\u00fcseyin Ar\u0131k, Kahramanmara\u015f Barosu Elbistan Temsilcisi Cihat Y\u0131lmaz, Elbistan \u0130l\u00e7e Jandarma Komutan\u0131 K\u0131demli \u00dcste\u011fmen Y\u0131ld\u0131ray Y\u0131ld\u0131z, Elbistan \u0130l\u00e7e Emniyet M\u00fcd\u00fcr\u00fc Hasan Ki\u015fi, Ekin\u00f6z\u00fc \u0130l\u00e7e Jandarma Komutan\u0131 \u00dcste\u011fmen Sedat Ahmet Y\u0131lmaz, Ekin\u00f6z\u00fc \u0130l\u00e7e Emniyet Amiri Bahad\u0131r Taphasan, Nurhak \u0130l\u00e7e Emniyet Amiri H\u00fcseyin \u0130ncirli, CHP \u0130l\u00e7e Ba\u015fkan\u0131 Onur G\u00fcrb\u00fcz, hakimler, cumhuriyet savc\u0131lar\u0131, avukatlar ve adliye personelleri kat\u0131ld\u0131.<\/strong><\/p>\n<p style=\"text-align: justify;\">\n<strong>Sayg\u0131 duru\u015fu ve \u0130stiklal Mar\u015f\u0131\u2019n\u0131n okunmas\u0131yla ba\u015flayan t\u00f6renin a\u00e7\u0131l\u0131\u015f konu\u015fmas\u0131n\u0131 Elbistan Cumhuriyet Ba\u015fsavc\u0131s\u0131 Ayta\u00e7 \u015eener yapt\u0131.<\/strong><\/p>\n<p style=\"text-align: justify;\"><strong>Yeni adli y\u0131l\u0131n hay\u0131rl\u0131 olmas\u0131 temennisinde bulunan Ba\u015fsavc\u0131 \u015eener, adaletin de devletin temeli oldu\u011funun alt\u0131n\u0131 \u00e7izdi.<\/strong><\/p>\n<p style=\"text-align: justify;\">\n<strong>Yarg\u0131n\u0131n, sadece hukuk kurallar\u0131n\u0131 uygulayan bir mekanizma olmad\u0131\u011f\u0131n\u0131 ayn\u0131 zamanda toplumun g\u00fcvenini ayakta tutan en \u00f6nemli kurum oldu\u011funa vurgu yapan Ba\u015fsavc\u0131 Ayta\u00e7 \u015eener, \u015f\u00f6yle devam etti:<\/strong><\/p>\n<p style=\"text-align: justify;\"><strong>\u201cBa\u011f\u0131ms\u0131z ve tarafs\u0131z bir yarg\u0131, vatanda\u015flar\u0131m\u0131z\u0131n devlete olan g\u00fcveninin en b\u00fcy\u00fck teminat\u0131d\u0131r. Bug\u00fcn bizlere d\u00fc\u015fen g\u00f6rev, adalet hizmetlerini h\u0131zl\u0131, etkin ve eri\u015filebilir k\u0131lmak; milletimizin her bir ferdinin, hak arama \u00f6zg\u00fcrl\u00fc\u011f\u00fcn\u00fc e\u015fit \u015fartlarda kullanabilmesini sa\u011flamakt\u0131r. Bu do\u011frultuda yarg\u0131n\u0131n g\u00fc\u00e7lenmesi, dijitalle\u015fme \u00e7al\u0131\u015fmalar\u0131n\u0131n h\u0131zland\u0131r\u0131lmas\u0131, dava s\u00fcre\u00e7lerinin makul s\u00fcrelerde sonu\u00e7land\u0131r\u0131lmas\u0131 \u00f6n\u00fcm\u00fczdeki adli y\u0131l\u0131n \u00f6ncelikleri aras\u0131nda yer alacakt\u0131r.\u201d<\/strong><\/p>\n<p style=\"text-align: justify;\">\n<strong>Elbistan, Ekin\u00f6z\u00fc, Nurhak ve Af\u015fin\u2019i kapsayan yarg\u0131 \u00e7evresindeki hedeflerine de de\u011finen Ba\u015fsavc\u0131 \u015eener, \u201cVatanda\u015flar\u0131m\u0131z\u0131n adalet hizmetlerinden en verimli \u015fekilde faydalanabilmesi i\u00e7in \u00e7al\u0131\u015fmalar\u0131m\u0131z\u0131 aral\u0131ks\u0131z s\u00fcrd\u00fcrece\u011fiz. Halk\u0131m\u0131z\u0131n adliyemize g\u00fcvenle ba\u015fvurabilmesi, davalar\u0131n makul s\u00fcrede ve hakkaniyete uygun \u015fekilde sonu\u00e7lanmas\u0131 en \u00f6nemli hedefimiz olacakt\u0131r. Bu do\u011frultuda t\u00fcm meslekta\u015flar\u0131m\u0131z ve adliye personellerimizle birlikte b\u00f6lgemizde en iyi \u015fekilde hizmet etmeye kararl\u0131y\u0131z.<\/strong><\/p>\n<p style=\"text-align: justify;\">\n<strong>Kolluk kuvvetlerimiz, adli kolluk s\u0131fat\u0131yla y\u00fcr\u00fctt\u00fckleri g\u00f6revlere adaletin ger\u00e7ekle\u015fmesine \u00f6nemli katk\u0131lar sunmaktad\u0131r. Hakim ve Cumhuriyet Savc\u0131lar\u0131m\u0131z\u0131n talimatlar\u0131n\u0131n titizlikle yerine getirilmesi, soru\u015fturmalar\u0131n etkinli\u011fi ve adaletin sa\u011flanmas\u0131 bak\u0131m\u0131ndan b\u00fcy\u00fck \u00f6nem ta\u015f\u0131maktad\u0131r\u201d ifadelerini kulland\u0131.<\/strong><\/p>\n<p style=\"text-align: justify;\"><strong>Konu\u015fmas\u0131n\u0131n devam\u0131nda meslekta\u015flar\u0131na seslenen Elbistan Cumhuriyet Ba\u015fsavc\u0131s\u0131 Ayta\u00e7 \u015eener, \u201cUnutulmamal\u0131d\u0131r ki; adaletin gecikmesi, adaletin ger\u00e7ekle\u015fmemesi anlam\u0131na gelir. Milletimizin bizden beklentisi, adaleti h\u0131zl\u0131, adil ve \u015feffaf bir \u015fekilde tesis etmemizdir. Bu sorumlulu\u011fu yerine getirmek i\u00e7in fedakarca \u00e7al\u0131\u015fan t\u00fcm hakim, savc\u0131, avukat ve adliye personellerimize te\u015fekk\u00fcr ediyorum.<\/strong><\/p>\n<p style=\"text-align: justify;\">\n<strong>Yeni adli y\u0131l\u0131n, birlik, beraberlik ve hukukun \u00fcst\u00fcnl\u00fc\u011f\u00fc ilkesine ba\u011fl\u0131l\u0131\u011f\u0131m\u0131z\u0131 g\u00fc\u00e7lendirmesini temenni ediyor, g\u00f6rev ba\u015f\u0131nda olan t\u00fcm meslekta\u015flar\u0131m\u0131za ba\u015far\u0131lar diliyorum\u201d \u015feklinde konu\u015ftu.<\/strong><\/p>\n<p style=\"text-align: justify;\"><strong>Daha sonra mikrofona davet edilen Elbistan 1. A\u011f\u0131r Ceza Mahkemesi ve Adalet Komisyonu Ba\u015fkan\u0131 Ahmet Ya\u015far Akbay ise, yeni adli y\u0131l\u0131n, y\u0131ll\u0131k periyotlarda kendileri a\u00e7\u0131s\u0131ndan milat oldu\u011funa de\u011findi.<\/strong><\/p>\n<p style=\"text-align: justify;\">\n<strong>Akbay, \u201cAdliyemizin ve b\u00f6lgemizin en \u00f6nemli g\u00fcndem maddesi, asr\u0131n felaketi olarak nitelendirilen 6 \u015eubat depremidir. \u00d6zellikle ge\u00e7ti\u011fimiz y\u0131l depremin adli y\u00f6nden olu\u015fturdu\u011fu hasarlar\u0131 onarmak i\u00e7in Elbistan Adliyesi olarak \u00fczerimize d\u00fc\u015fen g\u00f6revleri hepimiz gayretle yerine getirdik. Gerek dosyalar\u0131n a\u015fama kat etmesi gerekse normal i\u015f ve i\u015fleyi\u015fler y\u00f6n\u00fcnden hepimiz \u00e7aba ve emek ortaya koyduk. Hepinize bu s\u00fcre\u00e7teki \u00f6zverili \u00e7al\u0131\u015fmalar\u0131n\u0131z i\u00e7in ayr\u0131 ayr\u0131 te\u015fekk\u00fcr ediyorum.<\/strong><\/p>\n<p style=\"text-align: justify;\">\n<strong>Gerek yarg\u0131lama makam\u0131 gerek iddia makam\u0131 gerekse de savunma makam\u0131 olarak uyum i\u00e7erisinde; adalet ve insan haklar\u0131 \u00e7er\u00e7evesinde yarg\u0131n\u0131n ba\u011f\u0131ms\u0131zl\u0131\u011f\u0131n\u0131 ve etkinli\u011fini korumak ve g\u00fc\u00e7lendirmek hepimiz i\u00e7in hak oldu\u011fu kadar ayn\u0131 zamanda da y\u00fck\u00fcml\u00fcl\u00fckt\u00fcr. Bu do\u011frultuda eski arkada\u015flar\u0131m\u0131z\u0131n tecr\u00fcbeleri, yeni arkada\u015flar\u0131m\u0131z\u0131n heyecan ve enerjileri ile hukukun \u00fcst\u00fcnl\u00fc\u011f\u00fc i\u00e7erisinde adalet terazisi \u00fczerinde hakk\u0131n yan\u0131nda daha g\u00fc\u00e7l\u00fc ve daha etkin bir y\u0131l ya\u015fayaca\u011f\u0131m\u0131za inan\u0131yorum. 2025-2026 adli y\u0131l\u0131n\u0131n adli y\u0131l\u0131n\u0131n hay\u0131rl\u0131 olmas\u0131n\u0131 diliyorum\u201d dedi.<\/strong><\/p>\n<p style=\"text-align: justify;\">\n<strong>Konu\u015fmalar\u0131n ard\u0131ndan, protokol \u00fcyeleri ve kat\u0131l\u0131mc\u0131lar, cumhuriyet savc\u0131lar\u0131, hakimler, avukatlar ve adliye personellerine yeni y\u0131l\u0131n hay\u0131rl\u0131 olmas\u0131 temennisinde bulundular.<\/strong><\/p>\n<p style=\"text-align: justify;\"><strong><img loading=\"lazy\" decoding=\"async\" class=\"alignnone size-full wp-image-20911\" src=\"https:\/\/elbistanhabermerkezi.com\/wp-content\/uploads\/2025\/09\/541584575_18527447185028357_835921908350375412_n.jpg\" alt=\"\" width=\"1086\" height=\"808\" srcset=\"https:\/\/elbistanhabermerkezi.com\/wp-content\/uploads\/2025\/09\/541584575_18527447185028357_835921908350375412_n.jpg 1086w, https:\/\/elbistanhabermerkezi.com\/wp-content\/uploads\/2025\/09\/541584575_18527447185028357_835921908350375412_n-538x400.jpg 538w, https:\/\/elbistanhabermerkezi.com\/wp-content\/uploads\/2025\/09\/541584575_18527447185028357_835921908350375412_n-1024x762.jpg 1024w, https:\/\/elbistanhabermerkezi.com\/wp-content\/uploads\/2025\/09\/541584575_18527447185028357_835921908350375412_n-768x571.jpg 768w, https:\/\/elbistanhabermerkezi.com\/wp-content\/uploads\/2025\/09\/541584575_18527447185028357_835921908350375412_n-141x105.jpg 141w, https:\/\/elbistanhabermerkezi.com\/wp-content\/uploads\/2025\/09\/541584575_18527447185028357_835921908350375412_n-208x155.jpg 208w, https:\/\/elbistanhabermerkezi.com\/wp-content\/uploads\/2025\/09\/541584575_18527447185028357_835921908350375412_n-297x221.jpg 297w, https:\/\/elbistanhabermerkezi.com\/wp-content\/uploads\/2025\/09\/541584575_18527447185028357_835921908350375412_n-602x448.jpg 602w\" sizes=\"auto, (max-width: 1086px) 100vw, 1086px\" \/> <img loading=\"lazy\" decoding=\"async\" class=\"alignnone size-full wp-image-20912\" src=\"https:\/\/elbistanhabermerkezi.com\/wp-content\/uploads\/2025\/09\/541585212_18527447176028357_547447277616366777_n.jpg\" alt=\"\" width=\"1187\" height=\"881\" srcset=\"https:\/\/elbistanhabermerkezi.com\/wp-content\/uploads\/2025\/09\/541585212_18527447176028357_547447277616366777_n.jpg 1187w, https:\/\/elbistanhabermerkezi.com\/wp-content\/uploads\/2025\/09\/541585212_18527447176028357_547447277616366777_n-539x400.jpg 539w, https:\/\/elbistanhabermerkezi.com\/wp-content\/uploads\/2025\/09\/541585212_18527447176028357_547447277616366777_n-1024x760.jpg 1024w, https:\/\/elbistanhabermerkezi.com\/wp-content\/uploads\/2025\/09\/541585212_18527447176028357_547447277616366777_n-768x570.jpg 768w, https:\/\/elbistanhabermerkezi.com\/wp-content\/uploads\/2025\/09\/541585212_18527447176028357_547447277616366777_n-141x105.jpg 141w, https:\/\/elbistanhabermerkezi.com\/wp-content\/uploads\/2025\/09\/541585212_18527447176028357_547447277616366777_n-209x155.jpg 209w, https:\/\/elbistanhabermerkezi.com\/wp-content\/uploads\/2025\/09\/541585212_18527447176028357_547447277616366777_n-298x221.jpg 298w, https:\/\/elbistanhabermerkezi.com\/wp-content\/uploads\/2025\/09\/541585212_18527447176028357_547447277616366777_n-604x448.jpg 604w\" sizes=\"auto, (max-width: 1187px) 100vw, 1187px\" \/> <img loading=\"lazy\" decoding=\"async\" class=\"alignnone size-full wp-image-20913\" src=\"https:\/\/elbistanhabermerkezi.com\/wp-content\/uploads\/2025\/09\/541660060_18527447167028357_2529419832657353270_n.jpg\" alt=\"\" width=\"1187\" height=\"881\" srcset=\"https:\/\/elbistanhabermerkezi.com\/wp-content\/uploads\/2025\/09\/541660060_18527447167028357_2529419832657353270_n.jpg 1187w, https:\/\/elbistanhabermerkezi.com\/wp-content\/uploads\/2025\/09\/541660060_18527447167028357_2529419832657353270_n-539x400.jpg 539w, https:\/\/elbistanhabermerkezi.com\/wp-content\/uploads\/2025\/09\/541660060_18527447167028357_2529419832657353270_n-1024x760.jpg 1024w, https:\/\/elbistanhabermerkezi.com\/wp-content\/uploads\/2025\/09\/541660060_18527447167028357_2529419832657353270_n-768x570.jpg 768w, https:\/\/elbistanhabermerkezi.com\/wp-content\/uploads\/2025\/09\/541660060_18527447167028357_2529419832657353270_n-141x105.jpg 141w, https:\/\/elbistanhabermerkezi.com\/wp-content\/uploads\/2025\/09\/541660060_18527447167028357_2529419832657353270_n-209x155.jpg 209w, https:\/\/elbistanhabermerkezi.com\/wp-content\/uploads\/2025\/09\/541660060_18527447167028357_2529419832657353270_n-298x221.jpg 298w, https:\/\/elbistanhabermerkezi.com\/wp-content\/uploads\/2025\/09\/541660060_18527447167028357_2529419832657353270_n-604x448.jpg 604w\" sizes=\"auto, (max-width: 1187px) 100vw, 1187px\" \/> <img loading=\"lazy\" decoding=\"async\" class=\"alignnone size-full wp-image-20914\" src=\"https:\/\/elbistanhabermerkezi.com\/wp-content\/uploads\/2025\/09\/541691637_18527447200028357_4241069318523153393_n.jpg\" alt=\"\" width=\"1187\" height=\"881\" srcset=\"https:\/\/elbistanhabermerkezi.com\/wp-content\/uploads\/2025\/09\/541691637_18527447200028357_4241069318523153393_n.jpg 1187w, https:\/\/elbistanhabermerkezi.com\/wp-content\/uploads\/2025\/09\/541691637_18527447200028357_4241069318523153393_n-539x400.jpg 539w, https:\/\/elbistanhabermerkezi.com\/wp-content\/uploads\/2025\/09\/541691637_18527447200028357_4241069318523153393_n-1024x760.jpg 1024w, https:\/\/elbistanhabermerkezi.com\/wp-content\/uploads\/2025\/09\/541691637_18527447200028357_4241069318523153393_n-768x570.jpg 768w, https:\/\/elbistanhabermerkezi.com\/wp-content\/uploads\/2025\/09\/541691637_18527447200028357_4241069318523153393_n-141x105.jpg 141w, https:\/\/elbistanhabermerkezi.com\/wp-content\/uploads\/2025\/09\/541691637_18527447200028357_4241069318523153393_n-209x155.jpg 209w, https:\/\/elbistanhabermerkezi.com\/wp-content\/uploads\/2025\/09\/541691637_18527447200028357_4241069318523153393_n-298x221.jpg 298w, https:\/\/elbistanhabermerkezi.com\/wp-content\/uploads\/2025\/09\/541691637_18527447200028357_4241069318523153393_n-604x448.jpg 604w\" sizes=\"auto, (max-width: 1187px) 100vw, 1187px\" \/> <img loading=\"lazy\" decoding=\"async\" class=\"alignnone size-full wp-image-20915\" src=\"https:\/\/elbistanhabermerkezi.com\/wp-content\/uploads\/2025\/09\/542357646_18527447158028357_2176853623840527652_n.jpg\" alt=\"\" width=\"1077\" height=\"800\" srcset=\"https:\/\/elbistanhabermerkezi.com\/wp-content\/uploads\/2025\/09\/542357646_18527447158028357_2176853623840527652_n.jpg 1077w, https:\/\/elbistanhabermerkezi.com\/wp-content\/uploads\/2025\/09\/542357646_18527447158028357_2176853623840527652_n-539x400.jpg 539w, https:\/\/elbistanhabermerkezi.com\/wp-content\/uploads\/2025\/09\/542357646_18527447158028357_2176853623840527652_n-1024x761.jpg 1024w, https:\/\/elbistanhabermerkezi.com\/wp-content\/uploads\/2025\/09\/542357646_18527447158028357_2176853623840527652_n-768x570.jpg 768w, https:\/\/elbistanhabermerkezi.com\/wp-content\/uploads\/2025\/09\/542357646_18527447158028357_2176853623840527652_n-141x105.jpg 141w, https:\/\/elbistanhabermerkezi.com\/wp-content\/uploads\/2025\/09\/542357646_18527447158028357_2176853623840527652_n-209x155.jpg 209w, https:\/\/elbistanhabermerkezi.com\/wp-content\/uploads\/2025\/09\/542357646_18527447158028357_2176853623840527652_n-298x221.jpg 298w, https:\/\/elbistanhabermerkezi.com\/wp-content\/uploads\/2025\/09\/542357646_18527447158028357_2176853623840527652_n-603x448.jpg 603w\" sizes=\"auto, (max-width: 1077px) 100vw, 1077px\" \/><\/strong><\/p>\n<div class=\"x14z9mp xat24cr x1lziwak x1vvkbs xtlvy1s x126k92a\">\n<div dir=\"auto\" style=\"text-align: justify;\"><\/div>\n<div dir=\"auto\" style=\"text-align: justify;\"><\/div>\n<\/div>\n","protected":false},"excerpt":{"rendered":"<p>20 Temmuz\u2019da ba\u015flayan adli tatil 1 Eyl\u00fcl itibar\u0131yla sona erdi. 2025-2026 Adli Y\u0131l a\u00e7\u0131l\u0131\u015f\u0131 i\u00e7in Elbistan Adliyesi\u2019nde t\u00f6ren d\u00fczenledi. T\u00f6rene, Af\u015fin Kaymakam\u0131,Elbistan Kaymakam Vekili Muammer Sar\u0131do\u011fan, AK Parti Kahramanmara\u015f Milletvekili Mevl\u00fct Kurt, Elbistan Belediye Ba\u015fkan\u0131 Erkan G\u00fcrb\u00fcz, Elbistan Cumhuriyet Ba\u015fsavc\u0131s\u0131 Ayta\u00e7 \u015eener, Elbistan Adalet Komisyonu 1. A\u011f\u0131r Ceza Mahkemesi Ba\u015fkan\u0131 Ahmet Ya\u015far Akbay, Ekin\u00f6z\u00fc Kaymakam\u0131 [&hellip;]<\/p>\n","protected":false},"author":1,"featured_media":20917,"comment_status":"open","ping_status":"open","sticky":false,"template":"","format":"standard","meta":{"_jetpack_memberships_contains_paid_content":false,"footnotes":""},"categories":[2,8],"tags":[],"class_list":["post-20910","post","type-post","status-publish","format-standard","has-post-thumbnail","hentry","category-3-sayfa","category-gundem"],"jetpack_featured_media_url":"https:\/\/elbistanhabermerkezi.com\/wp-content\/uploads\/2025\/09\/zzz.jpg","jetpack_sharing_enabled":true,"_links":{"self":[{"href":"https:\/\/elbistanhabermerkezi.com\/index.php\/wp-json\/wp\/v2\/posts\/20910","targetHints":{"allow":["GET"]}}],"collection":[{"href":"https:\/\/elbistanhabermerkezi.com\/index.php\/wp-json\/wp\/v2\/posts"}],"about":[{"href":"https:\/\/elbistanhabermerkezi.com\/index.php\/wp-json\/wp\/v2\/types\/post"}],"author":[{"embeddable":true,"href":"https:\/\/elbistanhabermerkezi.com\/index.php\/wp-json\/wp\/v2\/users\/1"}],"replies":[{"embeddable":true,"href":"https:\/\/elbistanhabermerkezi.com\/index.php\/wp-json\/wp\/v2\/comments?post=20910"}],"version-history":[{"count":1,"href":"https:\/\/elbistanhabermerkezi.com\/index.php\/wp-json\/wp\/v2\/posts\/20910\/revisions"}],"predecessor-version":[{"id":20919,"href":"https:\/\/elbistanhabermerkezi.com\/index.php\/wp-json\/wp\/v2\/posts\/20910\/revisions\/20919"}],"wp:featuredmedia":[{"embeddable":true,"href":"https:\/\/elbistanhabermerkezi.com\/index.php\/wp-json\/wp\/v2\/media\/20917"}],"wp:attachment":[{"href":"https:\/\/elbistanhabermerkezi.com\/index.php\/wp-json\/wp\/v2\/media?parent=20910"}],"wp:term":[{"taxonomy":"category","embeddable":true,"href":"https:\/\/elbistanhabermerkezi.com\/index.php\/wp-json\/wp\/v2\/categories?post=20910"},{"taxonomy":"post_tag","embeddable":true,"href":"https:\/\/elbistanhabermerkezi.com\/index.php\/wp-json\/wp\/v2\/tags?post=20910"}],"curies":[{"name":"wp","href":"https:\/\/api.w.org\/{rel}","templated":true}]}}