{"id":20877,"date":"2025-08-30T14:43:22","date_gmt":"2025-08-30T14:43:22","guid":{"rendered":"https:\/\/elbistanhabermerkezi.com\/?p=20877"},"modified":"2025-08-30T14:43:22","modified_gmt":"2025-08-30T14:43:22","slug":"30-agustos-zafer-bayrami-tum-yurtta-oldugu-gibi-elbistanda-da-coskuyla-kutlandi","status":"publish","type":"post","link":"https:\/\/elbistanhabermerkezi.com\/index.php\/2025\/08\/30\/30-agustos-zafer-bayrami-tum-yurtta-oldugu-gibi-elbistanda-da-coskuyla-kutlandi\/","title":{"rendered":"30 A\u011fustos Zafer Bayram\u0131 t\u00fcm yurtta oldu\u011fu gibi Elbistan\u2019da da Co\u015fkuyla Kutland\u0131."},"content":{"rendered":"<p><img loading=\"lazy\" decoding=\"async\" class=\"alignnone size-full wp-image-15355\" src=\"https:\/\/elbistanhabermerkezi.com\/wp-content\/uploads\/2024\/07\/ALIDOGAN.jpg\" alt=\"\" width=\"302\" height=\"302\" srcset=\"https:\/\/elbistanhabermerkezi.com\/wp-content\/uploads\/2024\/07\/ALIDOGAN.jpg 302w, https:\/\/elbistanhabermerkezi.com\/wp-content\/uploads\/2024\/07\/ALIDOGAN-105x105.jpg 105w, https:\/\/elbistanhabermerkezi.com\/wp-content\/uploads\/2024\/07\/ALIDOGAN-155x155.jpg 155w, https:\/\/elbistanhabermerkezi.com\/wp-content\/uploads\/2024\/07\/ALIDOGAN-221x221.jpg 221w\" sizes=\"auto, (max-width: 302px) 100vw, 302px\" \/><\/p>\n<div dir=\"auto\" style=\"text-align: justify;\"><\/div>\n<div dir=\"auto\" style=\"text-align: justify;\"><strong>30 A\u011fustos Zafer Bayram\u0131\u2019n\u0131n 103. y\u0131l d\u00f6n\u00fcm\u00fc kutlamalar\u0131, Cumhuriyet Meydan\u0131\u2019nda Atat\u00fcrk An\u0131t\u0131 \u00f6n\u00fcnde saat 10.00\u2019da ba\u015flad\u0131.<\/strong><\/div>\n<div dir=\"auto\"><\/div>\n<div dir=\"auto\" style=\"text-align: justify;\"><strong>T\u00f6rene; Af\u015fin Kaymakam\u0131, Elbistan Kaymakam Vekili Muammer Sar\u0131do\u011fan, Garnizon Komutan\u0131 Tank Y\u00fczba\u015f\u0131 Murat Kaygusuz, Elbistan Belediye Ba\u015fkan\u0131 Erkan G\u00fcrb\u00fcz, Cumhuriyet Ba\u015fsavc\u0131s\u0131 Ayta\u00e7 \u015eener, Adalet Komisyonu Ba\u015fkan\u0131 Ahmet Ya\u015far Akbay, daire amirleri, sivil toplum kurulu\u015fu temsilcileri, \u015fehit yak\u0131nlar\u0131, gaziler ve vatanda\u015flar kat\u0131ld\u0131.<\/strong><\/div>\n<div dir=\"auto\"><\/div>\n<div dir=\"auto\" style=\"text-align: justify;\"><strong>Protokol \u00e7elenklerinin sunulmas\u0131n\u0131n ard\u0131ndan, sayg\u0131 duru\u015funda bulunuldu ve \u0130stiklal Mar\u015f\u0131 okundu. G\u00fcn\u00fcn anlam ve \u00f6nemini belirten konu\u015fmay\u0131 Elbistan Askerlik \u015eubesi Ba\u015fkan\u0131 Aste\u011fmen Mustafa Talha Orhan yapt\u0131.<\/strong><\/div>\n<div dir=\"auto\"><\/div>\n<div dir=\"auto\" style=\"text-align: justify;\"><strong>T\u00f6ren sonunda Af\u015finli sporcu S\u0131tk\u0131 G\u00f6nen ve Elbistanl\u0131 sporcu Ferruh Do\u011fan, 30 kilometrelik Zafer Ko\u015fusunu tamamlayarak beraberlerinde ta\u015f\u0131d\u0131klar\u0131 T\u00fcrk Bayra\u011f\u0131\u2019n\u0131 Kaymakam Sar\u0131do\u011fan\u2019a takdim ettiler.<\/strong><\/div>\n<div dir=\"auto\"><\/div>\n<div dir=\"auto\" style=\"text-align: justify;\"><strong>Cumhuriyet Meydan\u0131\u2019ndaki t\u00f6renin ard\u0131ndan Kaymakam Sar\u0131do\u011fan, Kaymakaml\u0131k makam\u0131nda 30 A\u011fustos Zafer Bayram\u0131 tebriklerini kabul etti.<\/strong><\/div>\n<p><img loading=\"lazy\" decoding=\"async\" class=\"alignnone size-full wp-image-20878\" src=\"https:\/\/elbistanhabermerkezi.com\/wp-content\/uploads\/2025\/08\/539783965_18527080633028357_8238562832539337321_n.jpg\" alt=\"\" width=\"1065\" height=\"710\" srcset=\"https:\/\/elbistanhabermerkezi.com\/wp-content\/uploads\/2025\/08\/539783965_18527080633028357_8238562832539337321_n.jpg 1065w, https:\/\/elbistanhabermerkezi.com\/wp-content\/uploads\/2025\/08\/539783965_18527080633028357_8238562832539337321_n-600x400.jpg 600w, https:\/\/elbistanhabermerkezi.com\/wp-content\/uploads\/2025\/08\/539783965_18527080633028357_8238562832539337321_n-1024x683.jpg 1024w, https:\/\/elbistanhabermerkezi.com\/wp-content\/uploads\/2025\/08\/539783965_18527080633028357_8238562832539337321_n-768x512.jpg 768w, https:\/\/elbistanhabermerkezi.com\/wp-content\/uploads\/2025\/08\/539783965_18527080633028357_8238562832539337321_n-158x105.jpg 158w, https:\/\/elbistanhabermerkezi.com\/wp-content\/uploads\/2025\/08\/539783965_18527080633028357_8238562832539337321_n-233x155.jpg 233w, https:\/\/elbistanhabermerkezi.com\/wp-content\/uploads\/2025\/08\/539783965_18527080633028357_8238562832539337321_n-332x221.jpg 332w, https:\/\/elbistanhabermerkezi.com\/wp-content\/uploads\/2025\/08\/539783965_18527080633028357_8238562832539337321_n-672x448.jpg 672w\" sizes=\"auto, (max-width: 1065px) 100vw, 1065px\" \/> <img loading=\"lazy\" decoding=\"async\" class=\"alignnone size-full wp-image-20879\" src=\"https:\/\/elbistanhabermerkezi.com\/wp-content\/uploads\/2025\/08\/540508550_18527080603028357_6620834925525990910_n.jpg\" alt=\"\" width=\"1071\" height=\"717\" srcset=\"https:\/\/elbistanhabermerkezi.com\/wp-content\/uploads\/2025\/08\/540508550_18527080603028357_6620834925525990910_n.jpg 1071w, https:\/\/elbistanhabermerkezi.com\/wp-content\/uploads\/2025\/08\/540508550_18527080603028357_6620834925525990910_n-597x400.jpg 597w, https:\/\/elbistanhabermerkezi.com\/wp-content\/uploads\/2025\/08\/540508550_18527080603028357_6620834925525990910_n-1024x686.jpg 1024w, https:\/\/elbistanhabermerkezi.com\/wp-content\/uploads\/2025\/08\/540508550_18527080603028357_6620834925525990910_n-768x514.jpg 768w, https:\/\/elbistanhabermerkezi.com\/wp-content\/uploads\/2025\/08\/540508550_18527080603028357_6620834925525990910_n-157x105.jpg 157w, https:\/\/elbistanhabermerkezi.com\/wp-content\/uploads\/2025\/08\/540508550_18527080603028357_6620834925525990910_n-232x155.jpg 232w, https:\/\/elbistanhabermerkezi.com\/wp-content\/uploads\/2025\/08\/540508550_18527080603028357_6620834925525990910_n-330x221.jpg 330w, https:\/\/elbistanhabermerkezi.com\/wp-content\/uploads\/2025\/08\/540508550_18527080603028357_6620834925525990910_n-669x448.jpg 669w\" sizes=\"auto, (max-width: 1071px) 100vw, 1071px\" \/> <img loading=\"lazy\" decoding=\"async\" class=\"alignnone size-full wp-image-20880\" src=\"https:\/\/elbistanhabermerkezi.com\/wp-content\/uploads\/2025\/08\/540765440_18527080624028357_9209713651180707051_n.jpg\" alt=\"\" width=\"1065\" height=\"710\" srcset=\"https:\/\/elbistanhabermerkezi.com\/wp-content\/uploads\/2025\/08\/540765440_18527080624028357_9209713651180707051_n.jpg 1065w, https:\/\/elbistanhabermerkezi.com\/wp-content\/uploads\/2025\/08\/540765440_18527080624028357_9209713651180707051_n-600x400.jpg 600w, https:\/\/elbistanhabermerkezi.com\/wp-content\/uploads\/2025\/08\/540765440_18527080624028357_9209713651180707051_n-1024x683.jpg 1024w, https:\/\/elbistanhabermerkezi.com\/wp-content\/uploads\/2025\/08\/540765440_18527080624028357_9209713651180707051_n-768x512.jpg 768w, https:\/\/elbistanhabermerkezi.com\/wp-content\/uploads\/2025\/08\/540765440_18527080624028357_9209713651180707051_n-158x105.jpg 158w, https:\/\/elbistanhabermerkezi.com\/wp-content\/uploads\/2025\/08\/540765440_18527080624028357_9209713651180707051_n-233x155.jpg 233w, https:\/\/elbistanhabermerkezi.com\/wp-content\/uploads\/2025\/08\/540765440_18527080624028357_9209713651180707051_n-332x221.jpg 332w, https:\/\/elbistanhabermerkezi.com\/wp-content\/uploads\/2025\/08\/540765440_18527080624028357_9209713651180707051_n-672x448.jpg 672w\" sizes=\"auto, (max-width: 1065px) 100vw, 1065px\" \/> <img loading=\"lazy\" decoding=\"async\" class=\"alignnone size-full wp-image-20881\" src=\"https:\/\/elbistanhabermerkezi.com\/wp-content\/uploads\/2025\/08\/541129298_18527080642028357_3486809850874746633_n.jpg\" alt=\"\" width=\"1065\" height=\"710\" srcset=\"https:\/\/elbistanhabermerkezi.com\/wp-content\/uploads\/2025\/08\/541129298_18527080642028357_3486809850874746633_n.jpg 1065w, https:\/\/elbistanhabermerkezi.com\/wp-content\/uploads\/2025\/08\/541129298_18527080642028357_3486809850874746633_n-600x400.jpg 600w, https:\/\/elbistanhabermerkezi.com\/wp-content\/uploads\/2025\/08\/541129298_18527080642028357_3486809850874746633_n-1024x683.jpg 1024w, https:\/\/elbistanhabermerkezi.com\/wp-content\/uploads\/2025\/08\/541129298_18527080642028357_3486809850874746633_n-768x512.jpg 768w, https:\/\/elbistanhabermerkezi.com\/wp-content\/uploads\/2025\/08\/541129298_18527080642028357_3486809850874746633_n-158x105.jpg 158w, https:\/\/elbistanhabermerkezi.com\/wp-content\/uploads\/2025\/08\/541129298_18527080642028357_3486809850874746633_n-233x155.jpg 233w, https:\/\/elbistanhabermerkezi.com\/wp-content\/uploads\/2025\/08\/541129298_18527080642028357_3486809850874746633_n-332x221.jpg 332w, https:\/\/elbistanhabermerkezi.com\/wp-content\/uploads\/2025\/08\/541129298_18527080642028357_3486809850874746633_n-672x448.jpg 672w\" sizes=\"auto, (max-width: 1065px) 100vw, 1065px\" \/> <img loading=\"lazy\" decoding=\"async\" class=\"alignnone size-full wp-image-20882\" src=\"https:\/\/elbistanhabermerkezi.com\/wp-content\/uploads\/2025\/08\/541594093_18527080585028357_7528072670264130087_n.jpg\" alt=\"\" width=\"1065\" height=\"710\" srcset=\"https:\/\/elbistanhabermerkezi.com\/wp-content\/uploads\/2025\/08\/541594093_18527080585028357_7528072670264130087_n.jpg 1065w, https:\/\/elbistanhabermerkezi.com\/wp-content\/uploads\/2025\/08\/541594093_18527080585028357_7528072670264130087_n-600x400.jpg 600w, https:\/\/elbistanhabermerkezi.com\/wp-content\/uploads\/2025\/08\/541594093_18527080585028357_7528072670264130087_n-1024x683.jpg 1024w, https:\/\/elbistanhabermerkezi.com\/wp-content\/uploads\/2025\/08\/541594093_18527080585028357_7528072670264130087_n-768x512.jpg 768w, https:\/\/elbistanhabermerkezi.com\/wp-content\/uploads\/2025\/08\/541594093_18527080585028357_7528072670264130087_n-158x105.jpg 158w, https:\/\/elbistanhabermerkezi.com\/wp-content\/uploads\/2025\/08\/541594093_18527080585028357_7528072670264130087_n-233x155.jpg 233w, https:\/\/elbistanhabermerkezi.com\/wp-content\/uploads\/2025\/08\/541594093_18527080585028357_7528072670264130087_n-332x221.jpg 332w, https:\/\/elbistanhabermerkezi.com\/wp-content\/uploads\/2025\/08\/541594093_18527080585028357_7528072670264130087_n-672x448.jpg 672w\" sizes=\"auto, (max-width: 1065px) 100vw, 1065px\" \/> <img loading=\"lazy\" decoding=\"async\" class=\"alignnone size-full wp-image-20883\" src=\"https:\/\/elbistanhabermerkezi.com\/wp-content\/uploads\/2025\/08\/541852008_18527080570028357_5278229948235233693_n.jpg\" alt=\"\" width=\"1065\" height=\"710\" srcset=\"https:\/\/elbistanhabermerkezi.com\/wp-content\/uploads\/2025\/08\/541852008_18527080570028357_5278229948235233693_n.jpg 1065w, https:\/\/elbistanhabermerkezi.com\/wp-content\/uploads\/2025\/08\/541852008_18527080570028357_5278229948235233693_n-600x400.jpg 600w, https:\/\/elbistanhabermerkezi.com\/wp-content\/uploads\/2025\/08\/541852008_18527080570028357_5278229948235233693_n-1024x683.jpg 1024w, https:\/\/elbistanhabermerkezi.com\/wp-content\/uploads\/2025\/08\/541852008_18527080570028357_5278229948235233693_n-768x512.jpg 768w, https:\/\/elbistanhabermerkezi.com\/wp-content\/uploads\/2025\/08\/541852008_18527080570028357_5278229948235233693_n-158x105.jpg 158w, https:\/\/elbistanhabermerkezi.com\/wp-content\/uploads\/2025\/08\/541852008_18527080570028357_5278229948235233693_n-233x155.jpg 233w, https:\/\/elbistanhabermerkezi.com\/wp-content\/uploads\/2025\/08\/541852008_18527080570028357_5278229948235233693_n-332x221.jpg 332w, https:\/\/elbistanhabermerkezi.com\/wp-content\/uploads\/2025\/08\/541852008_18527080570028357_5278229948235233693_n-672x448.jpg 672w\" sizes=\"auto, (max-width: 1065px) 100vw, 1065px\" \/><\/p>\n","protected":false},"excerpt":{"rendered":"<p>30 A\u011fustos Zafer Bayram\u0131\u2019n\u0131n 103. y\u0131l d\u00f6n\u00fcm\u00fc kutlamalar\u0131, Cumhuriyet Meydan\u0131\u2019nda Atat\u00fcrk An\u0131t\u0131 \u00f6n\u00fcnde saat 10.00\u2019da ba\u015flad\u0131. T\u00f6rene; Af\u015fin Kaymakam\u0131, Elbistan Kaymakam Vekili Muammer Sar\u0131do\u011fan, Garnizon Komutan\u0131 Tank Y\u00fczba\u015f\u0131 Murat Kaygusuz, Elbistan Belediye Ba\u015fkan\u0131 Erkan G\u00fcrb\u00fcz, Cumhuriyet Ba\u015fsavc\u0131s\u0131 Ayta\u00e7 \u015eener, Adalet Komisyonu Ba\u015fkan\u0131 Ahmet Ya\u015far Akbay, daire amirleri, sivil toplum kurulu\u015fu temsilcileri, \u015fehit yak\u0131nlar\u0131, gaziler ve [&hellip;]<\/p>\n","protected":false},"author":1,"featured_media":20885,"comment_status":"open","ping_status":"open","sticky":false,"template":"","format":"standard","meta":{"_jetpack_memberships_contains_paid_content":false,"footnotes":""},"categories":[2,8],"tags":[],"class_list":["post-20877","post","type-post","status-publish","format-standard","has-post-thumbnail","hentry","category-3-sayfa","category-gundem"],"jetpack_featured_media_url":"https:\/\/elbistanhabermerkezi.com\/wp-content\/uploads\/2025\/08\/zzz-1.jpg","jetpack_sharing_enabled":true,"_links":{"self":[{"href":"https:\/\/elbistanhabermerkezi.com\/index.php\/wp-json\/wp\/v2\/posts\/20877","targetHints":{"allow":["GET"]}}],"collection":[{"href":"https:\/\/elbistanhabermerkezi.com\/index.php\/wp-json\/wp\/v2\/posts"}],"about":[{"href":"https:\/\/elbistanhabermerkezi.com\/index.php\/wp-json\/wp\/v2\/types\/post"}],"author":[{"embeddable":true,"href":"https:\/\/elbistanhabermerkezi.com\/index.php\/wp-json\/wp\/v2\/users\/1"}],"replies":[{"embeddable":true,"href":"https:\/\/elbistanhabermerkezi.com\/index.php\/wp-json\/wp\/v2\/comments?post=20877"}],"version-history":[{"count":1,"href":"https:\/\/elbistanhabermerkezi.com\/index.php\/wp-json\/wp\/v2\/posts\/20877\/revisions"}],"predecessor-version":[{"id":20887,"href":"https:\/\/elbistanhabermerkezi.com\/index.php\/wp-json\/wp\/v2\/posts\/20877\/revisions\/20887"}],"wp:featuredmedia":[{"embeddable":true,"href":"https:\/\/elbistanhabermerkezi.com\/index.php\/wp-json\/wp\/v2\/media\/20885"}],"wp:attachment":[{"href":"https:\/\/elbistanhabermerkezi.com\/index.php\/wp-json\/wp\/v2\/media?parent=20877"}],"wp:term":[{"taxonomy":"category","embeddable":true,"href":"https:\/\/elbistanhabermerkezi.com\/index.php\/wp-json\/wp\/v2\/categories?post=20877"},{"taxonomy":"post_tag","embeddable":true,"href":"https:\/\/elbistanhabermerkezi.com\/index.php\/wp-json\/wp\/v2\/tags?post=20877"}],"curies":[{"name":"wp","href":"https:\/\/api.w.org\/{rel}","templated":true}]}}