{"id":20446,"date":"2025-07-25T08:02:00","date_gmt":"2025-07-25T08:02:00","guid":{"rendered":"https:\/\/elbistanhabermerkezi.com\/?p=20446"},"modified":"2025-07-25T08:02:00","modified_gmt":"2025-07-25T08:02:00","slug":"sardaginda-kinali-keklikler-dogaya-salindi","status":"publish","type":"post","link":"https:\/\/elbistanhabermerkezi.com\/index.php\/2025\/07\/25\/sardaginda-kinali-keklikler-dogaya-salindi\/","title":{"rendered":"\u015earda\u011f\u0131\u2019nda K\u0131nal\u0131 Keklikler Do\u011faya Sal\u0131nd\u0131."},"content":{"rendered":"<div dir=\"auto\" style=\"text-align: justify;\"><strong><img loading=\"lazy\" decoding=\"async\" src=\"https:\/\/elbistanhabermerkezi.com\/wp-content\/uploads\/2024\/07\/ALIDOGAN.jpg\" alt=\"\" width=\"302\" height=\"302\" \/><\/strong><\/div>\n<div dir=\"auto\"><\/div>\n<div dir=\"auto\" style=\"text-align: justify;\"><strong>Kahramanmara\u015f Do\u011fa Koruma ve Milli Parklar \u0130l M\u00fcd\u00fcrl\u00fc\u011f\u00fc taraf\u0131ndan y\u00fcr\u00fct\u00fclen biyolojik m\u00fccadele \u00e7al\u0131\u015fmalar\u0131 kapsam\u0131nda, Elbistan \u015earda\u011f\u0131\u2019nda 150 k\u0131nal\u0131 keklik do\u011faya b\u0131rak\u0131ld\u0131. <\/strong><\/div>\n<div dir=\"auto\"><\/div>\n<div dir=\"auto\" style=\"text-align: justify;\"><strong>Kene pop\u00fclasyonunu do\u011fal yollarla kontrol alt\u0131na almak amac\u0131yla ger\u00e7ekle\u015ftirilen bu \u00e7al\u0131\u015fma, hem ekosistemin korunmas\u0131na hem de halk sa\u011fl\u0131\u011f\u0131n\u0131n desteklenmesine katk\u0131 sa\u011fl\u0131yor.<\/strong><\/div>\n<div dir=\"auto\"><\/div>\n<div dir=\"auto\" style=\"text-align: justify;\"><strong>Programa; Kaymakam Muhammet Fatih Demirel, Belediye Ba\u015fkan Yard\u0131mc\u0131s\u0131 Musa Toraman, DKMP \u0130l M\u00fcd\u00fcr\u00fc Faruk T\u00fcl\u00fcc\u00fc, Prof. Dr. \u00c7a\u011fr\u0131 \u00c7a\u011flar Sinmez (Erciyes \u00dcniversitesi), Prof. Dr. \u00c7a\u011fr\u0131 \u00d6zg\u00fcr \u00d6zkan (Kahramanmara\u015f S\u00fct\u00e7\u00fc \u0130mam \u00dcniversitesi G\u00f6ksun MYO), \u0130l\u00e7e Jandarma Komutan\u0131 Y\u0131ld\u0131ray Y\u0131ld\u0131z, \u0130l\u00e7e Emniyet M\u00fcd\u00fcr V. U\u011fur Koyuncu, \u0130l\u00e7e Tar\u0131m ve Orman M\u00fcd\u00fcr V. \u00d6mer Tontu\u015f, Orman \u0130\u015fletme \u015eefi Sultan Demir, Elbistan DKMP \u015eefi Ali Aysabar ve beraberindeki heyet kat\u0131ld\u0131.<\/strong><\/div>\n<div dir=\"auto\"><\/div>\n<div dir=\"auto\" style=\"text-align: justify;\"><img loading=\"lazy\" decoding=\"async\" class=\"alignnone size-full wp-image-20447\" src=\"https:\/\/elbistanhabermerkezi.com\/wp-content\/uploads\/2025\/07\/520989316_1072756508339510_3138310670318202882_n.jpg\" alt=\"\" width=\"2048\" height=\"1365\" srcset=\"https:\/\/elbistanhabermerkezi.com\/wp-content\/uploads\/2025\/07\/520989316_1072756508339510_3138310670318202882_n.jpg 2048w, https:\/\/elbistanhabermerkezi.com\/wp-content\/uploads\/2025\/07\/520989316_1072756508339510_3138310670318202882_n-600x400.jpg 600w, https:\/\/elbistanhabermerkezi.com\/wp-content\/uploads\/2025\/07\/520989316_1072756508339510_3138310670318202882_n-1024x683.jpg 1024w, https:\/\/elbistanhabermerkezi.com\/wp-content\/uploads\/2025\/07\/520989316_1072756508339510_3138310670318202882_n-768x512.jpg 768w, https:\/\/elbistanhabermerkezi.com\/wp-content\/uploads\/2025\/07\/520989316_1072756508339510_3138310670318202882_n-1536x1024.jpg 1536w, https:\/\/elbistanhabermerkezi.com\/wp-content\/uploads\/2025\/07\/520989316_1072756508339510_3138310670318202882_n-158x105.jpg 158w, https:\/\/elbistanhabermerkezi.com\/wp-content\/uploads\/2025\/07\/520989316_1072756508339510_3138310670318202882_n-233x155.jpg 233w, https:\/\/elbistanhabermerkezi.com\/wp-content\/uploads\/2025\/07\/520989316_1072756508339510_3138310670318202882_n-332x221.jpg 332w, https:\/\/elbistanhabermerkezi.com\/wp-content\/uploads\/2025\/07\/520989316_1072756508339510_3138310670318202882_n-672x448.jpg 672w\" sizes=\"auto, (max-width: 2048px) 100vw, 2048px\" \/> <img loading=\"lazy\" decoding=\"async\" class=\"alignnone size-full wp-image-20448\" src=\"https:\/\/elbistanhabermerkezi.com\/wp-content\/uploads\/2025\/07\/522828462_1072756678339493_6652185077819266398_n.jpg\" alt=\"\" width=\"2048\" height=\"1365\" srcset=\"https:\/\/elbistanhabermerkezi.com\/wp-content\/uploads\/2025\/07\/522828462_1072756678339493_6652185077819266398_n.jpg 2048w, https:\/\/elbistanhabermerkezi.com\/wp-content\/uploads\/2025\/07\/522828462_1072756678339493_6652185077819266398_n-600x400.jpg 600w, https:\/\/elbistanhabermerkezi.com\/wp-content\/uploads\/2025\/07\/522828462_1072756678339493_6652185077819266398_n-1024x683.jpg 1024w, https:\/\/elbistanhabermerkezi.com\/wp-content\/uploads\/2025\/07\/522828462_1072756678339493_6652185077819266398_n-768x512.jpg 768w, https:\/\/elbistanhabermerkezi.com\/wp-content\/uploads\/2025\/07\/522828462_1072756678339493_6652185077819266398_n-1536x1024.jpg 1536w, https:\/\/elbistanhabermerkezi.com\/wp-content\/uploads\/2025\/07\/522828462_1072756678339493_6652185077819266398_n-158x105.jpg 158w, https:\/\/elbistanhabermerkezi.com\/wp-content\/uploads\/2025\/07\/522828462_1072756678339493_6652185077819266398_n-233x155.jpg 233w, https:\/\/elbistanhabermerkezi.com\/wp-content\/uploads\/2025\/07\/522828462_1072756678339493_6652185077819266398_n-332x221.jpg 332w, https:\/\/elbistanhabermerkezi.com\/wp-content\/uploads\/2025\/07\/522828462_1072756678339493_6652185077819266398_n-672x448.jpg 672w\" sizes=\"auto, (max-width: 2048px) 100vw, 2048px\" \/> <img loading=\"lazy\" decoding=\"async\" class=\"alignnone size-full wp-image-20449\" src=\"https:\/\/elbistanhabermerkezi.com\/wp-content\/uploads\/2025\/07\/523476590_1072756305006197_5606902916400615930_n.jpg\" alt=\"\" width=\"2048\" height=\"1365\" srcset=\"https:\/\/elbistanhabermerkezi.com\/wp-content\/uploads\/2025\/07\/523476590_1072756305006197_5606902916400615930_n.jpg 2048w, https:\/\/elbistanhabermerkezi.com\/wp-content\/uploads\/2025\/07\/523476590_1072756305006197_5606902916400615930_n-600x400.jpg 600w, https:\/\/elbistanhabermerkezi.com\/wp-content\/uploads\/2025\/07\/523476590_1072756305006197_5606902916400615930_n-1024x683.jpg 1024w, https:\/\/elbistanhabermerkezi.com\/wp-content\/uploads\/2025\/07\/523476590_1072756305006197_5606902916400615930_n-768x512.jpg 768w, https:\/\/elbistanhabermerkezi.com\/wp-content\/uploads\/2025\/07\/523476590_1072756305006197_5606902916400615930_n-1536x1024.jpg 1536w, https:\/\/elbistanhabermerkezi.com\/wp-content\/uploads\/2025\/07\/523476590_1072756305006197_5606902916400615930_n-158x105.jpg 158w, https:\/\/elbistanhabermerkezi.com\/wp-content\/uploads\/2025\/07\/523476590_1072756305006197_5606902916400615930_n-233x155.jpg 233w, https:\/\/elbistanhabermerkezi.com\/wp-content\/uploads\/2025\/07\/523476590_1072756305006197_5606902916400615930_n-332x221.jpg 332w, https:\/\/elbistanhabermerkezi.com\/wp-content\/uploads\/2025\/07\/523476590_1072756305006197_5606902916400615930_n-672x448.jpg 672w\" sizes=\"auto, (max-width: 2048px) 100vw, 2048px\" \/> <img loading=\"lazy\" decoding=\"async\" class=\"alignnone size-full wp-image-20450\" src=\"https:\/\/elbistanhabermerkezi.com\/wp-content\/uploads\/2025\/07\/523739931_1072756551672839_1769605174562533512_n.jpg\" alt=\"\" width=\"2048\" height=\"1365\" srcset=\"https:\/\/elbistanhabermerkezi.com\/wp-content\/uploads\/2025\/07\/523739931_1072756551672839_1769605174562533512_n.jpg 2048w, https:\/\/elbistanhabermerkezi.com\/wp-content\/uploads\/2025\/07\/523739931_1072756551672839_1769605174562533512_n-600x400.jpg 600w, https:\/\/elbistanhabermerkezi.com\/wp-content\/uploads\/2025\/07\/523739931_1072756551672839_1769605174562533512_n-1024x683.jpg 1024w, https:\/\/elbistanhabermerkezi.com\/wp-content\/uploads\/2025\/07\/523739931_1072756551672839_1769605174562533512_n-768x512.jpg 768w, https:\/\/elbistanhabermerkezi.com\/wp-content\/uploads\/2025\/07\/523739931_1072756551672839_1769605174562533512_n-1536x1024.jpg 1536w, https:\/\/elbistanhabermerkezi.com\/wp-content\/uploads\/2025\/07\/523739931_1072756551672839_1769605174562533512_n-158x105.jpg 158w, https:\/\/elbistanhabermerkezi.com\/wp-content\/uploads\/2025\/07\/523739931_1072756551672839_1769605174562533512_n-233x155.jpg 233w, https:\/\/elbistanhabermerkezi.com\/wp-content\/uploads\/2025\/07\/523739931_1072756551672839_1769605174562533512_n-332x221.jpg 332w, https:\/\/elbistanhabermerkezi.com\/wp-content\/uploads\/2025\/07\/523739931_1072756551672839_1769605174562533512_n-672x448.jpg 672w\" sizes=\"auto, (max-width: 2048px) 100vw, 2048px\" \/> <img loading=\"lazy\" decoding=\"async\" class=\"alignnone size-full wp-image-20451\" src=\"https:\/\/elbistanhabermerkezi.com\/wp-content\/uploads\/2025\/07\/523781167_1072756078339553_2321840310560854987_n.jpg\" alt=\"\" width=\"2048\" height=\"1365\" srcset=\"https:\/\/elbistanhabermerkezi.com\/wp-content\/uploads\/2025\/07\/523781167_1072756078339553_2321840310560854987_n.jpg 2048w, https:\/\/elbistanhabermerkezi.com\/wp-content\/uploads\/2025\/07\/523781167_1072756078339553_2321840310560854987_n-600x400.jpg 600w, https:\/\/elbistanhabermerkezi.com\/wp-content\/uploads\/2025\/07\/523781167_1072756078339553_2321840310560854987_n-1024x683.jpg 1024w, https:\/\/elbistanhabermerkezi.com\/wp-content\/uploads\/2025\/07\/523781167_1072756078339553_2321840310560854987_n-768x512.jpg 768w, https:\/\/elbistanhabermerkezi.com\/wp-content\/uploads\/2025\/07\/523781167_1072756078339553_2321840310560854987_n-1536x1024.jpg 1536w, https:\/\/elbistanhabermerkezi.com\/wp-content\/uploads\/2025\/07\/523781167_1072756078339553_2321840310560854987_n-158x105.jpg 158w, https:\/\/elbistanhabermerkezi.com\/wp-content\/uploads\/2025\/07\/523781167_1072756078339553_2321840310560854987_n-233x155.jpg 233w, https:\/\/elbistanhabermerkezi.com\/wp-content\/uploads\/2025\/07\/523781167_1072756078339553_2321840310560854987_n-332x221.jpg 332w, https:\/\/elbistanhabermerkezi.com\/wp-content\/uploads\/2025\/07\/523781167_1072756078339553_2321840310560854987_n-672x448.jpg 672w\" sizes=\"auto, (max-width: 2048px) 100vw, 2048px\" \/><\/div>\n","protected":false},"excerpt":{"rendered":"<p>Kahramanmara\u015f Do\u011fa Koruma ve Milli Parklar \u0130l M\u00fcd\u00fcrl\u00fc\u011f\u00fc taraf\u0131ndan y\u00fcr\u00fct\u00fclen biyolojik m\u00fccadele \u00e7al\u0131\u015fmalar\u0131 kapsam\u0131nda, Elbistan \u015earda\u011f\u0131\u2019nda 150 k\u0131nal\u0131 keklik do\u011faya b\u0131rak\u0131ld\u0131. Kene pop\u00fclasyonunu do\u011fal yollarla kontrol alt\u0131na almak amac\u0131yla ger\u00e7ekle\u015ftirilen bu \u00e7al\u0131\u015fma, hem ekosistemin korunmas\u0131na hem de halk sa\u011fl\u0131\u011f\u0131n\u0131n desteklenmesine katk\u0131 sa\u011fl\u0131yor. Programa; Kaymakam Muhammet Fatih Demirel, Belediye Ba\u015fkan Yard\u0131mc\u0131s\u0131 Musa Toraman, DKMP \u0130l M\u00fcd\u00fcr\u00fc [&hellip;]<\/p>\n","protected":false},"author":1,"featured_media":20453,"comment_status":"open","ping_status":"open","sticky":false,"template":"","format":"standard","meta":{"_jetpack_memberships_contains_paid_content":false,"footnotes":""},"categories":[2,8],"tags":[],"class_list":["post-20446","post","type-post","status-publish","format-standard","has-post-thumbnail","hentry","category-3-sayfa","category-gundem"],"jetpack_featured_media_url":"https:\/\/elbistanhabermerkezi.com\/wp-content\/uploads\/2025\/07\/xxx-1.jpg","jetpack_sharing_enabled":true,"_links":{"self":[{"href":"https:\/\/elbistanhabermerkezi.com\/index.php\/wp-json\/wp\/v2\/posts\/20446","targetHints":{"allow":["GET"]}}],"collection":[{"href":"https:\/\/elbistanhabermerkezi.com\/index.php\/wp-json\/wp\/v2\/posts"}],"about":[{"href":"https:\/\/elbistanhabermerkezi.com\/index.php\/wp-json\/wp\/v2\/types\/post"}],"author":[{"embeddable":true,"href":"https:\/\/elbistanhabermerkezi.com\/index.php\/wp-json\/wp\/v2\/users\/1"}],"replies":[{"embeddable":true,"href":"https:\/\/elbistanhabermerkezi.com\/index.php\/wp-json\/wp\/v2\/comments?post=20446"}],"version-history":[{"count":1,"href":"https:\/\/elbistanhabermerkezi.com\/index.php\/wp-json\/wp\/v2\/posts\/20446\/revisions"}],"predecessor-version":[{"id":20455,"href":"https:\/\/elbistanhabermerkezi.com\/index.php\/wp-json\/wp\/v2\/posts\/20446\/revisions\/20455"}],"wp:featuredmedia":[{"embeddable":true,"href":"https:\/\/elbistanhabermerkezi.com\/index.php\/wp-json\/wp\/v2\/media\/20453"}],"wp:attachment":[{"href":"https:\/\/elbistanhabermerkezi.com\/index.php\/wp-json\/wp\/v2\/media?parent=20446"}],"wp:term":[{"taxonomy":"category","embeddable":true,"href":"https:\/\/elbistanhabermerkezi.com\/index.php\/wp-json\/wp\/v2\/categories?post=20446"},{"taxonomy":"post_tag","embeddable":true,"href":"https:\/\/elbistanhabermerkezi.com\/index.php\/wp-json\/wp\/v2\/tags?post=20446"}],"curies":[{"name":"wp","href":"https:\/\/api.w.org\/{rel}","templated":true}]}}