{"id":20357,"date":"2025-07-17T12:04:26","date_gmt":"2025-07-17T12:04:26","guid":{"rendered":"https:\/\/elbistanhabermerkezi.com\/?p=20357"},"modified":"2025-07-17T12:04:26","modified_gmt":"2025-07-17T12:04:26","slug":"harun-mutlumardinin-mazidagi-ilce-muftusu-oldu","status":"publish","type":"post","link":"https:\/\/elbistanhabermerkezi.com\/index.php\/2025\/07\/17\/harun-mutlumardinin-mazidagi-ilce-muftusu-oldu\/","title":{"rendered":"Harun Mutlu,Mardin&#8217;in Maz\u0131da\u011f\u0131 \u0130l\u00e7e M\u00fcft\u00fcs\u00fc oldu."},"content":{"rendered":"<p style=\"text-align: justify;\"><img loading=\"lazy\" decoding=\"async\" src=\"https:\/\/elbistanhabermerkezi.com\/wp-content\/uploads\/2024\/01\/halild6.jpg\" alt=\"\" width=\"302\" height=\"202\" \/><\/p>\n<p style=\"text-align: justify;\">Yakla\u015f\u0131k 3 y\u0131ld\u0131r Elbistan M\u00fcft\u00fcl\u00fc\u011f\u00fc \u015eube m\u00fcd\u00fcr\u00fc olarak g\u00f6rev yapan Harun Mutlu, Diyanet \u0130\u015fleri Ba\u015fkanl\u0131\u011f\u0131nca a\u00e7\u0131lan \u0130l\u00e7e M\u00fcft\u00fcl\u00fc\u011f\u00fc s\u0131nav\u0131nda ba\u015far\u0131 g\u00f6stererek il\u00e7e m\u00fcft\u00fcs\u00fc olmaya hak kazand\u0131.<\/p>\n<p style=\"text-align: justify;\">Yap\u0131lan yerle\u015ftirme sonucunda Mardin&#8217;in Maz\u0131da\u011f\u0131 il\u00e7e m\u00fcft\u00fcs\u00fc olarak atanan Harun Mutlu, Elbistan Kaymakam\u0131 Muhammet Fatih Demirel taraf\u0131ndan ba\u015far\u0131 belgesi ile taltif edildi.<\/p>\n<p style=\"text-align: justify;\">Elbistan \u0130l\u00e7e M\u00fcft\u00fcs\u00fc Muhammed Yusuf Ya\u015far taraf\u0131ndan plaket verilen Mutlu, personel toplant\u0131s\u0131nda M\u00fcft\u00fcl\u00fck b\u00fcnyesinde g\u00f6rev yapan personel ile vedala\u015ft\u0131.<\/p>\n<p style=\"text-align: justify;\">\u0130l\u00e7e m\u00fcft\u00fcs\u00fc olarak atanan Mutlu&#8217;ya yeni unvan ve g\u00f6revinde ba\u015far\u0131lar dileriz.<\/p>\n<p style=\"text-align: justify;\"><img loading=\"lazy\" decoding=\"async\" src=\"https:\/\/elbistanhabermerkezi.com\/wp-content\/uploads\/2025\/07\/518137262_1341427747991032_7297041756962059871_n.jpg\" alt=\"\" width=\"1600\" height=\"1131\" \/> <img loading=\"lazy\" decoding=\"async\" src=\"https:\/\/elbistanhabermerkezi.com\/wp-content\/uploads\/2025\/07\/519466228_1341427821324358_4839930000047940763_n.jpg\" alt=\"\" width=\"1600\" height=\"1131\" \/> <img loading=\"lazy\" decoding=\"async\" src=\"https:\/\/elbistanhabermerkezi.com\/wp-content\/uploads\/2025\/07\/519578738_1341427784657695_3739234564331986451_n.jpg\" alt=\"\" width=\"1600\" height=\"1131\" \/><\/p>\n","protected":false},"excerpt":{"rendered":"<p>Yakla\u015f\u0131k 3 y\u0131ld\u0131r Elbistan M\u00fcft\u00fcl\u00fc\u011f\u00fc \u015eube m\u00fcd\u00fcr\u00fc olarak g\u00f6rev yapan Harun Mutlu, Diyanet \u0130\u015fleri Ba\u015fkanl\u0131\u011f\u0131nca a\u00e7\u0131lan \u0130l\u00e7e M\u00fcft\u00fcl\u00fc\u011f\u00fc s\u0131nav\u0131nda ba\u015far\u0131 g\u00f6stererek il\u00e7e m\u00fcft\u00fcs\u00fc olmaya hak kazand\u0131. Yap\u0131lan yerle\u015ftirme sonucunda Mardin&#8217;in Maz\u0131da\u011f\u0131 il\u00e7e m\u00fcft\u00fcs\u00fc olarak atanan Harun Mutlu, Elbistan Kaymakam\u0131 Muhammet Fatih Demirel taraf\u0131ndan ba\u015far\u0131 belgesi ile taltif edildi. Elbistan \u0130l\u00e7e M\u00fcft\u00fcs\u00fc Muhammed Yusuf Ya\u015far taraf\u0131ndan [&hellip;]<\/p>\n","protected":false},"author":1,"featured_media":20362,"comment_status":"open","ping_status":"open","sticky":false,"template":"","format":"standard","meta":{"_jetpack_memberships_contains_paid_content":false,"footnotes":""},"categories":[2,8],"tags":[],"class_list":["post-20357","post","type-post","status-publish","format-standard","has-post-thumbnail","hentry","category-3-sayfa","category-gundem"],"jetpack_featured_media_url":"https:\/\/elbistanhabermerkezi.com\/wp-content\/uploads\/2025\/07\/xx.jpg","jetpack_sharing_enabled":true,"_links":{"self":[{"href":"https:\/\/elbistanhabermerkezi.com\/index.php\/wp-json\/wp\/v2\/posts\/20357","targetHints":{"allow":["GET"]}}],"collection":[{"href":"https:\/\/elbistanhabermerkezi.com\/index.php\/wp-json\/wp\/v2\/posts"}],"about":[{"href":"https:\/\/elbistanhabermerkezi.com\/index.php\/wp-json\/wp\/v2\/types\/post"}],"author":[{"embeddable":true,"href":"https:\/\/elbistanhabermerkezi.com\/index.php\/wp-json\/wp\/v2\/users\/1"}],"replies":[{"embeddable":true,"href":"https:\/\/elbistanhabermerkezi.com\/index.php\/wp-json\/wp\/v2\/comments?post=20357"}],"version-history":[{"count":2,"href":"https:\/\/elbistanhabermerkezi.com\/index.php\/wp-json\/wp\/v2\/posts\/20357\/revisions"}],"predecessor-version":[{"id":20365,"href":"https:\/\/elbistanhabermerkezi.com\/index.php\/wp-json\/wp\/v2\/posts\/20357\/revisions\/20365"}],"wp:featuredmedia":[{"embeddable":true,"href":"https:\/\/elbistanhabermerkezi.com\/index.php\/wp-json\/wp\/v2\/media\/20362"}],"wp:attachment":[{"href":"https:\/\/elbistanhabermerkezi.com\/index.php\/wp-json\/wp\/v2\/media?parent=20357"}],"wp:term":[{"taxonomy":"category","embeddable":true,"href":"https:\/\/elbistanhabermerkezi.com\/index.php\/wp-json\/wp\/v2\/categories?post=20357"},{"taxonomy":"post_tag","embeddable":true,"href":"https:\/\/elbistanhabermerkezi.com\/index.php\/wp-json\/wp\/v2\/tags?post=20357"}],"curies":[{"name":"wp","href":"https:\/\/api.w.org\/{rel}","templated":true}]}}