{"id":20166,"date":"2025-07-04T15:15:35","date_gmt":"2025-07-04T15:15:35","guid":{"rendered":"https:\/\/elbistanhabermerkezi.com\/?p=20166"},"modified":"2025-07-04T15:15:35","modified_gmt":"2025-07-04T15:15:35","slug":"elmuhay-vakfi-baskani-ugur-yinanctan-vefa-bulusmasi","status":"publish","type":"post","link":"https:\/\/elbistanhabermerkezi.com\/index.php\/2025\/07\/04\/elmuhay-vakfi-baskani-ugur-yinanctan-vefa-bulusmasi\/","title":{"rendered":"ELM\u00dcHAY VAKFI BA\u015eKANI U\u011eUR Y\u0130NAN\u00c7&#8217;TAN VEFA BULU\u015eMASI!"},"content":{"rendered":"<p style=\"text-align: justify;\"><strong><img loading=\"lazy\" decoding=\"async\" class=\"alignnone size-full wp-image-15355\" src=\"https:\/\/elbistanhabermerkezi.com\/wp-content\/uploads\/2024\/07\/ALIDOGAN.jpg\" alt=\"\" width=\"302\" height=\"302\" srcset=\"https:\/\/elbistanhabermerkezi.com\/wp-content\/uploads\/2024\/07\/ALIDOGAN.jpg 302w, https:\/\/elbistanhabermerkezi.com\/wp-content\/uploads\/2024\/07\/ALIDOGAN-105x105.jpg 105w, https:\/\/elbistanhabermerkezi.com\/wp-content\/uploads\/2024\/07\/ALIDOGAN-155x155.jpg 155w, https:\/\/elbistanhabermerkezi.com\/wp-content\/uploads\/2024\/07\/ALIDOGAN-221x221.jpg 221w\" sizes=\"auto, (max-width: 302px) 100vw, 302px\" \/><\/strong><\/p>\n<p style=\"text-align: justify;\"><strong>Elbistan M\u00fckrimin Halil Yinan\u00e7 Aile Vakf\u0131 (EL\u00dcM\u00dcHAY) Vakf\u0131n\u0131n \u015fehre ve insana dair vefa \u00e7al\u0131\u015fmalar\u0131 devam ediyor.<\/strong><\/p>\n<p style=\"text-align: justify;\"><strong>Bu kapsamda Aslen Elbistanl\u0131 olup Fransa Devlet Ni\u015fan\u0131 sahibi Prof. Dr. Murat Ayka\u00e7 Ergin\u00f6z ve ailesi \u00f6zel bir programla \u00f6zel bir mekanda misafir edildi.<\/strong><\/p>\n<p style=\"text-align: justify;\"><strong>Elbistan K\u00fclt\u00fcr Sanat Derne\u011fi (EKSADER)\u2019in onur konu\u011fu olarak Elbistan\u2019a gelen Prof. Dr. Murat Ayka\u00e7 Ergin\u00f6z, k\u0131z karde\u015fi Ayten Han\u0131m, o\u011flu Murat Bey, EKSADER Ba\u015fkan\u0131 Fatma Do\u011fu\u00e7, Tarih\u00e7i Yazar Orhan Saydam,Dr.Ahmet Vural,Salim Ergin\u00f6z,G\u00d6N\u00dcLDER Ba\u015fkan\u0131 H\u00fcseyin Bozkurt, \u0130stanbul FEM Bilimleri Okulu sahibi Mehmet Erdo\u011fan,Meksen Okur,\u0130\u015fadam\u0131 Hasan T\u0131ra\u015f,Tacettin Akda\u011f,SUMAKDER Ba\u015fkan\u0131 Mahmut G\u00f6k\u015fen,Af\u015fin\/B\u00fcy\u00fcksevin Mahallesinden S\u00fcleyman G\u00f6k\u015fen,G\u00d6N\u00dcLDER \u00dcyesi Salih Menderes Bard\u0131z,Necla Tekin,Af\u015fin \u0130\u015f Merkezi Yay\u0131n Y\u00f6netmeni H.Mustafa Demir,Ara\u015ft\u0131rmac\u0131 Yazar \u00d6mer Hakan \u00d6zalp, Elbistan Haber Merkezi Yaz\u0131 \u0130\u015fleri M\u00fcd\u00fcr\u00fc Ali Do\u011fan ve Merkez Yay\u0131n Grubu Genel Yay\u0131n Y\u00f6netmeni Halil Demir&#8217;in kat\u0131ld\u0131\u011f\u0131 program ELM\u00dcHAY Vakf\u0131 Ba\u015fkan\u0131 U\u011fur Yinan\u00e7&#8217;in ev sahipli\u011finde Yinan\u00e7 ailesine ait evde yap\u0131ld\u0131.<\/strong><\/p>\n<p style=\"text-align: justify;\"><strong>Elbistan ve kom\u015fu \u0130l\u00e7elerinin de\u011ferlerinin konu\u015fuldu\u011fu etkinlikte davetlilere Tescilli Af\u015fin Tavas\u0131,Elbistan Cevizli \u015eekeri,Af\u015fin Tarhanas\u0131 gibi y\u00f6resel \u00fcr\u00fcnler ikram edildi.<\/strong><\/p>\n<p style=\"text-align: justify;\"><strong>ELM\u00dcHAY Vakf\u0131 Ba\u015fkan\u0131 U\u011fur Yinan\u00e7, davete icabet eden herkese te\u015fekk\u00fcr ederken, Prof. Dr. Murat Ayka\u00e7 Ergin\u00f6z&#8217;de geldi\u011fi memleketinde s\u0131cak kar\u015f\u0131lama dolay\u0131s\u0131 ile hem\u015fehrilerine te\u015fekk\u00fcr etti.<\/strong><\/p>\n<p style=\"text-align: justify;\"><strong><img loading=\"lazy\" decoding=\"async\" class=\"alignnone size-full wp-image-20167\" src=\"https:\/\/elbistanhabermerkezi.com\/wp-content\/uploads\/2025\/07\/IMG_20250625_201126.jpg\" alt=\"\" width=\"800\" height=\"442\" srcset=\"https:\/\/elbistanhabermerkezi.com\/wp-content\/uploads\/2025\/07\/IMG_20250625_201126.jpg 800w, https:\/\/elbistanhabermerkezi.com\/wp-content\/uploads\/2025\/07\/IMG_20250625_201126-600x332.jpg 600w, https:\/\/elbistanhabermerkezi.com\/wp-content\/uploads\/2025\/07\/IMG_20250625_201126-768x424.jpg 768w, https:\/\/elbistanhabermerkezi.com\/wp-content\/uploads\/2025\/07\/IMG_20250625_201126-171x94.jpg 171w, https:\/\/elbistanhabermerkezi.com\/wp-content\/uploads\/2025\/07\/IMG_20250625_201126-278x155.jpg 278w, https:\/\/elbistanhabermerkezi.com\/wp-content\/uploads\/2025\/07\/IMG_20250625_201126-376x208.jpg 376w, https:\/\/elbistanhabermerkezi.com\/wp-content\/uploads\/2025\/07\/IMG_20250625_201126-796x440.jpg 796w\" sizes=\"auto, (max-width: 800px) 100vw, 800px\" \/> <img loading=\"lazy\" decoding=\"async\" class=\"alignnone size-full wp-image-20168\" src=\"https:\/\/elbistanhabermerkezi.com\/wp-content\/uploads\/2025\/07\/IMG_20250625_201159.jpg\" alt=\"\" width=\"700\" height=\"412\" srcset=\"https:\/\/elbistanhabermerkezi.com\/wp-content\/uploads\/2025\/07\/IMG_20250625_201159.jpg 700w, https:\/\/elbistanhabermerkezi.com\/wp-content\/uploads\/2025\/07\/IMG_20250625_201159-600x353.jpg 600w, https:\/\/elbistanhabermerkezi.com\/wp-content\/uploads\/2025\/07\/IMG_20250625_201159-171x101.jpg 171w, https:\/\/elbistanhabermerkezi.com\/wp-content\/uploads\/2025\/07\/IMG_20250625_201159-263x155.jpg 263w, https:\/\/elbistanhabermerkezi.com\/wp-content\/uploads\/2025\/07\/IMG_20250625_201159-376x221.jpg 376w\" sizes=\"auto, (max-width: 700px) 100vw, 700px\" \/> <img loading=\"lazy\" decoding=\"async\" class=\"alignnone size-full wp-image-20169\" src=\"https:\/\/elbistanhabermerkezi.com\/wp-content\/uploads\/2025\/07\/WhatsApp-Image-2025-06-26-at-00.55.12-1.jpeg\" alt=\"\" width=\"700\" height=\"315\" srcset=\"https:\/\/elbistanhabermerkezi.com\/wp-content\/uploads\/2025\/07\/WhatsApp-Image-2025-06-26-at-00.55.12-1.jpeg 700w, https:\/\/elbistanhabermerkezi.com\/wp-content\/uploads\/2025\/07\/WhatsApp-Image-2025-06-26-at-00.55.12-1-600x270.jpeg 600w, https:\/\/elbistanhabermerkezi.com\/wp-content\/uploads\/2025\/07\/WhatsApp-Image-2025-06-26-at-00.55.12-1-171x77.jpeg 171w, https:\/\/elbistanhabermerkezi.com\/wp-content\/uploads\/2025\/07\/WhatsApp-Image-2025-06-26-at-00.55.12-1-278x125.jpeg 278w, https:\/\/elbistanhabermerkezi.com\/wp-content\/uploads\/2025\/07\/WhatsApp-Image-2025-06-26-at-00.55.12-1-376x169.jpeg 376w\" sizes=\"auto, (max-width: 700px) 100vw, 700px\" \/> <img loading=\"lazy\" decoding=\"async\" class=\"alignnone size-full wp-image-20170\" src=\"https:\/\/elbistanhabermerkezi.com\/wp-content\/uploads\/2025\/07\/WhatsApp-Image-2025-06-26-at-00.55.12-2.jpeg\" alt=\"\" width=\"700\" height=\"315\" srcset=\"https:\/\/elbistanhabermerkezi.com\/wp-content\/uploads\/2025\/07\/WhatsApp-Image-2025-06-26-at-00.55.12-2.jpeg 700w, https:\/\/elbistanhabermerkezi.com\/wp-content\/uploads\/2025\/07\/WhatsApp-Image-2025-06-26-at-00.55.12-2-600x270.jpeg 600w, https:\/\/elbistanhabermerkezi.com\/wp-content\/uploads\/2025\/07\/WhatsApp-Image-2025-06-26-at-00.55.12-2-171x77.jpeg 171w, https:\/\/elbistanhabermerkezi.com\/wp-content\/uploads\/2025\/07\/WhatsApp-Image-2025-06-26-at-00.55.12-2-278x125.jpeg 278w, https:\/\/elbistanhabermerkezi.com\/wp-content\/uploads\/2025\/07\/WhatsApp-Image-2025-06-26-at-00.55.12-2-376x169.jpeg 376w\" sizes=\"auto, (max-width: 700px) 100vw, 700px\" \/> <img loading=\"lazy\" decoding=\"async\" class=\"alignnone size-full wp-image-20171\" src=\"https:\/\/elbistanhabermerkezi.com\/wp-content\/uploads\/2025\/07\/WhatsApp-Image-2025-06-26-at-00.55.12.jpeg\" alt=\"\" width=\"700\" height=\"315\" srcset=\"https:\/\/elbistanhabermerkezi.com\/wp-content\/uploads\/2025\/07\/WhatsApp-Image-2025-06-26-at-00.55.12.jpeg 700w, https:\/\/elbistanhabermerkezi.com\/wp-content\/uploads\/2025\/07\/WhatsApp-Image-2025-06-26-at-00.55.12-600x270.jpeg 600w, https:\/\/elbistanhabermerkezi.com\/wp-content\/uploads\/2025\/07\/WhatsApp-Image-2025-06-26-at-00.55.12-171x77.jpeg 171w, https:\/\/elbistanhabermerkezi.com\/wp-content\/uploads\/2025\/07\/WhatsApp-Image-2025-06-26-at-00.55.12-278x125.jpeg 278w, https:\/\/elbistanhabermerkezi.com\/wp-content\/uploads\/2025\/07\/WhatsApp-Image-2025-06-26-at-00.55.12-376x169.jpeg 376w\" sizes=\"auto, (max-width: 700px) 100vw, 700px\" \/> <img loading=\"lazy\" decoding=\"async\" class=\"alignnone size-full wp-image-20172\" src=\"https:\/\/elbistanhabermerkezi.com\/wp-content\/uploads\/2025\/07\/WhatsApp-Image-2025-06-26-at-00.55.13-1.jpeg\" alt=\"\" width=\"700\" height=\"315\" srcset=\"https:\/\/elbistanhabermerkezi.com\/wp-content\/uploads\/2025\/07\/WhatsApp-Image-2025-06-26-at-00.55.13-1.jpeg 700w, https:\/\/elbistanhabermerkezi.com\/wp-content\/uploads\/2025\/07\/WhatsApp-Image-2025-06-26-at-00.55.13-1-600x270.jpeg 600w, https:\/\/elbistanhabermerkezi.com\/wp-content\/uploads\/2025\/07\/WhatsApp-Image-2025-06-26-at-00.55.13-1-171x77.jpeg 171w, https:\/\/elbistanhabermerkezi.com\/wp-content\/uploads\/2025\/07\/WhatsApp-Image-2025-06-26-at-00.55.13-1-278x125.jpeg 278w, https:\/\/elbistanhabermerkezi.com\/wp-content\/uploads\/2025\/07\/WhatsApp-Image-2025-06-26-at-00.55.13-1-376x169.jpeg 376w\" sizes=\"auto, (max-width: 700px) 100vw, 700px\" \/> <img loading=\"lazy\" decoding=\"async\" class=\"alignnone size-full wp-image-20173\" src=\"https:\/\/elbistanhabermerkezi.com\/wp-content\/uploads\/2025\/07\/WhatsApp-Image-2025-06-26-at-00.55.13.jpeg\" alt=\"\" width=\"700\" height=\"315\" srcset=\"https:\/\/elbistanhabermerkezi.com\/wp-content\/uploads\/2025\/07\/WhatsApp-Image-2025-06-26-at-00.55.13.jpeg 700w, https:\/\/elbistanhabermerkezi.com\/wp-content\/uploads\/2025\/07\/WhatsApp-Image-2025-06-26-at-00.55.13-600x270.jpeg 600w, https:\/\/elbistanhabermerkezi.com\/wp-content\/uploads\/2025\/07\/WhatsApp-Image-2025-06-26-at-00.55.13-171x77.jpeg 171w, https:\/\/elbistanhabermerkezi.com\/wp-content\/uploads\/2025\/07\/WhatsApp-Image-2025-06-26-at-00.55.13-278x125.jpeg 278w, https:\/\/elbistanhabermerkezi.com\/wp-content\/uploads\/2025\/07\/WhatsApp-Image-2025-06-26-at-00.55.13-376x169.jpeg 376w\" sizes=\"auto, (max-width: 700px) 100vw, 700px\" \/> <img loading=\"lazy\" decoding=\"async\" class=\"alignnone size-full wp-image-20174\" src=\"https:\/\/elbistanhabermerkezi.com\/wp-content\/uploads\/2025\/07\/WhatsApp-Image-2025-06-26-at-00.55.14-2.jpeg\" alt=\"\" width=\"700\" height=\"315\" srcset=\"https:\/\/elbistanhabermerkezi.com\/wp-content\/uploads\/2025\/07\/WhatsApp-Image-2025-06-26-at-00.55.14-2.jpeg 700w, https:\/\/elbistanhabermerkezi.com\/wp-content\/uploads\/2025\/07\/WhatsApp-Image-2025-06-26-at-00.55.14-2-600x270.jpeg 600w, https:\/\/elbistanhabermerkezi.com\/wp-content\/uploads\/2025\/07\/WhatsApp-Image-2025-06-26-at-00.55.14-2-171x77.jpeg 171w, https:\/\/elbistanhabermerkezi.com\/wp-content\/uploads\/2025\/07\/WhatsApp-Image-2025-06-26-at-00.55.14-2-278x125.jpeg 278w, https:\/\/elbistanhabermerkezi.com\/wp-content\/uploads\/2025\/07\/WhatsApp-Image-2025-06-26-at-00.55.14-2-376x169.jpeg 376w\" sizes=\"auto, (max-width: 700px) 100vw, 700px\" \/> <img loading=\"lazy\" decoding=\"async\" class=\"alignnone size-full wp-image-20175\" src=\"https:\/\/elbistanhabermerkezi.com\/wp-content\/uploads\/2025\/07\/WhatsApp-Image-2025-06-26-at-00.55.14-3.jpeg\" alt=\"\" width=\"700\" height=\"315\" srcset=\"https:\/\/elbistanhabermerkezi.com\/wp-content\/uploads\/2025\/07\/WhatsApp-Image-2025-06-26-at-00.55.14-3.jpeg 700w, https:\/\/elbistanhabermerkezi.com\/wp-content\/uploads\/2025\/07\/WhatsApp-Image-2025-06-26-at-00.55.14-3-600x270.jpeg 600w, https:\/\/elbistanhabermerkezi.com\/wp-content\/uploads\/2025\/07\/WhatsApp-Image-2025-06-26-at-00.55.14-3-171x77.jpeg 171w, https:\/\/elbistanhabermerkezi.com\/wp-content\/uploads\/2025\/07\/WhatsApp-Image-2025-06-26-at-00.55.14-3-278x125.jpeg 278w, https:\/\/elbistanhabermerkezi.com\/wp-content\/uploads\/2025\/07\/WhatsApp-Image-2025-06-26-at-00.55.14-3-376x169.jpeg 376w\" sizes=\"auto, (max-width: 700px) 100vw, 700px\" \/> <img loading=\"lazy\" decoding=\"async\" class=\"alignnone size-full wp-image-20176\" src=\"https:\/\/elbistanhabermerkezi.com\/wp-content\/uploads\/2025\/07\/WhatsApp-Image-2025-06-26-at-00.55.14.jpeg\" alt=\"\" width=\"700\" height=\"315\" srcset=\"https:\/\/elbistanhabermerkezi.com\/wp-content\/uploads\/2025\/07\/WhatsApp-Image-2025-06-26-at-00.55.14.jpeg 700w, https:\/\/elbistanhabermerkezi.com\/wp-content\/uploads\/2025\/07\/WhatsApp-Image-2025-06-26-at-00.55.14-600x270.jpeg 600w, https:\/\/elbistanhabermerkezi.com\/wp-content\/uploads\/2025\/07\/WhatsApp-Image-2025-06-26-at-00.55.14-171x77.jpeg 171w, https:\/\/elbistanhabermerkezi.com\/wp-content\/uploads\/2025\/07\/WhatsApp-Image-2025-06-26-at-00.55.14-278x125.jpeg 278w, https:\/\/elbistanhabermerkezi.com\/wp-content\/uploads\/2025\/07\/WhatsApp-Image-2025-06-26-at-00.55.14-376x169.jpeg 376w\" sizes=\"auto, (max-width: 700px) 100vw, 700px\" \/> <img loading=\"lazy\" decoding=\"async\" class=\"alignnone size-full wp-image-20177\" src=\"https:\/\/elbistanhabermerkezi.com\/wp-content\/uploads\/2025\/07\/WhatsApp-Image-2025-06-26-at-00.55.15-1.jpeg\" alt=\"\" width=\"700\" height=\"315\" srcset=\"https:\/\/elbistanhabermerkezi.com\/wp-content\/uploads\/2025\/07\/WhatsApp-Image-2025-06-26-at-00.55.15-1.jpeg 700w, https:\/\/elbistanhabermerkezi.com\/wp-content\/uploads\/2025\/07\/WhatsApp-Image-2025-06-26-at-00.55.15-1-600x270.jpeg 600w, https:\/\/elbistanhabermerkezi.com\/wp-content\/uploads\/2025\/07\/WhatsApp-Image-2025-06-26-at-00.55.15-1-171x77.jpeg 171w, https:\/\/elbistanhabermerkezi.com\/wp-content\/uploads\/2025\/07\/WhatsApp-Image-2025-06-26-at-00.55.15-1-278x125.jpeg 278w, https:\/\/elbistanhabermerkezi.com\/wp-content\/uploads\/2025\/07\/WhatsApp-Image-2025-06-26-at-00.55.15-1-376x169.jpeg 376w\" sizes=\"auto, (max-width: 700px) 100vw, 700px\" \/> <img loading=\"lazy\" decoding=\"async\" class=\"alignnone size-full wp-image-20178\" src=\"https:\/\/elbistanhabermerkezi.com\/wp-content\/uploads\/2025\/07\/WhatsApp-Image-2025-06-26-at-00.55.15.jpeg\" alt=\"\" width=\"700\" height=\"315\" srcset=\"https:\/\/elbistanhabermerkezi.com\/wp-content\/uploads\/2025\/07\/WhatsApp-Image-2025-06-26-at-00.55.15.jpeg 700w, https:\/\/elbistanhabermerkezi.com\/wp-content\/uploads\/2025\/07\/WhatsApp-Image-2025-06-26-at-00.55.15-600x270.jpeg 600w, https:\/\/elbistanhabermerkezi.com\/wp-content\/uploads\/2025\/07\/WhatsApp-Image-2025-06-26-at-00.55.15-171x77.jpeg 171w, https:\/\/elbistanhabermerkezi.com\/wp-content\/uploads\/2025\/07\/WhatsApp-Image-2025-06-26-at-00.55.15-278x125.jpeg 278w, https:\/\/elbistanhabermerkezi.com\/wp-content\/uploads\/2025\/07\/WhatsApp-Image-2025-06-26-at-00.55.15-376x169.jpeg 376w\" sizes=\"auto, (max-width: 700px) 100vw, 700px\" \/> <img loading=\"lazy\" decoding=\"async\" class=\"alignnone size-full wp-image-20179\" src=\"https:\/\/elbistanhabermerkezi.com\/wp-content\/uploads\/2025\/07\/WhatsApp-Image-2025-06-26-at-00.55.16-1.jpeg\" alt=\"\" width=\"700\" height=\"315\" srcset=\"https:\/\/elbistanhabermerkezi.com\/wp-content\/uploads\/2025\/07\/WhatsApp-Image-2025-06-26-at-00.55.16-1.jpeg 700w, https:\/\/elbistanhabermerkezi.com\/wp-content\/uploads\/2025\/07\/WhatsApp-Image-2025-06-26-at-00.55.16-1-600x270.jpeg 600w, https:\/\/elbistanhabermerkezi.com\/wp-content\/uploads\/2025\/07\/WhatsApp-Image-2025-06-26-at-00.55.16-1-171x77.jpeg 171w, https:\/\/elbistanhabermerkezi.com\/wp-content\/uploads\/2025\/07\/WhatsApp-Image-2025-06-26-at-00.55.16-1-278x125.jpeg 278w, https:\/\/elbistanhabermerkezi.com\/wp-content\/uploads\/2025\/07\/WhatsApp-Image-2025-06-26-at-00.55.16-1-376x169.jpeg 376w\" sizes=\"auto, (max-width: 700px) 100vw, 700px\" \/> <img loading=\"lazy\" decoding=\"async\" class=\"alignnone size-full wp-image-20180\" src=\"https:\/\/elbistanhabermerkezi.com\/wp-content\/uploads\/2025\/07\/WhatsApp-Image-2025-06-26-at-00.55.16-2.jpeg\" alt=\"\" width=\"700\" height=\"315\" srcset=\"https:\/\/elbistanhabermerkezi.com\/wp-content\/uploads\/2025\/07\/WhatsApp-Image-2025-06-26-at-00.55.16-2.jpeg 700w, https:\/\/elbistanhabermerkezi.com\/wp-content\/uploads\/2025\/07\/WhatsApp-Image-2025-06-26-at-00.55.16-2-600x270.jpeg 600w, https:\/\/elbistanhabermerkezi.com\/wp-content\/uploads\/2025\/07\/WhatsApp-Image-2025-06-26-at-00.55.16-2-171x77.jpeg 171w, https:\/\/elbistanhabermerkezi.com\/wp-content\/uploads\/2025\/07\/WhatsApp-Image-2025-06-26-at-00.55.16-2-278x125.jpeg 278w, https:\/\/elbistanhabermerkezi.com\/wp-content\/uploads\/2025\/07\/WhatsApp-Image-2025-06-26-at-00.55.16-2-376x169.jpeg 376w\" sizes=\"auto, (max-width: 700px) 100vw, 700px\" \/> <img loading=\"lazy\" decoding=\"async\" class=\"alignnone size-full wp-image-20181\" src=\"https:\/\/elbistanhabermerkezi.com\/wp-content\/uploads\/2025\/07\/WhatsApp-Image-2025-06-26-at-00.55.16-3.jpeg\" alt=\"\" width=\"700\" height=\"315\" srcset=\"https:\/\/elbistanhabermerkezi.com\/wp-content\/uploads\/2025\/07\/WhatsApp-Image-2025-06-26-at-00.55.16-3.jpeg 700w, https:\/\/elbistanhabermerkezi.com\/wp-content\/uploads\/2025\/07\/WhatsApp-Image-2025-06-26-at-00.55.16-3-600x270.jpeg 600w, https:\/\/elbistanhabermerkezi.com\/wp-content\/uploads\/2025\/07\/WhatsApp-Image-2025-06-26-at-00.55.16-3-171x77.jpeg 171w, https:\/\/elbistanhabermerkezi.com\/wp-content\/uploads\/2025\/07\/WhatsApp-Image-2025-06-26-at-00.55.16-3-278x125.jpeg 278w, https:\/\/elbistanhabermerkezi.com\/wp-content\/uploads\/2025\/07\/WhatsApp-Image-2025-06-26-at-00.55.16-3-376x169.jpeg 376w\" sizes=\"auto, (max-width: 700px) 100vw, 700px\" \/><\/strong><\/p>\n","protected":false},"excerpt":{"rendered":"<p>Elbistan M\u00fckrimin Halil Yinan\u00e7 Aile Vakf\u0131 (EL\u00dcM\u00dcHAY) Vakf\u0131n\u0131n \u015fehre ve insana dair vefa \u00e7al\u0131\u015fmalar\u0131 devam ediyor. Bu kapsamda Aslen Elbistanl\u0131 olup Fransa Devlet Ni\u015fan\u0131 sahibi Prof. Dr. Murat Ayka\u00e7 Ergin\u00f6z ve ailesi \u00f6zel bir programla \u00f6zel bir mekanda misafir edildi. Elbistan K\u00fclt\u00fcr Sanat Derne\u011fi (EKSADER)\u2019in onur konu\u011fu olarak Elbistan\u2019a gelen Prof. Dr. Murat Ayka\u00e7 Ergin\u00f6z, [&hellip;]<\/p>\n","protected":false},"author":1,"featured_media":20183,"comment_status":"open","ping_status":"open","sticky":false,"template":"","format":"standard","meta":{"_jetpack_memberships_contains_paid_content":false,"footnotes":""},"categories":[2,8],"tags":[],"class_list":["post-20166","post","type-post","status-publish","format-standard","has-post-thumbnail","hentry","category-3-sayfa","category-gundem"],"jetpack_featured_media_url":"https:\/\/elbistanhabermerkezi.com\/wp-content\/uploads\/2025\/07\/ccC.jpeg","jetpack_sharing_enabled":true,"_links":{"self":[{"href":"https:\/\/elbistanhabermerkezi.com\/index.php\/wp-json\/wp\/v2\/posts\/20166","targetHints":{"allow":["GET"]}}],"collection":[{"href":"https:\/\/elbistanhabermerkezi.com\/index.php\/wp-json\/wp\/v2\/posts"}],"about":[{"href":"https:\/\/elbistanhabermerkezi.com\/index.php\/wp-json\/wp\/v2\/types\/post"}],"author":[{"embeddable":true,"href":"https:\/\/elbistanhabermerkezi.com\/index.php\/wp-json\/wp\/v2\/users\/1"}],"replies":[{"embeddable":true,"href":"https:\/\/elbistanhabermerkezi.com\/index.php\/wp-json\/wp\/v2\/comments?post=20166"}],"version-history":[{"count":2,"href":"https:\/\/elbistanhabermerkezi.com\/index.php\/wp-json\/wp\/v2\/posts\/20166\/revisions"}],"predecessor-version":[{"id":20186,"href":"https:\/\/elbistanhabermerkezi.com\/index.php\/wp-json\/wp\/v2\/posts\/20166\/revisions\/20186"}],"wp:featuredmedia":[{"embeddable":true,"href":"https:\/\/elbistanhabermerkezi.com\/index.php\/wp-json\/wp\/v2\/media\/20183"}],"wp:attachment":[{"href":"https:\/\/elbistanhabermerkezi.com\/index.php\/wp-json\/wp\/v2\/media?parent=20166"}],"wp:term":[{"taxonomy":"category","embeddable":true,"href":"https:\/\/elbistanhabermerkezi.com\/index.php\/wp-json\/wp\/v2\/categories?post=20166"},{"taxonomy":"post_tag","embeddable":true,"href":"https:\/\/elbistanhabermerkezi.com\/index.php\/wp-json\/wp\/v2\/tags?post=20166"}],"curies":[{"name":"wp","href":"https:\/\/api.w.org\/{rel}","templated":true}]}}