{"id":20083,"date":"2025-06-27T08:57:53","date_gmt":"2025-06-27T08:57:53","guid":{"rendered":"https:\/\/elbistanhabermerkezi.com\/?p=20083"},"modified":"2025-06-27T08:57:53","modified_gmt":"2025-06-27T08:57:53","slug":"26-30-haziran-ozel-guvenlik-haftasi-kapsaminda-ziyaretler-yapildi","status":"publish","type":"post","link":"https:\/\/elbistanhabermerkezi.com\/index.php\/2025\/06\/27\/26-30-haziran-ozel-guvenlik-haftasi-kapsaminda-ziyaretler-yapildi\/","title":{"rendered":"26-30 HAZ\u0130RAN \u00d6ZEL G\u00dcVENL\u0130K HAFTASI KAPSAMINDA Z\u0130YARETLER YAPILDI."},"content":{"rendered":"<p style=\"text-align: justify;\"><strong><img loading=\"lazy\" decoding=\"async\" class=\"alignnone size-full wp-image-12722\" src=\"https:\/\/elbistanhabermerkezi.com\/wp-content\/uploads\/2024\/01\/halild6.jpg\" alt=\"\" width=\"302\" height=\"202\" srcset=\"https:\/\/elbistanhabermerkezi.com\/wp-content\/uploads\/2024\/01\/halild6.jpg 302w, https:\/\/elbistanhabermerkezi.com\/wp-content\/uploads\/2024\/01\/halild6-157x105.jpg 157w, https:\/\/elbistanhabermerkezi.com\/wp-content\/uploads\/2024\/01\/halild6-232x155.jpg 232w\" sizes=\"auto, (max-width: 302px) 100vw, 302px\" \/><\/strong><\/p>\n<p style=\"text-align: justify;\"><strong>26-30 Haziran tarihleri aras\u0131nda kutlanan \u00d6zel G\u00fcvenlik Haftas\u0131 kapsam\u0131nda, \u0130l Emniyet M\u00fcd\u00fcr Yard\u0131mc\u0131s\u0131 Metin CENG\u0130Z, \u00d6zel G\u00fcvenlik \u015eube M\u00fcd\u00fcr\u00fc Mehmet FERHU\u015eO\u011eLU, \u00d6zel G\u00fcvenlik \u015eube M\u00fcd\u00fcrl\u00fc\u011f\u00fc personeli ile Kahramanmara\u015f&#8217;ta\u00a0 g\u00f6rev yapan ve g\u00f6revlerinde ba\u015far\u0131 g\u00f6steren d\u00f6rt \u00f6zel g\u00fcvenlik g\u00f6revlisi, Kahramanmara\u015f \u0130l Emniyet M\u00fcd\u00fcr\u00fc Nurettin G\u00d6KDUMAN ve Vali\u00a0 M\u00fckerrem \u00dcNL\u00dcER\u2019i makamlar\u0131nda ziyaret ettiler.<\/strong><\/p>\n<p><img loading=\"lazy\" decoding=\"async\" class=\"alignnone size-full wp-image-20084\" src=\"https:\/\/elbistanhabermerkezi.com\/wp-content\/uploads\/2025\/06\/WhatsApp-Image-2025-06-26-at-21.06.44.jpeg\" alt=\"\" width=\"1600\" height=\"1045\" srcset=\"https:\/\/elbistanhabermerkezi.com\/wp-content\/uploads\/2025\/06\/WhatsApp-Image-2025-06-26-at-21.06.44.jpeg 1600w, https:\/\/elbistanhabermerkezi.com\/wp-content\/uploads\/2025\/06\/WhatsApp-Image-2025-06-26-at-21.06.44-600x392.jpeg 600w, https:\/\/elbistanhabermerkezi.com\/wp-content\/uploads\/2025\/06\/WhatsApp-Image-2025-06-26-at-21.06.44-1024x669.jpeg 1024w, https:\/\/elbistanhabermerkezi.com\/wp-content\/uploads\/2025\/06\/WhatsApp-Image-2025-06-26-at-21.06.44-768x502.jpeg 768w, https:\/\/elbistanhabermerkezi.com\/wp-content\/uploads\/2025\/06\/WhatsApp-Image-2025-06-26-at-21.06.44-1536x1003.jpeg 1536w, https:\/\/elbistanhabermerkezi.com\/wp-content\/uploads\/2025\/06\/WhatsApp-Image-2025-06-26-at-21.06.44-161x105.jpeg 161w, https:\/\/elbistanhabermerkezi.com\/wp-content\/uploads\/2025\/06\/WhatsApp-Image-2025-06-26-at-21.06.44-237x155.jpeg 237w, https:\/\/elbistanhabermerkezi.com\/wp-content\/uploads\/2025\/06\/WhatsApp-Image-2025-06-26-at-21.06.44-338x221.jpeg 338w, https:\/\/elbistanhabermerkezi.com\/wp-content\/uploads\/2025\/06\/WhatsApp-Image-2025-06-26-at-21.06.44-686x448.jpeg 686w\" sizes=\"auto, (max-width: 1600px) 100vw, 1600px\" \/> <img loading=\"lazy\" decoding=\"async\" class=\"alignnone size-full wp-image-20085\" src=\"https:\/\/elbistanhabermerkezi.com\/wp-content\/uploads\/2025\/06\/WhatsApp-Image-2025-06-26-at-21.06.45-1.jpeg\" alt=\"\" width=\"1600\" height=\"1066\" srcset=\"https:\/\/elbistanhabermerkezi.com\/wp-content\/uploads\/2025\/06\/WhatsApp-Image-2025-06-26-at-21.06.45-1.jpeg 1600w, https:\/\/elbistanhabermerkezi.com\/wp-content\/uploads\/2025\/06\/WhatsApp-Image-2025-06-26-at-21.06.45-1-600x400.jpeg 600w, https:\/\/elbistanhabermerkezi.com\/wp-content\/uploads\/2025\/06\/WhatsApp-Image-2025-06-26-at-21.06.45-1-1024x682.jpeg 1024w, https:\/\/elbistanhabermerkezi.com\/wp-content\/uploads\/2025\/06\/WhatsApp-Image-2025-06-26-at-21.06.45-1-768x512.jpeg 768w, https:\/\/elbistanhabermerkezi.com\/wp-content\/uploads\/2025\/06\/WhatsApp-Image-2025-06-26-at-21.06.45-1-1536x1023.jpeg 1536w, https:\/\/elbistanhabermerkezi.com\/wp-content\/uploads\/2025\/06\/WhatsApp-Image-2025-06-26-at-21.06.45-1-158x105.jpeg 158w, https:\/\/elbistanhabermerkezi.com\/wp-content\/uploads\/2025\/06\/WhatsApp-Image-2025-06-26-at-21.06.45-1-233x155.jpeg 233w, https:\/\/elbistanhabermerkezi.com\/wp-content\/uploads\/2025\/06\/WhatsApp-Image-2025-06-26-at-21.06.45-1-332x221.jpeg 332w, https:\/\/elbistanhabermerkezi.com\/wp-content\/uploads\/2025\/06\/WhatsApp-Image-2025-06-26-at-21.06.45-1-672x448.jpeg 672w\" sizes=\"auto, (max-width: 1600px) 100vw, 1600px\" \/> <img loading=\"lazy\" decoding=\"async\" class=\"alignnone size-full wp-image-20086\" src=\"https:\/\/elbistanhabermerkezi.com\/wp-content\/uploads\/2025\/06\/WhatsApp-Image-2025-06-26-at-21.06.45.jpeg\" alt=\"\" width=\"1600\" height=\"1055\" srcset=\"https:\/\/elbistanhabermerkezi.com\/wp-content\/uploads\/2025\/06\/WhatsApp-Image-2025-06-26-at-21.06.45.jpeg 1600w, https:\/\/elbistanhabermerkezi.com\/wp-content\/uploads\/2025\/06\/WhatsApp-Image-2025-06-26-at-21.06.45-600x396.jpeg 600w, https:\/\/elbistanhabermerkezi.com\/wp-content\/uploads\/2025\/06\/WhatsApp-Image-2025-06-26-at-21.06.45-1024x675.jpeg 1024w, https:\/\/elbistanhabermerkezi.com\/wp-content\/uploads\/2025\/06\/WhatsApp-Image-2025-06-26-at-21.06.45-768x506.jpeg 768w, https:\/\/elbistanhabermerkezi.com\/wp-content\/uploads\/2025\/06\/WhatsApp-Image-2025-06-26-at-21.06.45-1536x1013.jpeg 1536w, https:\/\/elbistanhabermerkezi.com\/wp-content\/uploads\/2025\/06\/WhatsApp-Image-2025-06-26-at-21.06.45-159x105.jpeg 159w, https:\/\/elbistanhabermerkezi.com\/wp-content\/uploads\/2025\/06\/WhatsApp-Image-2025-06-26-at-21.06.45-235x155.jpeg 235w, https:\/\/elbistanhabermerkezi.com\/wp-content\/uploads\/2025\/06\/WhatsApp-Image-2025-06-26-at-21.06.45-335x221.jpeg 335w, https:\/\/elbistanhabermerkezi.com\/wp-content\/uploads\/2025\/06\/WhatsApp-Image-2025-06-26-at-21.06.45-679x448.jpeg 679w\" sizes=\"auto, (max-width: 1600px) 100vw, 1600px\" \/> <img loading=\"lazy\" decoding=\"async\" class=\"alignnone size-full wp-image-20087\" src=\"https:\/\/elbistanhabermerkezi.com\/wp-content\/uploads\/2025\/06\/WhatsApp-Image-2025-06-26-at-21.06.46.jpeg\" alt=\"\" width=\"1600\" height=\"1066\" srcset=\"https:\/\/elbistanhabermerkezi.com\/wp-content\/uploads\/2025\/06\/WhatsApp-Image-2025-06-26-at-21.06.46.jpeg 1600w, https:\/\/elbistanhabermerkezi.com\/wp-content\/uploads\/2025\/06\/WhatsApp-Image-2025-06-26-at-21.06.46-600x400.jpeg 600w, https:\/\/elbistanhabermerkezi.com\/wp-content\/uploads\/2025\/06\/WhatsApp-Image-2025-06-26-at-21.06.46-1024x682.jpeg 1024w, https:\/\/elbistanhabermerkezi.com\/wp-content\/uploads\/2025\/06\/WhatsApp-Image-2025-06-26-at-21.06.46-768x512.jpeg 768w, https:\/\/elbistanhabermerkezi.com\/wp-content\/uploads\/2025\/06\/WhatsApp-Image-2025-06-26-at-21.06.46-1536x1023.jpeg 1536w, https:\/\/elbistanhabermerkezi.com\/wp-content\/uploads\/2025\/06\/WhatsApp-Image-2025-06-26-at-21.06.46-158x105.jpeg 158w, https:\/\/elbistanhabermerkezi.com\/wp-content\/uploads\/2025\/06\/WhatsApp-Image-2025-06-26-at-21.06.46-233x155.jpeg 233w, https:\/\/elbistanhabermerkezi.com\/wp-content\/uploads\/2025\/06\/WhatsApp-Image-2025-06-26-at-21.06.46-332x221.jpeg 332w, https:\/\/elbistanhabermerkezi.com\/wp-content\/uploads\/2025\/06\/WhatsApp-Image-2025-06-26-at-21.06.46-672x448.jpeg 672w\" sizes=\"auto, (max-width: 1600px) 100vw, 1600px\" \/> <img loading=\"lazy\" decoding=\"async\" class=\"alignnone size-full wp-image-20088\" src=\"https:\/\/elbistanhabermerkezi.com\/wp-content\/uploads\/2025\/06\/WhatsApp-Image-2025-06-26-at-21.06.47.jpeg\" alt=\"\" width=\"1600\" height=\"1066\" srcset=\"https:\/\/elbistanhabermerkezi.com\/wp-content\/uploads\/2025\/06\/WhatsApp-Image-2025-06-26-at-21.06.47.jpeg 1600w, https:\/\/elbistanhabermerkezi.com\/wp-content\/uploads\/2025\/06\/WhatsApp-Image-2025-06-26-at-21.06.47-600x400.jpeg 600w, https:\/\/elbistanhabermerkezi.com\/wp-content\/uploads\/2025\/06\/WhatsApp-Image-2025-06-26-at-21.06.47-1024x682.jpeg 1024w, https:\/\/elbistanhabermerkezi.com\/wp-content\/uploads\/2025\/06\/WhatsApp-Image-2025-06-26-at-21.06.47-768x512.jpeg 768w, https:\/\/elbistanhabermerkezi.com\/wp-content\/uploads\/2025\/06\/WhatsApp-Image-2025-06-26-at-21.06.47-1536x1023.jpeg 1536w, https:\/\/elbistanhabermerkezi.com\/wp-content\/uploads\/2025\/06\/WhatsApp-Image-2025-06-26-at-21.06.47-158x105.jpeg 158w, https:\/\/elbistanhabermerkezi.com\/wp-content\/uploads\/2025\/06\/WhatsApp-Image-2025-06-26-at-21.06.47-233x155.jpeg 233w, https:\/\/elbistanhabermerkezi.com\/wp-content\/uploads\/2025\/06\/WhatsApp-Image-2025-06-26-at-21.06.47-332x221.jpeg 332w, https:\/\/elbistanhabermerkezi.com\/wp-content\/uploads\/2025\/06\/WhatsApp-Image-2025-06-26-at-21.06.47-672x448.jpeg 672w\" sizes=\"auto, (max-width: 1600px) 100vw, 1600px\" \/><\/p>\n<p style=\"text-align: justify;\">\n","protected":false},"excerpt":{"rendered":"<p>26-30 Haziran tarihleri aras\u0131nda kutlanan \u00d6zel G\u00fcvenlik Haftas\u0131 kapsam\u0131nda, \u0130l Emniyet M\u00fcd\u00fcr Yard\u0131mc\u0131s\u0131 Metin CENG\u0130Z, \u00d6zel G\u00fcvenlik \u015eube M\u00fcd\u00fcr\u00fc Mehmet FERHU\u015eO\u011eLU, \u00d6zel G\u00fcvenlik \u015eube M\u00fcd\u00fcrl\u00fc\u011f\u00fc personeli ile Kahramanmara\u015f&#8217;ta\u00a0 g\u00f6rev yapan ve g\u00f6revlerinde ba\u015far\u0131 g\u00f6steren d\u00f6rt \u00f6zel g\u00fcvenlik g\u00f6revlisi, Kahramanmara\u015f \u0130l Emniyet M\u00fcd\u00fcr\u00fc Nurettin G\u00d6KDUMAN ve Vali\u00a0 M\u00fckerrem \u00dcNL\u00dcER\u2019i makamlar\u0131nda ziyaret ettiler.<\/p>\n","protected":false},"author":1,"featured_media":20095,"comment_status":"open","ping_status":"open","sticky":false,"template":"","format":"standard","meta":{"_jetpack_memberships_contains_paid_content":false,"footnotes":""},"categories":[2,8],"tags":[],"class_list":["post-20083","post","type-post","status-publish","format-standard","has-post-thumbnail","hentry","category-3-sayfa","category-gundem"],"jetpack_featured_media_url":"https:\/\/elbistanhabermerkezi.com\/wp-content\/uploads\/2025\/06\/VV.jpeg","jetpack_sharing_enabled":true,"_links":{"self":[{"href":"https:\/\/elbistanhabermerkezi.com\/index.php\/wp-json\/wp\/v2\/posts\/20083","targetHints":{"allow":["GET"]}}],"collection":[{"href":"https:\/\/elbistanhabermerkezi.com\/index.php\/wp-json\/wp\/v2\/posts"}],"about":[{"href":"https:\/\/elbistanhabermerkezi.com\/index.php\/wp-json\/wp\/v2\/types\/post"}],"author":[{"embeddable":true,"href":"https:\/\/elbistanhabermerkezi.com\/index.php\/wp-json\/wp\/v2\/users\/1"}],"replies":[{"embeddable":true,"href":"https:\/\/elbistanhabermerkezi.com\/index.php\/wp-json\/wp\/v2\/comments?post=20083"}],"version-history":[{"count":1,"href":"https:\/\/elbistanhabermerkezi.com\/index.php\/wp-json\/wp\/v2\/posts\/20083\/revisions"}],"predecessor-version":[{"id":20097,"href":"https:\/\/elbistanhabermerkezi.com\/index.php\/wp-json\/wp\/v2\/posts\/20083\/revisions\/20097"}],"wp:featuredmedia":[{"embeddable":true,"href":"https:\/\/elbistanhabermerkezi.com\/index.php\/wp-json\/wp\/v2\/media\/20095"}],"wp:attachment":[{"href":"https:\/\/elbistanhabermerkezi.com\/index.php\/wp-json\/wp\/v2\/media?parent=20083"}],"wp:term":[{"taxonomy":"category","embeddable":true,"href":"https:\/\/elbistanhabermerkezi.com\/index.php\/wp-json\/wp\/v2\/categories?post=20083"},{"taxonomy":"post_tag","embeddable":true,"href":"https:\/\/elbistanhabermerkezi.com\/index.php\/wp-json\/wp\/v2\/tags?post=20083"}],"curies":[{"name":"wp","href":"https:\/\/api.w.org\/{rel}","templated":true}]}}