{"id":19921,"date":"2025-06-12T16:17:29","date_gmt":"2025-06-12T16:17:29","guid":{"rendered":"https:\/\/elbistanhabermerkezi.com\/?p=19921"},"modified":"2025-06-12T16:21:31","modified_gmt":"2025-06-12T16:21:31","slug":"buyuksehirin-pusula-maras-gezileri-mardin-turuyla-basliyor","status":"publish","type":"post","link":"https:\/\/elbistanhabermerkezi.com\/index.php\/2025\/06\/12\/buyuksehirin-pusula-maras-gezileri-mardin-turuyla-basliyor\/","title":{"rendered":"B\u00fcy\u00fck\u015fehir\u2019in \u201cPusula Mara\u015f Gezileri\u201d Mardin Turuyla Ba\u015fl\u0131yor!"},"content":{"rendered":"<p style=\"text-align: justify;\"><img loading=\"lazy\" decoding=\"async\" class=\"alignnone size-full wp-image-15355\" src=\"https:\/\/elbistanhabermerkezi.com\/wp-content\/uploads\/2024\/07\/ALIDOGAN.jpg\" alt=\"\" width=\"302\" height=\"302\" srcset=\"https:\/\/elbistanhabermerkezi.com\/wp-content\/uploads\/2024\/07\/ALIDOGAN.jpg 302w, https:\/\/elbistanhabermerkezi.com\/wp-content\/uploads\/2024\/07\/ALIDOGAN-105x105.jpg 105w, https:\/\/elbistanhabermerkezi.com\/wp-content\/uploads\/2024\/07\/ALIDOGAN-155x155.jpg 155w, https:\/\/elbistanhabermerkezi.com\/wp-content\/uploads\/2024\/07\/ALIDOGAN-221x221.jpg 221w\" sizes=\"auto, (max-width: 302px) 100vw, 302px\" \/><\/p>\n<p style=\"text-align: justify;\"><strong>B\u00fcy\u00fck\u015fehir Belediyesinin gen\u00e7lere y\u00f6nelik d\u00fczenledi\u011fi Pusula Mara\u015f Gezileri\u2019nin ilk dura\u011f\u0131 Mardin olacak. 14 \u2013 15 Haziran tarihlerinde g\u00fcn\u00fcbirlik ger\u00e7ekle\u015ftirilecek geziye B\u00fcy\u00fck\u015fehir\u2019in internet adresinden \u00e7evrimi\u00e7i ba\u015fvuru yap\u0131labiliyor.<\/strong><\/p>\n<p style=\"text-align: justify;\"><strong>\u00a0<\/strong><\/p>\n<p style=\"text-align: justify;\">Kahramanmara\u015f B\u00fcy\u00fck\u015fehir Belediyesi, gen\u00e7lere y\u00f6nelik sosyal ve k\u00fclt\u00fcrel faaliyetlerini h\u0131z kesmeden s\u00fcrd\u00fcr\u00fcyor. Bu kapsamda hayata ge\u00e7irilen \u201cPusula Mara\u015f Gezileri\u201d program\u0131n\u0131n ilk aya\u011f\u0131, tarih ve k\u00fclt\u00fcr\u00fcn i\u00e7 i\u00e7e ge\u00e7ti\u011fi Mezopotamya\u2019n\u0131n g\u00f6zbebe\u011fi Mardin olacak. 14 \u2013 15 Haziran tarihlerinde g\u00fcn\u00fcbirlik olarak d\u00fczenlenecek bu \u00f6zel gezi, 18 \u2013 30 ya\u015f aral\u0131\u011f\u0131ndaki gen\u00e7lere hitap ediyor. Kat\u0131l\u0131mc\u0131lar, kadim sokaklar\u0131, ta\u015f i\u015f\u00e7ili\u011fiyle \u00fcnl\u00fc mimarisi ve \u00e7ok k\u00fclt\u00fcrl\u00fc yap\u0131s\u0131yla \u00f6ne \u00e7\u0131kan Mardin\u2019i yak\u0131ndan tan\u0131ma f\u0131rsat\u0131 bulacak. \u00dccretsiz ve kontenjanla s\u0131n\u0131rl\u0131 geziye kat\u0131lmak isteyen gen\u00e7ler, ba\u015fvurular\u0131n\u0131 <a href=\"https:\/\/kahramanmaras.bel.tr\/duyuru\/2025\/06\/12\/pusula-maras-mardin-gezisi-basvuru-formu\">https:\/\/kahramanmaras.bel.tr\/duyuru\/2025\/06\/12\/pusula-maras-mardin-gezisi-basvuru-formu<\/a> internet adresinden \u00e7evrimi\u00e7i yapabiliyor. Ba\u015fvurular 13 Haziran Cuma g\u00fcn\u00fc saat 12.00\u2019a kadar devam edecek.<\/p>\n<p style=\"text-align: justify;\"><img loading=\"lazy\" decoding=\"async\" class=\"alignnone size-full wp-image-19922\" src=\"https:\/\/elbistanhabermerkezi.com\/wp-content\/uploads\/2025\/06\/Pusula-Maras-Gezisi.jpg\" alt=\"\" width=\"600\" height=\"338\" srcset=\"https:\/\/elbistanhabermerkezi.com\/wp-content\/uploads\/2025\/06\/Pusula-Maras-Gezisi.jpg 600w, https:\/\/elbistanhabermerkezi.com\/wp-content\/uploads\/2025\/06\/Pusula-Maras-Gezisi-171x96.jpg 171w, https:\/\/elbistanhabermerkezi.com\/wp-content\/uploads\/2025\/06\/Pusula-Maras-Gezisi-275x155.jpg 275w, https:\/\/elbistanhabermerkezi.com\/wp-content\/uploads\/2025\/06\/Pusula-Maras-Gezisi-376x212.jpg 376w\" sizes=\"auto, (max-width: 600px) 100vw, 600px\" \/> <img loading=\"lazy\" decoding=\"async\" class=\"alignnone size-full wp-image-19923\" src=\"https:\/\/elbistanhabermerkezi.com\/wp-content\/uploads\/2025\/06\/Pusula-Maras-Toplantisi-5.jpg\" alt=\"\" width=\"600\" height=\"338\" srcset=\"https:\/\/elbistanhabermerkezi.com\/wp-content\/uploads\/2025\/06\/Pusula-Maras-Toplantisi-5.jpg 600w, https:\/\/elbistanhabermerkezi.com\/wp-content\/uploads\/2025\/06\/Pusula-Maras-Toplantisi-5-171x96.jpg 171w, https:\/\/elbistanhabermerkezi.com\/wp-content\/uploads\/2025\/06\/Pusula-Maras-Toplantisi-5-275x155.jpg 275w, https:\/\/elbistanhabermerkezi.com\/wp-content\/uploads\/2025\/06\/Pusula-Maras-Toplantisi-5-376x212.jpg 376w\" sizes=\"auto, (max-width: 600px) 100vw, 600px\" \/><\/p>\n","protected":false},"excerpt":{"rendered":"<p>B\u00fcy\u00fck\u015fehir Belediyesinin gen\u00e7lere y\u00f6nelik d\u00fczenledi\u011fi Pusula Mara\u015f Gezileri\u2019nin ilk dura\u011f\u0131 Mardin olacak. 14 \u2013 15 Haziran tarihlerinde g\u00fcn\u00fcbirlik ger\u00e7ekle\u015ftirilecek geziye B\u00fcy\u00fck\u015fehir\u2019in internet adresinden \u00e7evrimi\u00e7i ba\u015fvuru yap\u0131labiliyor. \u00a0 Kahramanmara\u015f B\u00fcy\u00fck\u015fehir Belediyesi, gen\u00e7lere y\u00f6nelik sosyal ve k\u00fclt\u00fcrel faaliyetlerini h\u0131z kesmeden s\u00fcrd\u00fcr\u00fcyor. Bu kapsamda hayata ge\u00e7irilen \u201cPusula Mara\u015f Gezileri\u201d program\u0131n\u0131n ilk aya\u011f\u0131, tarih ve k\u00fclt\u00fcr\u00fcn i\u00e7 i\u00e7e ge\u00e7ti\u011fi [&hellip;]<\/p>\n","protected":false},"author":1,"featured_media":19926,"comment_status":"open","ping_status":"open","sticky":false,"template":"","format":"standard","meta":{"_jetpack_memberships_contains_paid_content":false,"footnotes":""},"categories":[2,8],"tags":[],"class_list":["post-19921","post","type-post","status-publish","format-standard","has-post-thumbnail","hentry","category-3-sayfa","category-gundem"],"jetpack_featured_media_url":"https:\/\/elbistanhabermerkezi.com\/wp-content\/uploads\/2025\/06\/ZZ.jpg","jetpack_sharing_enabled":true,"_links":{"self":[{"href":"https:\/\/elbistanhabermerkezi.com\/index.php\/wp-json\/wp\/v2\/posts\/19921","targetHints":{"allow":["GET"]}}],"collection":[{"href":"https:\/\/elbistanhabermerkezi.com\/index.php\/wp-json\/wp\/v2\/posts"}],"about":[{"href":"https:\/\/elbistanhabermerkezi.com\/index.php\/wp-json\/wp\/v2\/types\/post"}],"author":[{"embeddable":true,"href":"https:\/\/elbistanhabermerkezi.com\/index.php\/wp-json\/wp\/v2\/users\/1"}],"replies":[{"embeddable":true,"href":"https:\/\/elbistanhabermerkezi.com\/index.php\/wp-json\/wp\/v2\/comments?post=19921"}],"version-history":[{"count":1,"href":"https:\/\/elbistanhabermerkezi.com\/index.php\/wp-json\/wp\/v2\/posts\/19921\/revisions"}],"predecessor-version":[{"id":19928,"href":"https:\/\/elbistanhabermerkezi.com\/index.php\/wp-json\/wp\/v2\/posts\/19921\/revisions\/19928"}],"wp:featuredmedia":[{"embeddable":true,"href":"https:\/\/elbistanhabermerkezi.com\/index.php\/wp-json\/wp\/v2\/media\/19926"}],"wp:attachment":[{"href":"https:\/\/elbistanhabermerkezi.com\/index.php\/wp-json\/wp\/v2\/media?parent=19921"}],"wp:term":[{"taxonomy":"category","embeddable":true,"href":"https:\/\/elbistanhabermerkezi.com\/index.php\/wp-json\/wp\/v2\/categories?post=19921"},{"taxonomy":"post_tag","embeddable":true,"href":"https:\/\/elbistanhabermerkezi.com\/index.php\/wp-json\/wp\/v2\/tags?post=19921"}],"curies":[{"name":"wp","href":"https:\/\/api.w.org\/{rel}","templated":true}]}}