{"id":19903,"date":"2025-06-11T07:03:57","date_gmt":"2025-06-11T07:03:57","guid":{"rendered":"https:\/\/elbistanhabermerkezi.com\/?p=19903"},"modified":"2025-06-11T07:03:57","modified_gmt":"2025-06-11T07:03:57","slug":"elbistanda-bir-ilk-elbistan-edebiyat-dernegi-edebistan-kuruldu","status":"publish","type":"post","link":"https:\/\/elbistanhabermerkezi.com\/index.php\/2025\/06\/11\/elbistanda-bir-ilk-elbistan-edebiyat-dernegi-edebistan-kuruldu\/","title":{"rendered":"Elbistan\u2019da Bir \u0130lk: Elbistan Edebiyat Derne\u011fi (EDEB\u0130STAN) Kuruldu."},"content":{"rendered":"<p style=\"text-align: justify;\"><strong><img loading=\"lazy\" decoding=\"async\" class=\"alignnone size-full wp-image-12722\" src=\"https:\/\/elbistanhabermerkezi.com\/wp-content\/uploads\/2024\/01\/halild6.jpg\" alt=\"\" width=\"302\" height=\"202\" srcset=\"https:\/\/elbistanhabermerkezi.com\/wp-content\/uploads\/2024\/01\/halild6.jpg 302w, https:\/\/elbistanhabermerkezi.com\/wp-content\/uploads\/2024\/01\/halild6-157x105.jpg 157w, https:\/\/elbistanhabermerkezi.com\/wp-content\/uploads\/2024\/01\/halild6-232x155.jpg 232w\" sizes=\"auto, (max-width: 302px) 100vw, 302px\" \/><img loading=\"lazy\" decoding=\"async\" class=\"alignnone size-full wp-image-19904\" src=\"https:\/\/elbistanhabermerkezi.com\/wp-content\/uploads\/2025\/06\/WhatsApp-Image-2025-06-10-at-19.51.39.jpeg\" alt=\"\" width=\"700\" height=\"677\" srcset=\"https:\/\/elbistanhabermerkezi.com\/wp-content\/uploads\/2025\/06\/WhatsApp-Image-2025-06-10-at-19.51.39.jpeg 700w, https:\/\/elbistanhabermerkezi.com\/wp-content\/uploads\/2025\/06\/WhatsApp-Image-2025-06-10-at-19.51.39-414x400.jpeg 414w, https:\/\/elbistanhabermerkezi.com\/wp-content\/uploads\/2025\/06\/WhatsApp-Image-2025-06-10-at-19.51.39-109x105.jpeg 109w, https:\/\/elbistanhabermerkezi.com\/wp-content\/uploads\/2025\/06\/WhatsApp-Image-2025-06-10-at-19.51.39-160x155.jpeg 160w, https:\/\/elbistanhabermerkezi.com\/wp-content\/uploads\/2025\/06\/WhatsApp-Image-2025-06-10-at-19.51.39-229x221.jpeg 229w, https:\/\/elbistanhabermerkezi.com\/wp-content\/uploads\/2025\/06\/WhatsApp-Image-2025-06-10-at-19.51.39-463x448.jpeg 463w\" sizes=\"auto, (max-width: 700px) 100vw, 700px\" \/><\/strong><\/p>\n<p style=\"text-align: justify;\"><strong>Yedi G\u00fczel \u0130nsan EDE-B\u0130STAN&#8217;a Hayat Verdi. Elbistan\u2019da toprak r\u00fczg\u00e2rla konu\u015fur, su \u015fiir gibi akar, da\u011flar s\u0131r saklar. Ve \u015fimdi bu topra\u011f\u0131n ba\u011fr\u0131ndan bir ses daha y\u00fckseliyor: Edebiyat\u0131n, sanat\u0131n, kel\u00e2m\u0131n sesi.<\/strong><\/p>\n<p style=\"text-align: justify;\"><strong>Y\u0131llard\u0131r t\u00fcrk\u00fcde, masalda, halk\u0131n dilinde ya\u015fayan Elbistan; bu kez kalemiyle, s\u00f6z\u00fcyle, sanat\u00e7\u0131s\u0131yla kendi derne\u011fine kavu\u015ftu. Elbistan Edebiyat ve Sanat Derne\u011fi \u2013 EDE-B\u0130STAN kuruldu.<\/strong><\/p>\n<p style=\"text-align: justify;\"><strong>Yedi g\u00fczel insan bir hayal kurdu. Ve o hayal \u015fimdi ete kemi\u011fe b\u00fcr\u00fcnd\u00fc. <\/strong><\/p>\n<p style=\"text-align: justify;\"><strong>Bu \u0131\u015f\u0131kl\u0131 y\u00fcr\u00fcy\u00fc\u015f\u00fcn \u00f6nc\u00fcs\u00fc olan isimler: \u00d6mer Kaya, Ahmet Ceren, Emre Poyrazo\u011flu, Merve Polat, Mehmet Karaduman, Enes Y\u00fccel ve Ayd\u0131n Kartal&#8217;dan olu\u015fuyor. Bir araya geldiler ve \u201cElbistan i\u00e7in sanat, Elbistan i\u00e7in edebiyat\u201d dediler.<\/strong><\/p>\n<p style=\"text-align: justify;\"><strong>Peki EDE-B\u0130STAN ne yapacak?<\/strong><\/p>\n<p style=\"text-align: justify;\"><strong>Burada \u015fiir okunacak,T\u00fcrk\u00fcler s\u00f6ylenecek,Tiyatro sahnelenecek,Do\u011fa y\u00fcr\u00fcy\u00fc\u015fleri yap\u0131lacak, \u00e7evreye sahip \u00e7\u0131k\u0131lacak,Gen\u00e7 kalemler i\u00e7in \u015fiir ve yaz\u0131 at\u00f6lyeleri, Sanatseverler i\u00e7in m\u00fczik ve resim \u00e7al\u0131\u015fmalar\u0131, Her ya\u015ftan okur i\u00e7in okuma kul\u00fcpleri kurulacak. Ve Elbistan, kendi sesiyle, kendi kalemiyle yeniden yaz\u0131lacak.<\/strong><\/p>\n<p style=\"text-align: justify;\"><strong>Kuruculardan \u00d6mer Kaya&#8217;n\u0131n s\u00f6zleriyle:<\/strong><\/p>\n<p style=\"text-align: justify;\"><strong>\u201cBiz bir dernek kurmad\u0131k. Elbistan\u2019\u0131n kalbine bir s\u00f6z b\u0131rakt\u0131k. Bu s\u00f6z, zamanla t\u00fcrk\u00fc olacak,<\/strong><\/p>\n<p style=\"text-align: justify;\"><strong>Resme d\u00f6k\u00fclecek, sahneye \u00e7\u0131kacak. Ve hep birlikte, Elbistan&#8217;\u0131 sanatla b\u00fcy\u00fctece\u011fiz.\u201d<\/strong><\/p>\n<p style=\"text-align: justify;\"><strong>EDE-B\u0130STAN, sadece bir mek\u00e2n de\u011fil. Bir d\u00fc\u015f\u00fcn, bir direni\u015fin, bir yeniden do\u011fu\u015fun ad\u0131d\u0131r. Elbistan, art\u0131k kelimeleriyle konu\u015facak.<\/strong><\/p>\n<p style=\"text-align: justify;\"><strong>Hay\u0131rl\u0131 olsun.<\/strong><\/p>\n","protected":false},"excerpt":{"rendered":"<p>Yedi G\u00fczel \u0130nsan EDE-B\u0130STAN&#8217;a Hayat Verdi. Elbistan\u2019da toprak r\u00fczg\u00e2rla konu\u015fur, su \u015fiir gibi akar, da\u011flar s\u0131r saklar. Ve \u015fimdi bu topra\u011f\u0131n ba\u011fr\u0131ndan bir ses daha y\u00fckseliyor: Edebiyat\u0131n, sanat\u0131n, kel\u00e2m\u0131n sesi. Y\u0131llard\u0131r t\u00fcrk\u00fcde, masalda, halk\u0131n dilinde ya\u015fayan Elbistan; bu kez kalemiyle, s\u00f6z\u00fcyle, sanat\u00e7\u0131s\u0131yla kendi derne\u011fine kavu\u015ftu. Elbistan Edebiyat ve Sanat Derne\u011fi \u2013 EDE-B\u0130STAN kuruldu. Yedi g\u00fczel [&hellip;]<\/p>\n","protected":false},"author":1,"featured_media":19906,"comment_status":"open","ping_status":"open","sticky":false,"template":"","format":"standard","meta":{"_jetpack_memberships_contains_paid_content":false,"footnotes":""},"categories":[2,8],"tags":[],"class_list":["post-19903","post","type-post","status-publish","format-standard","has-post-thumbnail","hentry","category-3-sayfa","category-gundem"],"jetpack_featured_media_url":"https:\/\/elbistanhabermerkezi.com\/wp-content\/uploads\/2025\/06\/beyazuy.png","jetpack_sharing_enabled":true,"_links":{"self":[{"href":"https:\/\/elbistanhabermerkezi.com\/index.php\/wp-json\/wp\/v2\/posts\/19903","targetHints":{"allow":["GET"]}}],"collection":[{"href":"https:\/\/elbistanhabermerkezi.com\/index.php\/wp-json\/wp\/v2\/posts"}],"about":[{"href":"https:\/\/elbistanhabermerkezi.com\/index.php\/wp-json\/wp\/v2\/types\/post"}],"author":[{"embeddable":true,"href":"https:\/\/elbistanhabermerkezi.com\/index.php\/wp-json\/wp\/v2\/users\/1"}],"replies":[{"embeddable":true,"href":"https:\/\/elbistanhabermerkezi.com\/index.php\/wp-json\/wp\/v2\/comments?post=19903"}],"version-history":[{"count":1,"href":"https:\/\/elbistanhabermerkezi.com\/index.php\/wp-json\/wp\/v2\/posts\/19903\/revisions"}],"predecessor-version":[{"id":19908,"href":"https:\/\/elbistanhabermerkezi.com\/index.php\/wp-json\/wp\/v2\/posts\/19903\/revisions\/19908"}],"wp:featuredmedia":[{"embeddable":true,"href":"https:\/\/elbistanhabermerkezi.com\/index.php\/wp-json\/wp\/v2\/media\/19906"}],"wp:attachment":[{"href":"https:\/\/elbistanhabermerkezi.com\/index.php\/wp-json\/wp\/v2\/media?parent=19903"}],"wp:term":[{"taxonomy":"category","embeddable":true,"href":"https:\/\/elbistanhabermerkezi.com\/index.php\/wp-json\/wp\/v2\/categories?post=19903"},{"taxonomy":"post_tag","embeddable":true,"href":"https:\/\/elbistanhabermerkezi.com\/index.php\/wp-json\/wp\/v2\/tags?post=19903"}],"curies":[{"name":"wp","href":"https:\/\/api.w.org\/{rel}","templated":true}]}}