{"id":19595,"date":"2025-05-14T16:38:23","date_gmt":"2025-05-14T16:38:23","guid":{"rendered":"https:\/\/elbistanhabermerkezi.com\/?p=19595"},"modified":"2025-05-14T16:38:23","modified_gmt":"2025-05-14T16:38:23","slug":"savunma-sanayiinin-kalbi-ksude-atiyor","status":"publish","type":"post","link":"https:\/\/elbistanhabermerkezi.com\/index.php\/2025\/05\/14\/savunma-sanayiinin-kalbi-ksude-atiyor\/","title":{"rendered":"Savunma Sanayiinin Kalbi KS\u00dc\u2019de At\u0131yor."},"content":{"rendered":"<p style=\"text-align: justify;\"><img loading=\"lazy\" decoding=\"async\" class=\"alignnone size-full wp-image-12722\" src=\"https:\/\/elbistanhabermerkezi.com\/wp-content\/uploads\/2024\/01\/halild6.jpg\" alt=\"\" width=\"302\" height=\"202\" srcset=\"https:\/\/elbistanhabermerkezi.com\/wp-content\/uploads\/2024\/01\/halild6.jpg 302w, https:\/\/elbistanhabermerkezi.com\/wp-content\/uploads\/2024\/01\/halild6-157x105.jpg 157w, https:\/\/elbistanhabermerkezi.com\/wp-content\/uploads\/2024\/01\/halild6-232x155.jpg 232w\" sizes=\"auto, (max-width: 302px) 100vw, 302px\" \/><\/p>\n<p style=\"text-align: justify;\"><strong>Savunma Sanayiinin Kalbi KS\u00dc\u2019de At\u0131yor: T\u00fcrk Silahl\u0131 Kuvvetlerini G\u00fc\u00e7lendirme Vakf\u0131 Tan\u0131t\u0131m Program\u0131 D\u00fczenlendi<\/strong><\/p>\n<p style=\"text-align: justify;\">Kahramanmara\u015f S\u00fct\u00e7\u00fc \u0130mam \u00dcniversitesi (KS\u00dc), T\u00fcrkiye\u2019nin savunma sanayii alan\u0131nda att\u0131\u011f\u0131 ad\u0131mlar\u0131 ve tarihi d\u00f6n\u00fc\u015f\u00fcm s\u00fcrecini konu alan anlaml\u0131 bir programa ev sahipli\u011fi yapt\u0131. KS\u00dc M\u00fchendislik ve Mimarl\u0131k Fak\u00fcltesinin katk\u0131lar\u0131 ile Yunus Emre Kongre ve K\u00fclt\u00fcr Merkezi\u2019nde d\u00fczenlenen \u201cT\u00fcrk Silahl\u0131 Kuvvetlerini G\u00fc\u00e7lendirme Vakf\u0131 Tan\u0131t\u0131m Program\u0131\u201d, kat\u0131l\u0131mc\u0131lara hem tarihsel bir bilin\u00e7 hem de stratejik bir vizyon sundu.<\/p>\n<p style=\"text-align: justify;\"><strong>Gen\u00e7 M\u00fchendislerden Milli Teknoloji Hamlesine Katk\u0131<\/strong><\/p>\n<p style=\"text-align: justify;\">T\u00fcrk Silahl\u0131 Kuvvetlerini G\u00fc\u00e7lendirme Vakf\u0131&#8217;n\u0131n destekledi\u011fi yerli savunma sanayii faaliyetleri kapsam\u0131nda, KS\u00dc\u2019l\u00fc gen\u00e7 m\u00fchendis adaylar\u0131n\u0131n geli\u015ftirdi\u011fi yerli drone ve savunma sanayi projeleri ile TEKNOFEST yar\u0131\u015fmalar\u0131ndan \u00f6d\u00fcl alan projeleri sergilendi. Program kapsam\u0131nda protokol \u00fcyeleri, \u00f6\u011frencilerden projeleri hakk\u0131nda bilgi ald\u0131. Milli teknoloji vizyonuna paralel olarak geli\u015ftirilen sistemlerin detaylar\u0131n\u0131 anlatan \u00f6\u011frenciler, \u00f6zellikle hava platformlar\u0131 \u00fczerindeki yeni nesil uygulamalara dikkat \u00e7ekti.<\/p>\n<p style=\"text-align: justify;\">Etkinlikte \u00f6\u011frencilerin savunma sanayine d\u00f6n\u00fck yerli ve milli Ar-Ge \u00e7al\u0131\u015fmalar\u0131 hakk\u0131nda bilgi alan protokol \u00fcyeleri, gen\u00e7lerin projelerine duyduklar\u0131 ilgiyi ve memnuniyeti dile getirdi. Kat\u0131l\u0131mc\u0131lar aras\u0131nda yer alan \u00fcniversite y\u00f6neticileri ve vak\u0131f temsilcileri, \u201cgelece\u011fin m\u00fchendislerini bu t\u00fcr projelerle bulu\u015fturman\u0131n, T\u00fcrkiye&#8217;nin savunma sanayiinde tam ba\u011f\u0131ms\u0131zl\u0131k hedefine ula\u015fmas\u0131nda kritik \u00f6nemde oldu\u011funu\u201d vurgulad\u0131.<\/p>\n<p style=\"text-align: justify;\">Protokol \u00fcyelerinin kurulan stantlar\u0131 gezilmesinin ard\u0131ndan \u201cT\u00fcrk Silahl\u0131 Kuvvetlerini G\u00fc\u00e7lendirme Vakf\u0131 Tan\u0131t\u0131m Program\u0131\u201dna ge\u00e7ildi.<\/p>\n<p style=\"text-align: justify;\">Belgesel bir anlat\u0131m\u0131 and\u0131ran etkinlik, sayg\u0131 duru\u015fu ve \u0130stiklal Mar\u015f\u0131\u2019n\u0131n okunmas\u0131yla ba\u015flad\u0131. Programa, T\u00fcrk Silahl\u0131 Kuvvetlerini G\u00fc\u00e7lendirme Vakf\u0131 Genel M\u00fcd\u00fcr Yard\u0131mc\u0131s\u0131 Emekli Tu\u011fgeneral Erhan Sipahio\u011flu, KS\u00dc Rekt\u00f6r\u00fc Prof. Dr. Alptekin Yas\u0131m, Prof. Dr. \u0130rfan Ersin Ak\u0131nc\u0131, Prof. Dr. Nuri Kahveci, Prof. Dr. Orhan Do\u011fan, Prof. Dr. Hafize \u00d6ks\u00fcz, M\u00fchendislik ve Mimarl\u0131k Fak\u00fcltesi Dekan\u0131 Prof. Dr. Mehmet \u00dcnsal, Fak\u00fclte Dekanlar\u0131, Y\u00fcksekokul M\u00fcd\u00fcrleri, KS\u00dc Genel Sekreteri \u0130brahim Palab\u0131y\u0131k, T\u00fcrk Silahl\u0131 Kuvvetlerini G\u00fc\u00e7lendirme Vakf\u0131 (TSKGV) Mersin B\u00f6lge Temsilcisi Emekli Albay Yola\u00e7 Erdur, TSKGV Kahramanmara\u015f Fahri Tan\u0131t\u0131m Kurulu (FTK) Ba\u015fkan\u0131 R\u00fcstem \u00d6zen, akademik ve idari personel ile \u00f6\u011frenciler kat\u0131ld\u0131.<\/p>\n<p style=\"text-align: justify;\">Emekli Tu\u011fgeneral Erhan Sipahio\u011flu konu\u015fmas\u0131nda, T\u00fcrkiye&#8217;nin son y\u0131llarda savunma sanayiinde g\u00f6sterdi\u011fi y\u00fckseli\u015fi \u201cadeta bir destan\u201d olarak tan\u0131mlad\u0131. Hem sahada g\u00f6rev alm\u0131\u015f bir asker hem de projelerin i\u00e7inde yer alm\u0131\u015f bir uzman olarak edindi\u011fi tecr\u00fcbeleri payla\u015fan Sipahio\u011flu, bug\u00fcn savunma sanayii \u015firketleriyle y\u00fcr\u00fctt\u00fc\u011f\u00fc \u00e7al\u0131\u015fmalardan \u00f6rnekler sundu.<\/p>\n<p style=\"text-align: justify;\">Sipahio\u011flu, KS\u00dc\u2019n\u00fcn ismini anarak \u201cKahramanmara\u015f S\u00fct\u00e7\u00fc \u0130mam \u00dcniversitesi ad\u0131 bile ba\u015fl\u0131 ba\u015f\u0131na bir tarih\u00ee ger\u00e7ekli\u011fi ve m\u00fccadeleyi yans\u0131t\u0131yor,\u201d diyerek program\u0131n mek\u00e2nsal anlam\u0131na da vurgu yapt\u0131.<\/p>\n<p style=\"text-align: justify;\"><strong>Tarihten G\u00fcn\u00fcm\u00fcze: Yerli ve Milli Savunman\u0131n Zorunlulu\u011fu<\/strong><\/p>\n<p style=\"text-align: justify;\">Konu\u015fmas\u0131nda savunma sanayiinin tarihsel k\u0131r\u0131lma noktalar\u0131na dikkat \u00e7eken Sipahio\u011flu, \u00f6zellikle K\u0131br\u0131s Bar\u0131\u015f Harek\u00e2t\u0131 \u00f6ncesinde ya\u015fanan s\u0131k\u0131nt\u0131lara i\u015faret etti. \u201cAskerimizin kulland\u0131\u011f\u0131 basit ekipmanlar\u0131 dahi Amerika Birle\u015fik Devletleri\u2019nden yard\u0131m olarak temin ediyorduk.\u201d diyen Sipahio\u011flu, T\u00fcrkiye\u2019nin bu d\u00f6nemde d\u0131\u015fa ba\u011f\u0131ml\u0131 bir durumda oldu\u011funu ve ambargolara maruz kald\u0131\u011f\u0131n\u0131 hat\u0131rlatt\u0131.<\/p>\n<p style=\"text-align: justify;\">1926 ile 1950 y\u0131llar\u0131 aras\u0131nda T\u00fcrkiye\u2019de \u00fc\u00e7 u\u00e7ak fabrikas\u0131n\u0131n faaliyet g\u00f6sterdi\u011fini belirten Sipahio\u011flu, bu d\u00f6nemin ard\u0131ndan gelen stratejik kopu\u015fun savunma kapasitesini zay\u0131flatt\u0131\u011f\u0131n\u0131 ifade etti. \u201cK\u0131br\u0131s\u2019a \u00e7\u0131karma yapaca\u011f\u0131m\u0131z d\u00f6nemde ambargo ile kar\u015f\u0131la\u015ft\u0131k. Bu bir uyan\u0131\u015fa vesile oldu,\u201d \u015feklindeki s\u00f6zleriyle, T\u00fcrk savunma sanayiinin yeniden yap\u0131lanma s\u00fcrecinin zorunlulukla ba\u015flad\u0131\u011f\u0131n\u0131 dile getirdi.<\/p>\n<p style=\"text-align: justify;\"><strong>Vak\u0131f, Sanayinin Nabz\u0131: Stratejik Derinli\u011fe Sahip Bir Kurulu\u015f<\/strong><\/p>\n<p style=\"text-align: justify;\">T\u00fcrkiye\u2019de pek \u00e7ok vak\u0131f bulundu\u011funu, ancak T\u00fcrk Silahl\u0131 Kuvvetlerini G\u00fc\u00e7lendirme Vakf\u0131\u2019n\u0131n \u00f6zg\u00fcn bir misyona sahip oldu\u011funu vurgulayan Sipahio\u011flu, \u201cSavunma \u015firketleriyle y\u00fcr\u00fctt\u00fc\u011f\u00fcm\u00fcz ortak \u00e7al\u0131\u015fmalar, asl\u0131nda bu ba\u015far\u0131n\u0131n g\u00f6r\u00fcnmeyen motor g\u00fcc\u00fcn\u00fc olu\u015fturuyor. Savunman\u0131n kalbi burada at\u0131yor.\u201d dedi.<\/p>\n<p style=\"text-align: justify;\">Gelecek vizyonunu da payla\u015fan Sipahio\u011flu, \u201cBu co\u011frafyada g\u00fc\u00e7l\u00fc kalmak bir tercih de\u011fil, zorunluluktur. Milli menfaatleri koruyacak, yerli \u00fcretimle donat\u0131lm\u0131\u015f bir silahl\u0131 kuvvet, \u00e7ocuklar\u0131m\u0131z\u0131n bu topraklarda ya\u015fayabilmesinin teminat\u0131d\u0131r.\u201d dedi.<\/p>\n<p style=\"text-align: justify;\">Emekli Tu\u011fgeneral Erhan Sipahio\u011flu konu\u015fmas\u0131n\u0131n devam\u0131nda, T\u00fcrk Silahl\u0131 Kuvvetlerini G\u00fc\u00e7lendirme Vakf\u0131\u2019n\u0131n (TSKGV) \u00e7ok \u00f6nemli hizletleri ifa eden bir vak\u0131f oldu\u011funu belirterek, do\u011frudan kanunla kurulmu\u015f ve silahl\u0131 kuvvetlerin sava\u015f g\u00fcc\u00fcn\u00fc art\u0131rmak amac\u0131yla yap\u0131land\u0131r\u0131lm\u0131\u015f stratejik bir kurum oldu\u011funu vurgulad\u0131.<\/p>\n<p style=\"text-align: justify;\">\u201cVak\u0131f, sadece ordumuzun de\u011fil, asl\u0131nda t\u00fcm savunma yap\u0131m\u0131z\u0131n arkas\u0131ndaki g\u00f6r\u00fcnmeyen eldir,\u201d diyen Sipahio\u011flu, TSKGV\u2019nin sa\u011flad\u0131\u011f\u0131 destekle di\u011fer vak\u0131flar\u0131n da bek\u00e2s\u0131n\u0131n g\u00fcvence alt\u0131na al\u0131nd\u0131\u011f\u0131n\u0131 ifade etti.<\/p>\n<p style=\"text-align: justify;\"><strong>Y\u00f6netimde G\u00fc\u00e7, Sahada Etki: ASELSAN ve HAVELSAN \u00d6rnekleri<\/strong><\/p>\n<p style=\"text-align: justify;\">TSKGV\u2019nin y\u00f6netsel etkisini \u00f6rneklerle a\u00e7\u0131klayan Sipahio\u011flu, ASELSAN ve HAVELSAN gibi kritik savunma \u015firketlerinin y\u00f6netim yap\u0131s\u0131nda Vakf\u0131n belirleyici bir rol oynad\u0131\u011f\u0131n\u0131 aktard\u0131. \u201cASELSAN Y\u00f6netim Kurulu\u2019nun 9 \u00fcyesinden 6\u2019s\u0131 vak\u0131f taraf\u0131ndan belirleniyor. HAVELSAN\u2019da ise tamam\u0131 TSKGV \u00fcyelerinden olu\u015fuyor,\u201d diyerek, kurumsal y\u00f6netim g\u00fcc\u00fcn\u00fcn savunma \u015firketlerinin ba\u015far\u0131s\u0131nda belirleyici oldu\u011funu vurgulad\u0131.<\/p>\n<p style=\"text-align: justify;\">Bu stratejik yap\u0131lanman\u0131n yaln\u0131zca y\u00f6netimsel de\u011fil, sahaya do\u011frudan yans\u0131yan sonu\u00e7lar do\u011furdu\u011funu ifade eden Sipahio\u011flu, \u201cHer bir ba\u011f\u0131\u015f, Mehmet\u00e7i\u011fin sahadaki g\u00fcc\u00fcne g\u00fc\u00e7 kat\u0131yor,\u201d dedi. Modern teknolojinin yayg\u0131n kullan\u0131m\u0131yla birlikte asker\u00ee kabiliyetlerin \u00f6nemli \u00f6l\u00e7\u00fcde artt\u0131\u011f\u0131n\u0131 ve ba\u015far\u0131 oran\u0131n\u0131n sahada daha g\u00f6r\u00fcn\u00fcr hale geldi\u011fini belirtti.<\/p>\n<p style=\"text-align: justify;\"><strong>Kaynak Y\u00f6netimi ve D\u00f6ng\u00fcsel G\u00fc\u00e7lenme<\/strong><\/p>\n<p style=\"text-align: justify;\">TSKGV\u2019nin gelir kaynaklar\u0131na da de\u011finen Sipahio\u011flu, vakf\u0131n ba\u011f\u0131\u015flardan ve vak\u0131f \u015firketlerinden al\u0131nan k\u00e2r paylar\u0131ndan beslendi\u011fini, bu kaynaklar\u0131n tekrar vak\u0131f \u015firketlerine aktar\u0131lmas\u0131yla savunma sanayiinde bir d\u00f6ng\u00fcsel g\u00fc\u00e7lenme modeli olu\u015fturuldu\u011funu ifade etti.<\/p>\n<p style=\"text-align: justify;\">K\u00fcresel gerginliklerin yol a\u00e7t\u0131\u011f\u0131 pazar bo\u015fluklar\u0131na dikkat \u00e7eken Sipahio\u011flu, T\u00fcrkiye\u2019nin bu sekt\u00f6rde daha b\u00fcy\u00fck pay alabilmesi i\u00e7in alan\u0131nda uzman, kendine g\u00fcvenen gen\u00e7lere her zamankinden daha fazla ihtiyac\u0131 oldu\u011funu dile getirdi.<\/p>\n<p style=\"text-align: justify;\">\u201cVak\u0131f Ba\u015fkan\u0131m\u0131z Cumhurba\u015fkan\u0131m\u0131z Say\u0131n Recep Tayyip Erdo\u011fan\u2019d\u0131r. Bu, kurumun devletin en \u00fcst d\u00fczeyiyle olan ba\u011f\u0131n\u0131 g\u00f6steriyor. Gen\u00e7lerimize \u00f6zg\u00fcven a\u015f\u0131layarak onlar\u0131 gelece\u011fe haz\u0131rl\u0131yoruz,\u201d s\u00f6zleriyle, vakf\u0131n yaln\u0131zca fiziksel de\u011fil, zihinsel bir direni\u015f ve haz\u0131rl\u0131k mekanizmas\u0131 oldu\u011funu belirtti.<\/p>\n<p style=\"text-align: justify;\"><strong>Savunman\u0131n D\u00f6n\u00fcm Noktas\u0131: ASELSAN\u2019\u0131n Kurulu\u015f Hik\u00e2yesi<\/strong><\/p>\n<p style=\"text-align: justify;\">Program\u0131n en dikkat \u00e7eken anlar\u0131ndan biri ASELSAN\u2019\u0131n kurulu\u015f hik\u00e2yesiydi. 1974 K\u0131br\u0131s Bar\u0131\u015f Harek\u00e2t\u0131 s\u0131ras\u0131nda TCG Kocatepe gemisinin haberle\u015fme yetersizli\u011fi nedeniyle vurulmas\u0131n\u0131n ard\u0131ndan al\u0131nan karar do\u011frultusunda, 14 Kas\u0131m 1975\u2019te yaln\u0131zca d\u00f6rt m\u00fchendisle kurulan ASELSAN\u2019\u0131n bug\u00fcn geldi\u011fi nokta adeta bir ba\u015far\u0131 \u00f6yk\u00fcs\u00fc niteli\u011finde.<\/p>\n<p style=\"text-align: justify;\">Sipahio\u011flu, \u201cBug\u00fcn ASELSAN, 12 bin \u00e7al\u0131\u015fan\u0131yla d\u00fcnyan\u0131n en b\u00fcy\u00fck ilk 100 savunma sanayi \u015firketi aras\u0131nda 42. s\u0131rada yer al\u0131yor. Ayr\u0131ca d\u00fcnyada en h\u0131zl\u0131 b\u00fcy\u00fcyen 10 savunma \u015firketinden biri,\u201d dedi.<\/p>\n<p style=\"text-align: justify;\">T\u00fcrkiye genelinde 3.500\u2019\u00fcn \u00fczerinde savunma sanayi \u015firketi bulundu\u011funa dikkat \u00e7eken Sipahio\u011flu, ASELSAN\u2019\u0131n hedefinin 2030 y\u0131l\u0131na kadar d\u00fcnya s\u0131ralamas\u0131nda ilk 30\u2019a girmek oldu\u011funu ifade etti.<\/p>\n<p style=\"text-align: justify;\">\u015eirketin yaln\u0131zca niceliksel de\u011fil, niteliksel olarak da geli\u015fti\u011fini aktaran Sipahio\u011flu, ASELSAN b\u00fcnyesinde alt\u0131 farkl\u0131 sekt\u00f6rde \u00fcretim yapan fabrikalar bulundu\u011funu belirtti. Bu fabrikalarda geli\u015ftirilen sistemlerin aras\u0131nda; tan\u0131ml\u0131 rotada engelden ka\u00e7\u0131nma, yol tan\u0131ma, insan ve ara\u00e7 tespiti, lazerle mesafe \u00f6l\u00e7\u00fcm\u00fc, hareketli hedeflere isabetli at\u0131\u015f gibi ileri teknolojili \u00e7\u00f6z\u00fcmler yer al\u0131yor.<\/p>\n<p style=\"text-align: justify;\"><strong>Vak\u0131f, Ordunun Kalbi \u2013 Gen\u00e7li\u011fin Umudu<\/strong><\/p>\n<p style=\"text-align: justify;\">Sipahio\u011flu, T\u00fcrk Silahl\u0131 Kuvvetlerini G\u00fc\u00e7lendirme Vakf\u0131\u2019n\u0131n yaln\u0131zca asker\u00ee de\u011fil, ayn\u0131 zamanda toplumsal bir misyona sahip oldu\u011funu vurgulad\u0131: \u201cBu vak\u0131f, T\u00fcrk Silahl\u0131 Kuvvetleri ile milletimiz aras\u0131nda bir k\u00f6pr\u00fcd\u00fcr. Gelece\u011fi in\u015fa eden bu k\u00f6pr\u00fc, tarih\u00ee sorumlulu\u011funun bilincinde, \u00e7a\u011f\u0131n gereklerini kavrayan bir duru\u015fla g\u00f6revini s\u00fcrd\u00fcrmektedir.<\/p>\n<p style=\"text-align: justify;\"><strong>Savunmada Yeni Ufuklar: \u00c7elik Kubbe ve Gelece\u011fin Sistemleri<\/strong><\/p>\n<p style=\"text-align: justify;\">Emekli Tu\u011fgeneral Erhan Sipahio\u011flu, konu\u015fmas\u0131n\u0131n devam\u0131nda T\u00fcrkiye\u2019nin g\u00fcndeminde yer alan \u201c\u00c7elik Kubbe\u201d projesine de\u011finerek, havadan gelebilecek tehditlerin ulusal g\u00fcvenlik a\u00e7\u0131s\u0131ndan en b\u00fcy\u00fck risklerden biri oldu\u011funu s\u00f6yledi. Hava savunmas\u0131nda tam ba\u011f\u0131ms\u0131zl\u0131k hedefiyle y\u00fcr\u00fct\u00fclen \u00e7al\u0131\u015fmalarda, yerli ve milli katmanl\u0131 hava savunma sistemlerinin geli\u015ftirilerek birbirleriyle otonom \u015fekilde entegre edildi\u011fini ve merkezi komuta kontrol sistemleriyle y\u00f6netildi\u011fini belirtti.<\/p>\n<p style=\"text-align: justify;\"><strong>G\u00f6ky\u00fcz\u00fcnden Denizin Derinli\u011fine: Savunman\u0131n Yeni Katmanlar\u0131<\/strong><\/p>\n<p style=\"text-align: justify;\">Geli\u015ftirilen sistemler aras\u0131nda \u00f6ne \u00e7\u0131kan G\u00f6kberk Mobil Lazer Sistemi, lazer teknolojisinin gelecekte belirleyici olaca\u011f\u0131n\u0131n alt\u0131n\u0131 \u00e7izdi. Sipahio\u011flu, \u201cBu sistemler sadece karada de\u011fil, denizde de Mavi Vatan\u2019\u0131 saracak \u015fekilde konu\u015fland\u0131r\u0131l\u0131yor. Cephe \u00e7evremizi bir \u00e7elik kalkanla donatmak \u00fczereyiz.\u201d dedi.<\/p>\n<p style=\"text-align: justify;\">G\u00fcrz Hava Savunma Sistemi\u2019nin, al\u00e7ak irtifa tehditlerine kar\u015f\u0131 4, 8 ve 20 kilometrelik \u00fc\u00e7 farkl\u0131 menzil aral\u0131\u011f\u0131nda etkili oldu\u011funu s\u00f6yleyen Sipahio\u011flu, G\u00f6kdemir f\u00fczesinin ise hem havadan havaya hem karadan karaya etkili kullan\u0131m sa\u011flad\u0131\u011f\u0131n\u0131 belirtti. Orta menzil hava ve kara savunma sistemleriyle \u00c7elik Kubbe projesine entegre edilen bu sistemlerin, \u00fclkenin savunma kapasitesine ivme kazand\u0131rd\u0131\u011f\u0131n\u0131 dile getirdi.<\/p>\n<p style=\"text-align: justify;\"><strong>Denizde G\u00fc\u00e7, Karada Teknoloji: Y\u00fczde 85 Yerli F\u0131rkateynler ve M\u0130LDEN Projeleri<\/strong><\/p>\n<p style=\"text-align: justify;\">Savunma sanayisinde ula\u015f\u0131lan yerlilik oranlar\u0131n\u0131n alt\u0131n\u0131 \u00e7izen Sipahio\u011flu, T\u00fcrkiye\u2019nin kendi sava\u015f gemisini yapabilen on \u00fclkeden biri oldu\u011funu ve bu gemilerin %85 oran\u0131nda yerli \u00fcretimle in\u015fa edildi\u011fini kaydetti. Pakistan, Portekiz, Malezya ve Ukrayna\u2019ya firkateyn ihracat\u0131n\u0131n ger\u00e7ekle\u015ftirildi\u011fini; TCG \u0130zmir, TCG \u0130\u00e7el ve TCG \u0130zmit gibi yeni nesil firkateynlerin \u00fc\u00e7 y\u0131l i\u00e7inde donanmaya teslim edilece\u011fini a\u00e7\u0131klad\u0131.<\/p>\n<p style=\"text-align: justify;\">M\u0130LDEN ve M\u00dcGEM gibi denizalt\u0131 projelerinin h\u0131z kesmeden devam etti\u011fini de vurgulayan Sipahio\u011flu, d\u00fcnyan\u0131n ilk insans\u0131z hava arac\u0131 ta\u015f\u0131yabilen gemisine T\u00fcrkiye\u2019nin sahip oldu\u011funu, bu platformda \u0130HA\u2019lar\u0131n ini\u015f ve kalk\u0131\u015f yapabildi\u011fini ve bu ba\u015far\u0131y\u0131 elde eden tek \u00fclke oldu\u011fumuzu belirtti.<\/p>\n<p style=\"text-align: justify;\"><strong>Havac\u0131l\u0131kta S\u0131\u00e7rama: H\u00dcRKU\u015e, H\u00dcRJET ve KAAN<\/strong><\/p>\n<p style=\"text-align: justify;\">Havac\u0131l\u0131ktaki geli\u015fmelere de\u011finen Sipahio\u011flu, \u201cH\u00dcRKU\u015e, \u00fclkemizin havac\u0131l\u0131kta \u00e7a\u011f atlamas\u0131n\u0131 sa\u011flad\u0131. H\u00dcRJET ve \u00f6zellikle KAAN ise T\u00fcrkiye\u2019nin savunma sanayinde ula\u015ft\u0131\u011f\u0131 seviyeyi t\u00fcm d\u00fcnyaya g\u00f6steren somut projelerdir,\u201d dedi.<\/p>\n<p style=\"text-align: justify;\">KAAN\u2019\u0131n \u00e7ift motorlu, g\u00f6r\u00fcnmezlik teknolojisine sahip, dahili silah yuval\u0131, y\u00fcksek manevra kabiliyetli ve hem hava-hava hem hava-yer muharebelerinde y\u00fcksek durumsal fark\u0131ndal\u0131k sa\u011flayan \u00fcst\u00fcn bir platform oldu\u011funu vurgulad\u0131.<\/p>\n<p style=\"text-align: justify;\">ATAK helikopteri ve Skorsky\u2019den elde edilen tecr\u00fcbeyle tamamen yerli olarak geli\u015ftirilen G\u00d6KBEY helikopterine de de\u011finen Sipahio\u011flu, \u015fu anda TS-1400 motorunun da yerli imk\u00e2nlarla \u00fcretildi\u011fini belirtti.<\/p>\n<p style=\"text-align: justify;\"><strong>\u0130nsans\u0131z Sistemlerde D\u00fcnya Liderli\u011fi: ANKA, AKSUNGUR ve S\u00fcper \u015eim\u015fek<\/strong><\/p>\n<p style=\"text-align: justify;\">TSK\u2019n\u0131n insans\u0131z hava ara\u00e7lar\u0131 konusunda kaydetti\u011fi ilerlemeye dikkat \u00e7eken Sipahio\u011flu, ANKA\u2019n\u0131n geli\u015ftirilmesinin ard\u0131ndan 18 ay gibi k\u0131sa bir s\u00fcrede AKSUNGUR\u2019un \u00fcretildi\u011fini, bunun bilgi birikiminin do\u011fal sonucu oldu\u011funu ifade etti. T\u00fcrkiye\u2019nin d\u00fcnya S\u0130HA pazar\u0131nda radar alt\u0131na giren bir \u00fclke oldu\u011funu belirtti.<\/p>\n<p style=\"text-align: justify;\">S\u00fcper \u015eim\u015fek adl\u0131 yeni sistemin, 35 kilogram harp ba\u015fl\u0131\u011f\u0131 ta\u015f\u0131yabildi\u011fini ve bu ba\u015fl\u0131kla 700 kilometre menzile ula\u015fabildi\u011fini a\u00e7\u0131klayan Sipahio\u011flu, bu kabiliyetlerin T\u00fcrkiye\u2019yi sadece b\u00f6lgesel de\u011fil, k\u00fcresel bir g\u00fc\u00e7 haline getirdi\u011fini s\u00f6yledi.<\/p>\n<p style=\"text-align: justify;\"><strong>Roketsan\u2019\u0131n Menzili: Karadan Hedefe, Denizde K\u0131l\u0131\u00e7 Gibi<\/strong><\/p>\n<p style=\"text-align: justify;\">Roketsan \u00fcretimi S\u0130PER f\u00fczelerinin 100-150 kilometre menzilli hava savunma sistemleri olarak g\u00f6rev yapt\u0131\u011f\u0131n\u0131, karadan at\u0131lan balistik f\u00fczelerde 150 kilometreye kadar etkili sistemlerin geli\u015ftirildi\u011fini belirtti. Tayfun ve Atmaca f\u00fczelerinin 222 kilometreye kadar menzil ile gemisavar \u00f6zellikler ta\u015f\u0131d\u0131\u011f\u0131n\u0131, \u00c7ak\u0131r f\u00fczesinin ise 150 kilometre menzille \u00f6ne \u00e7\u0131kt\u0131\u011f\u0131n\u0131 kaydetti. AKYA s\u0131n\u0131f\u0131 torpidolarla, 50 kilometrelik menzilde hem su\u00fcst\u00fc hem denizalt\u0131 hedeflerin etkisiz h\u00e2le getirildi\u011fini s\u00f6yledi.<\/p>\n<p style=\"text-align: justify;\"><strong>Yaz\u0131l\u0131mdan G\u00fc\u00e7 Sistemlerine: Savunman\u0131n Sessiz Mimarlar\u0131<\/strong><\/p>\n<p style=\"text-align: justify;\">HAVELSAN\u2019\u0131n yaz\u0131l\u0131m alan\u0131ndaki kritik rol\u00fcn\u00fc, \u0130\u015eB\u0130R\u2019in Bal\u0131kesir\u2019de \u00fcretti\u011fi askeri jenerat\u00f6rleri ve ASP\u0130LSAN\u2019\u0131n Kayseri\u2019de geli\u015ftirdi\u011fi pil-batarya teknolojilerini \u00f6rnek g\u00f6steren Sipahio\u011flu, bu yap\u0131lar\u0131n TSKGV \u00e7at\u0131s\u0131 alt\u0131ndaki 72 \u015firket, 12 \u015fube ve 9 ofis ile organize edildi\u011fini ifade etti.<\/p>\n<p style=\"text-align: justify;\"><strong>Afrika\u2019da Yeni Oyun Kurucu: T\u00fcrkiye<\/strong><\/p>\n<p style=\"text-align: justify;\">T\u00fcrkiye\u2019nin savunma sanayi ihracat\u0131nda Afrika pazar\u0131n\u0131 Fransa\u2019n\u0131n elinden ald\u0131\u011f\u0131na dikkat \u00e7eken Sipahio\u011flu, \u201cD\u00fcnya \u015firketi olarak bu yap\u0131y\u0131 en iyi kaynak y\u00f6netimiyle y\u00f6netti\u011fimiz s\u00fcrece \u00e7ok daha b\u00fcy\u00fck ba\u015far\u0131lara imza ataca\u011f\u0131z,\u201d dedi.<\/p>\n<p style=\"text-align: justify;\">T\u00fcrk Silahl\u0131 Kuvvetlerini G\u00fc\u00e7lendirme Vakf\u0131 Genel M\u00fcd\u00fcr Yard\u0131mc\u0131s\u0131 Emekli Tu\u011fgeneral Erhan Sipahio\u011flu, konu\u015fmas\u0131n\u0131n sonunda \u00fcniversite \u00f6\u011frencilerini, savunma sanayiine dair vizyonlar\u0131n\u0131 geni\u015fletmeleri i\u00e7in IDEF 2025 &#8211; 17\u2019nci Uluslararas\u0131 Savunma Sanayii Fuar\u0131\u2019na kat\u0131lmaya davet etti.<\/p>\n<p style=\"text-align: justify;\">IDEF 2025, 22-27 Temmuz 2025 tarihleri aras\u0131nda \u0130stanbul Fuar Merkezi\u2019nde ger\u00e7ekle\u015ftirilecektir. Fuar\u0131n organizat\u00f6rl\u00fc\u011f\u00fcn\u00fc T\u00fcrk Silahl\u0131 Kuvvetlerini G\u00fc\u00e7lendirme Vakf\u0131 \u00fcstlenmektedir.<\/p>\n<p style=\"text-align: justify;\">Fuarda; savunma sanayii alan\u0131ndaki son teknolojiler, yenilik\u00e7i \u00fcr\u00fcnler, askeri sistemler ve yerli \u00fcretim kabiliyetleri sergilenecek. IDEF, d\u00fcnya genelindeki savunma profesyonelleri ile resmi heyetleri bulu\u015fturarak, T\u00fcrkiye&#8217;nin k\u00fcresel savunma sanayiindeki konumunu daha da peki\u015ftirmeyi hedefliyor.<\/p>\n<p style=\"text-align: justify;\">Program\u0131n sonunda soru-cevap b\u00f6l\u00fcm\u00fcne ge\u00e7ilirken, Rekt\u00f6r taraf\u0131ndan Erhan Sipahio\u011flu\u2019na plaket takdim edildi.<\/p>\n<p style=\"text-align: justify;\"><img loading=\"lazy\" decoding=\"async\" class=\"alignnone size-full wp-image-19596\" src=\"https:\/\/elbistanhabermerkezi.com\/wp-content\/uploads\/2025\/05\/7-1.jpg\" alt=\"\" width=\"600\" height=\"400\" srcset=\"https:\/\/elbistanhabermerkezi.com\/wp-content\/uploads\/2025\/05\/7-1.jpg 600w, https:\/\/elbistanhabermerkezi.com\/wp-content\/uploads\/2025\/05\/7-1-158x105.jpg 158w, https:\/\/elbistanhabermerkezi.com\/wp-content\/uploads\/2025\/05\/7-1-233x155.jpg 233w, https:\/\/elbistanhabermerkezi.com\/wp-content\/uploads\/2025\/05\/7-1-332x221.jpg 332w\" sizes=\"auto, (max-width: 600px) 100vw, 600px\" \/> <img loading=\"lazy\" decoding=\"async\" class=\"alignnone size-full wp-image-19597\" src=\"https:\/\/elbistanhabermerkezi.com\/wp-content\/uploads\/2025\/05\/13UI.jpg\" alt=\"\" width=\"779\" height=\"448\" srcset=\"https:\/\/elbistanhabermerkezi.com\/wp-content\/uploads\/2025\/05\/13UI.jpg 779w, https:\/\/elbistanhabermerkezi.com\/wp-content\/uploads\/2025\/05\/13UI-600x345.jpg 600w, https:\/\/elbistanhabermerkezi.com\/wp-content\/uploads\/2025\/05\/13UI-768x442.jpg 768w, https:\/\/elbistanhabermerkezi.com\/wp-content\/uploads\/2025\/05\/13UI-171x98.jpg 171w, https:\/\/elbistanhabermerkezi.com\/wp-content\/uploads\/2025\/05\/13UI-270x155.jpg 270w, https:\/\/elbistanhabermerkezi.com\/wp-content\/uploads\/2025\/05\/13UI-376x216.jpg 376w\" sizes=\"auto, (max-width: 779px) 100vw, 779px\" \/> <img loading=\"lazy\" decoding=\"async\" class=\"alignnone size-full wp-image-19600\" src=\"https:\/\/elbistanhabermerkezi.com\/wp-content\/uploads\/2025\/05\/19.jpg\" alt=\"\" width=\"600\" height=\"400\" srcset=\"https:\/\/elbistanhabermerkezi.com\/wp-content\/uploads\/2025\/05\/19.jpg 600w, https:\/\/elbistanhabermerkezi.com\/wp-content\/uploads\/2025\/05\/19-158x105.jpg 158w, https:\/\/elbistanhabermerkezi.com\/wp-content\/uploads\/2025\/05\/19-233x155.jpg 233w, https:\/\/elbistanhabermerkezi.com\/wp-content\/uploads\/2025\/05\/19-332x221.jpg 332w\" sizes=\"auto, (max-width: 600px) 100vw, 600px\" \/> <img loading=\"lazy\" decoding=\"async\" class=\"alignnone size-full wp-image-19601\" src=\"https:\/\/elbistanhabermerkezi.com\/wp-content\/uploads\/2025\/05\/35.jpg\" alt=\"\" width=\"600\" height=\"400\" srcset=\"https:\/\/elbistanhabermerkezi.com\/wp-content\/uploads\/2025\/05\/35.jpg 600w, https:\/\/elbistanhabermerkezi.com\/wp-content\/uploads\/2025\/05\/35-158x105.jpg 158w, https:\/\/elbistanhabermerkezi.com\/wp-content\/uploads\/2025\/05\/35-233x155.jpg 233w, https:\/\/elbistanhabermerkezi.com\/wp-content\/uploads\/2025\/05\/35-332x221.jpg 332w\" sizes=\"auto, (max-width: 600px) 100vw, 600px\" \/><\/p>\n","protected":false},"excerpt":{"rendered":"<p>Savunma Sanayiinin Kalbi KS\u00dc\u2019de At\u0131yor: T\u00fcrk Silahl\u0131 Kuvvetlerini G\u00fc\u00e7lendirme Vakf\u0131 Tan\u0131t\u0131m Program\u0131 D\u00fczenlendi Kahramanmara\u015f S\u00fct\u00e7\u00fc \u0130mam \u00dcniversitesi (KS\u00dc), T\u00fcrkiye\u2019nin savunma sanayii alan\u0131nda att\u0131\u011f\u0131 ad\u0131mlar\u0131 ve tarihi d\u00f6n\u00fc\u015f\u00fcm s\u00fcrecini konu alan anlaml\u0131 bir programa ev sahipli\u011fi yapt\u0131. KS\u00dc M\u00fchendislik ve Mimarl\u0131k Fak\u00fcltesinin katk\u0131lar\u0131 ile Yunus Emre Kongre ve K\u00fclt\u00fcr Merkezi\u2019nde d\u00fczenlenen \u201cT\u00fcrk Silahl\u0131 Kuvvetlerini G\u00fc\u00e7lendirme Vakf\u0131 [&hellip;]<\/p>\n","protected":false},"author":1,"featured_media":19598,"comment_status":"open","ping_status":"open","sticky":false,"template":"","format":"standard","meta":{"_jetpack_memberships_contains_paid_content":false,"footnotes":""},"categories":[2,8,14],"tags":[],"class_list":["post-19595","post","type-post","status-publish","format-standard","has-post-thumbnail","hentry","category-3-sayfa","category-gundem","category-teknoloji"],"jetpack_featured_media_url":"https:\/\/elbistanhabermerkezi.com\/wp-content\/uploads\/2025\/05\/13UIUO.jpg","jetpack_sharing_enabled":true,"_links":{"self":[{"href":"https:\/\/elbistanhabermerkezi.com\/index.php\/wp-json\/wp\/v2\/posts\/19595","targetHints":{"allow":["GET"]}}],"collection":[{"href":"https:\/\/elbistanhabermerkezi.com\/index.php\/wp-json\/wp\/v2\/posts"}],"about":[{"href":"https:\/\/elbistanhabermerkezi.com\/index.php\/wp-json\/wp\/v2\/types\/post"}],"author":[{"embeddable":true,"href":"https:\/\/elbistanhabermerkezi.com\/index.php\/wp-json\/wp\/v2\/users\/1"}],"replies":[{"embeddable":true,"href":"https:\/\/elbistanhabermerkezi.com\/index.php\/wp-json\/wp\/v2\/comments?post=19595"}],"version-history":[{"count":1,"href":"https:\/\/elbistanhabermerkezi.com\/index.php\/wp-json\/wp\/v2\/posts\/19595\/revisions"}],"predecessor-version":[{"id":19602,"href":"https:\/\/elbistanhabermerkezi.com\/index.php\/wp-json\/wp\/v2\/posts\/19595\/revisions\/19602"}],"wp:featuredmedia":[{"embeddable":true,"href":"https:\/\/elbistanhabermerkezi.com\/index.php\/wp-json\/wp\/v2\/media\/19598"}],"wp:attachment":[{"href":"https:\/\/elbistanhabermerkezi.com\/index.php\/wp-json\/wp\/v2\/media?parent=19595"}],"wp:term":[{"taxonomy":"category","embeddable":true,"href":"https:\/\/elbistanhabermerkezi.com\/index.php\/wp-json\/wp\/v2\/categories?post=19595"},{"taxonomy":"post_tag","embeddable":true,"href":"https:\/\/elbistanhabermerkezi.com\/index.php\/wp-json\/wp\/v2\/tags?post=19595"}],"curies":[{"name":"wp","href":"https:\/\/api.w.org\/{rel}","templated":true}]}}