{"id":19571,"date":"2025-05-13T14:21:50","date_gmt":"2025-05-13T14:21:50","guid":{"rendered":"https:\/\/elbistanhabermerkezi.com\/?p=19571"},"modified":"2025-05-13T14:21:50","modified_gmt":"2025-05-13T14:21:50","slug":"buyuksehirden-itfaiye-erlerine-hayat-kurtaran-egitim","status":"publish","type":"post","link":"https:\/\/elbistanhabermerkezi.com\/index.php\/2025\/05\/13\/buyuksehirden-itfaiye-erlerine-hayat-kurtaran-egitim\/","title":{"rendered":"B\u00fcy\u00fck\u015fehir\u2019den \u0130tfaiye Erlerine Hayat Kurtaran E\u011fitim."},"content":{"rendered":"<p style=\"text-align: justify;\"><img loading=\"lazy\" decoding=\"async\" class=\"alignnone size-full wp-image-15355\" src=\"https:\/\/elbistanhabermerkezi.com\/wp-content\/uploads\/2024\/07\/ALIDOGAN.jpg\" alt=\"\" width=\"302\" height=\"302\" srcset=\"https:\/\/elbistanhabermerkezi.com\/wp-content\/uploads\/2024\/07\/ALIDOGAN.jpg 302w, https:\/\/elbistanhabermerkezi.com\/wp-content\/uploads\/2024\/07\/ALIDOGAN-105x105.jpg 105w, https:\/\/elbistanhabermerkezi.com\/wp-content\/uploads\/2024\/07\/ALIDOGAN-155x155.jpg 155w, https:\/\/elbistanhabermerkezi.com\/wp-content\/uploads\/2024\/07\/ALIDOGAN-221x221.jpg 221w\" sizes=\"auto, (max-width: 302px) 100vw, 302px\" \/><\/p>\n<p style=\"text-align: justify;\"><strong>B\u00fcy\u00fck\u015fehir Belediyesi, Elbistan \u0130tfaiye Te\u015fkilat\u0131\u2019nda g\u00f6rev yapan itfaiye erlerine y\u00f6nelik kapsaml\u0131 bir ilk yard\u0131m e\u011fitimi d\u00fczenledi. Alan\u0131nda uzman e\u011fitmenler taraf\u0131ndan verilen e\u011fitimde, itfaiye erlerine temel ilk yard\u0131m bilgilerinin yan\u0131 s\u0131ra bir\u00e7ok hayati konuda uygulamal\u0131 anlat\u0131mlar yap\u0131ld\u0131.<\/strong><\/p>\n<p style=\"text-align: justify;\">\n<p style=\"text-align: justify;\">Kahramanmara\u015f B\u00fcy\u00fck\u015fehir Belediyesi, personellerin acil durumlar kar\u015f\u0131s\u0131nda daha bilin\u00e7li ve donan\u0131ml\u0131 hareket edebilmesi amac\u0131yla y\u00fcr\u00fctt\u00fc\u011f\u00fc ilk yard\u0131m e\u011fitimlerine h\u0131z kesmeden devam ediyor. Bu kapsamda, Elbistan \u0130tfaiye Te\u015fkilat\u0131\u2019nda g\u00f6rev yapan itfaiye erlerine y\u00f6nelik kapsaml\u0131 bir ilk yard\u0131m e\u011fitimi ger\u00e7ekle\u015ftirildi. Alan\u0131nda uzman e\u011fitmenler taraf\u0131ndan verilen e\u011fitimde, itfaiye erlerine temel ilk yard\u0131m bilgilerinin yan\u0131 s\u0131ra bir\u00e7ok hayati konuda uygulamal\u0131 anlat\u0131mlar yap\u0131ld\u0131. Solunum yolu t\u0131kan\u0131kl\u0131klar\u0131, kalp krizi, bay\u0131lma, k\u0131r\u0131k ve kanama gibi acil m\u00fcdahale gerektiren durumlar detayl\u0131 bi\u00e7imde ele al\u0131nd\u0131. E\u011fitim s\u00fcrecinde, \u00f6zellikle bir kaza ya da ani geli\u015fen sa\u011fl\u0131k sorunlar\u0131nda ilk m\u00fcdahalenin ne kadar kritik oldu\u011funa vurgu yap\u0131ld\u0131. M\u00fcdahale s\u0131ras\u0131nda dikkat edilmesi gereken temel ilkeler, do\u011fru ve g\u00fcvenli yakla\u015f\u0131m y\u00f6ntemleri, olay yerinin kontrol alt\u0131na al\u0131nmas\u0131 gibi konular da itfaiye personeline aktar\u0131ld\u0131. B\u00fcy\u00fck\u015fehir Belediyesinden yap\u0131lan a\u00e7\u0131klamada, afet ve acil durumlara kar\u015f\u0131 haz\u0131rl\u0131kl\u0131 olman\u0131n \u00f6nemine dikkat \u00e7ekilerek, benzer e\u011fitimlerin ilerleyen d\u00f6nemlerde farkl\u0131 birimlerde de s\u00fcrd\u00fcr\u00fclece\u011fi belirtildi.<\/p>\n<div id=\"attachment_19572\" style=\"width: 610px\" class=\"wp-caption alignnone\"><img loading=\"lazy\" decoding=\"async\" aria-describedby=\"caption-attachment-19572\" class=\"size-full wp-image-19572\" src=\"https:\/\/elbistanhabermerkezi.com\/wp-content\/uploads\/2025\/05\/Ilk-Yardim-Egitimi-1.jpg\" alt=\"\" width=\"600\" height=\"338\" srcset=\"https:\/\/elbistanhabermerkezi.com\/wp-content\/uploads\/2025\/05\/Ilk-Yardim-Egitimi-1.jpg 600w, https:\/\/elbistanhabermerkezi.com\/wp-content\/uploads\/2025\/05\/Ilk-Yardim-Egitimi-1-171x96.jpg 171w, https:\/\/elbistanhabermerkezi.com\/wp-content\/uploads\/2025\/05\/Ilk-Yardim-Egitimi-1-275x155.jpg 275w, https:\/\/elbistanhabermerkezi.com\/wp-content\/uploads\/2025\/05\/Ilk-Yardim-Egitimi-1-376x212.jpg 376w\" sizes=\"auto, (max-width: 600px) 100vw, 600px\" \/><p id=\"caption-attachment-19572\" class=\"wp-caption-text\">default<\/p><\/div>\n<div id=\"attachment_19573\" style=\"width: 610px\" class=\"wp-caption alignnone\"><img loading=\"lazy\" decoding=\"async\" aria-describedby=\"caption-attachment-19573\" class=\"size-full wp-image-19573\" src=\"https:\/\/elbistanhabermerkezi.com\/wp-content\/uploads\/2025\/05\/Ilk-Yardim-Egitimi-2.jpg\" alt=\"\" width=\"600\" height=\"338\" srcset=\"https:\/\/elbistanhabermerkezi.com\/wp-content\/uploads\/2025\/05\/Ilk-Yardim-Egitimi-2.jpg 600w, https:\/\/elbistanhabermerkezi.com\/wp-content\/uploads\/2025\/05\/Ilk-Yardim-Egitimi-2-171x96.jpg 171w, https:\/\/elbistanhabermerkezi.com\/wp-content\/uploads\/2025\/05\/Ilk-Yardim-Egitimi-2-275x155.jpg 275w, https:\/\/elbistanhabermerkezi.com\/wp-content\/uploads\/2025\/05\/Ilk-Yardim-Egitimi-2-376x212.jpg 376w\" sizes=\"auto, (max-width: 600px) 100vw, 600px\" \/><p id=\"caption-attachment-19573\" class=\"wp-caption-text\">default<\/p><\/div>\n<div id=\"attachment_19574\" style=\"width: 610px\" class=\"wp-caption alignnone\"><img loading=\"lazy\" decoding=\"async\" aria-describedby=\"caption-attachment-19574\" class=\"size-full wp-image-19574\" src=\"https:\/\/elbistanhabermerkezi.com\/wp-content\/uploads\/2025\/05\/Ilk-Yardim-Egitimi-3.jpg\" alt=\"\" width=\"600\" height=\"338\" srcset=\"https:\/\/elbistanhabermerkezi.com\/wp-content\/uploads\/2025\/05\/Ilk-Yardim-Egitimi-3.jpg 600w, https:\/\/elbistanhabermerkezi.com\/wp-content\/uploads\/2025\/05\/Ilk-Yardim-Egitimi-3-171x96.jpg 171w, https:\/\/elbistanhabermerkezi.com\/wp-content\/uploads\/2025\/05\/Ilk-Yardim-Egitimi-3-275x155.jpg 275w, https:\/\/elbistanhabermerkezi.com\/wp-content\/uploads\/2025\/05\/Ilk-Yardim-Egitimi-3-376x212.jpg 376w\" sizes=\"auto, (max-width: 600px) 100vw, 600px\" \/><p id=\"caption-attachment-19574\" class=\"wp-caption-text\">default<\/p><\/div>\n<div id=\"attachment_19577\" style=\"width: 610px\" class=\"wp-caption alignnone\"><img loading=\"lazy\" decoding=\"async\" aria-describedby=\"caption-attachment-19577\" class=\"size-full wp-image-19577\" src=\"https:\/\/elbistanhabermerkezi.com\/wp-content\/uploads\/2025\/05\/Ilk-Yardim-Egitimi-5.jpg\" alt=\"\" width=\"600\" height=\"338\" srcset=\"https:\/\/elbistanhabermerkezi.com\/wp-content\/uploads\/2025\/05\/Ilk-Yardim-Egitimi-5.jpg 600w, https:\/\/elbistanhabermerkezi.com\/wp-content\/uploads\/2025\/05\/Ilk-Yardim-Egitimi-5-171x96.jpg 171w, https:\/\/elbistanhabermerkezi.com\/wp-content\/uploads\/2025\/05\/Ilk-Yardim-Egitimi-5-275x155.jpg 275w, https:\/\/elbistanhabermerkezi.com\/wp-content\/uploads\/2025\/05\/Ilk-Yardim-Egitimi-5-376x212.jpg 376w\" sizes=\"auto, (max-width: 600px) 100vw, 600px\" \/><p id=\"caption-attachment-19577\" class=\"wp-caption-text\">default<\/p><\/div>\n","protected":false},"excerpt":{"rendered":"<p>B\u00fcy\u00fck\u015fehir Belediyesi, Elbistan \u0130tfaiye Te\u015fkilat\u0131\u2019nda g\u00f6rev yapan itfaiye erlerine y\u00f6nelik kapsaml\u0131 bir ilk yard\u0131m e\u011fitimi d\u00fczenledi. Alan\u0131nda uzman e\u011fitmenler taraf\u0131ndan verilen e\u011fitimde, itfaiye erlerine temel ilk yard\u0131m bilgilerinin yan\u0131 s\u0131ra bir\u00e7ok hayati konuda uygulamal\u0131 anlat\u0131mlar yap\u0131ld\u0131. Kahramanmara\u015f B\u00fcy\u00fck\u015fehir Belediyesi, personellerin acil durumlar kar\u015f\u0131s\u0131nda daha bilin\u00e7li ve donan\u0131ml\u0131 hareket edebilmesi amac\u0131yla y\u00fcr\u00fctt\u00fc\u011f\u00fc ilk yard\u0131m e\u011fitimlerine h\u0131z [&hellip;]<\/p>\n","protected":false},"author":1,"featured_media":19576,"comment_status":"open","ping_status":"open","sticky":false,"template":"","format":"standard","meta":{"_jetpack_memberships_contains_paid_content":false,"footnotes":""},"categories":[2,8],"tags":[],"class_list":["post-19571","post","type-post","status-publish","format-standard","has-post-thumbnail","hentry","category-3-sayfa","category-gundem"],"jetpack_featured_media_url":"https:\/\/elbistanhabermerkezi.com\/wp-content\/uploads\/2025\/05\/Ilk-Yardim-Egitimi-4MNHGYTNBH.jpg","jetpack_sharing_enabled":true,"_links":{"self":[{"href":"https:\/\/elbistanhabermerkezi.com\/index.php\/wp-json\/wp\/v2\/posts\/19571","targetHints":{"allow":["GET"]}}],"collection":[{"href":"https:\/\/elbistanhabermerkezi.com\/index.php\/wp-json\/wp\/v2\/posts"}],"about":[{"href":"https:\/\/elbistanhabermerkezi.com\/index.php\/wp-json\/wp\/v2\/types\/post"}],"author":[{"embeddable":true,"href":"https:\/\/elbistanhabermerkezi.com\/index.php\/wp-json\/wp\/v2\/users\/1"}],"replies":[{"embeddable":true,"href":"https:\/\/elbistanhabermerkezi.com\/index.php\/wp-json\/wp\/v2\/comments?post=19571"}],"version-history":[{"count":1,"href":"https:\/\/elbistanhabermerkezi.com\/index.php\/wp-json\/wp\/v2\/posts\/19571\/revisions"}],"predecessor-version":[{"id":19579,"href":"https:\/\/elbistanhabermerkezi.com\/index.php\/wp-json\/wp\/v2\/posts\/19571\/revisions\/19579"}],"wp:featuredmedia":[{"embeddable":true,"href":"https:\/\/elbistanhabermerkezi.com\/index.php\/wp-json\/wp\/v2\/media\/19576"}],"wp:attachment":[{"href":"https:\/\/elbistanhabermerkezi.com\/index.php\/wp-json\/wp\/v2\/media?parent=19571"}],"wp:term":[{"taxonomy":"category","embeddable":true,"href":"https:\/\/elbistanhabermerkezi.com\/index.php\/wp-json\/wp\/v2\/categories?post=19571"},{"taxonomy":"post_tag","embeddable":true,"href":"https:\/\/elbistanhabermerkezi.com\/index.php\/wp-json\/wp\/v2\/tags?post=19571"}],"curies":[{"name":"wp","href":"https:\/\/api.w.org\/{rel}","templated":true}]}}