{"id":19520,"date":"2025-05-09T13:22:47","date_gmt":"2025-05-09T13:22:47","guid":{"rendered":"https:\/\/elbistanhabermerkezi.com\/?p=19520"},"modified":"2025-05-09T13:22:47","modified_gmt":"2025-05-09T13:22:47","slug":"ksu-ilahiyat-fakultesinde-aile-yilina-akademik-katki-bolgesel-calistay-duzenlendi","status":"publish","type":"post","link":"https:\/\/elbistanhabermerkezi.com\/index.php\/2025\/05\/09\/ksu-ilahiyat-fakultesinde-aile-yilina-akademik-katki-bolgesel-calistay-duzenlendi\/","title":{"rendered":"KS\u00dc \u0130lahiyat Fak\u00fcltesi\u2019nde \u2018Aile Y\u0131l\u0131\u2019na Akademik Katk\u0131: B\u00f6lgesel \u00c7al\u0131\u015ftay D\u00fczenlendi."},"content":{"rendered":"<p style=\"text-align: justify;\"><img loading=\"lazy\" decoding=\"async\" class=\"alignnone size-full wp-image-15355\" src=\"https:\/\/elbistanhabermerkezi.com\/wp-content\/uploads\/2024\/07\/ALIDOGAN.jpg\" alt=\"\" width=\"302\" height=\"302\" srcset=\"https:\/\/elbistanhabermerkezi.com\/wp-content\/uploads\/2024\/07\/ALIDOGAN.jpg 302w, https:\/\/elbistanhabermerkezi.com\/wp-content\/uploads\/2024\/07\/ALIDOGAN-105x105.jpg 105w, https:\/\/elbistanhabermerkezi.com\/wp-content\/uploads\/2024\/07\/ALIDOGAN-155x155.jpg 155w, https:\/\/elbistanhabermerkezi.com\/wp-content\/uploads\/2024\/07\/ALIDOGAN-221x221.jpg 221w\" sizes=\"auto, (max-width: 302px) 100vw, 302px\" \/><\/p>\n<p style=\"text-align: justify;\">Kahramanmara\u015f S\u00fct\u00e7\u00fc \u0130mam \u00dcniversitesi (KS\u00dc) \u0130lahiyat Fak\u00fcltesi ev sahipli\u011finde ger\u00e7ekle\u015ftirilen \u201cAile \u00c7al\u0131\u015ftay\u0131\u201d, g\u00fcn\u00fcm\u00fczde aile yap\u0131s\u0131n\u0131n kar\u015f\u0131 kar\u015f\u0131ya kald\u0131\u011f\u0131 sosyal ve f\u0131kh\u00ee sorunlar\u0131 akademik zeminde ele alarak \u00e7\u00f6z\u00fcm yollar\u0131 sunmay\u0131 ama\u00e7lad\u0131.<\/p>\n<p style=\"text-align: justify;\">KS\u00dc \u0130lahiyat Fak\u00fcltesinde ger\u00e7ekle\u015ftirilen etkinlik, \u0130lahiyatlar Aras\u0131 Kuran-\u0131 Kerim-i G\u00fczel Okuma Yar\u0131\u015fmas\u0131 birincisi KS\u00dc \u0130lahiyat Fak\u00fcltesi \u00f6\u011frencisi Mehmet Ali Sar\u0131t\u00fcrk\u2019\u00fcn Kur\u2019an-\u0131 Kerim tilavetiyle ba\u015flad\u0131.<\/p>\n<p style=\"text-align: justify;\">A\u00e7\u0131l\u0131\u015f konu\u015fmalar\u0131n\u0131 KS\u00dc \u0130lahiyat Fak\u00fcltesi Dekan\u0131 Prof. Dr. Ahmet Abay ve KS\u00dc Rekt\u00f6r\u00fc Prof. Dr. Alptekin Yas\u0131m yapt\u0131. \u00c7al\u0131\u015ftaya, KS\u00dc Rekt\u00f6r Yard\u0131mc\u0131s\u0131 Prof. Dr. Nuri Kahveci, \u00c7ukurova \u00dcniversitesi\u2019nden Prof. Dr. Nasi Aslan, KS\u00dc \u0130lahiyat Fak\u00fcltesi \u00f6\u011fretim \u00fcyelerinden Prof. Dr. Recep \u00c7etinta\u015f ve bir\u00e7ok akademisyen katk\u0131 sundu.<\/p>\n<p style=\"text-align: justify;\">Prof. Dr. Ahmet Abay, a\u00e7\u0131l\u0131\u015f konu\u015fmas\u0131nda Adana, Ad\u0131yaman, Gaziantep, Hatay, Kilis, Malatya, Mersin, Osmaniye, \u015eanl\u0131urfa illerinden gelen \u0130slam hukuku alan\u0131nda uzman akademisyenlerle Kahramanmara\u015f\u2019ta \u00e7al\u0131\u015ftay\u0131n ger\u00e7ekle\u015ftirildi\u011fini ifade etti.<\/p>\n<p style=\"text-align: justify;\">Abay \u201cB\u00f6lgesel \u00e7aptaki bu geni\u015f kat\u0131l\u0131m\u0131n, aile kurumunun korunmas\u0131 ve devaml\u0131l\u0131\u011f\u0131na katk\u0131lar sunaca\u011f\u0131na inan\u0131yoruz. \u00c7al\u0131\u015ftay\u0131n bu alanda \u00e7al\u0131\u015fma yapacak bilim adamlar\u0131na ve vatanda\u015flar\u0131m\u0131za katk\u0131 sunmas\u0131n\u0131 diliyorum.\u201d dedi.<\/p>\n<p style=\"text-align: justify;\">KS\u00dc Rekt\u00f6r\u00fc Prof. Dr. Alptekin Yas\u0131m, konu\u015fmas\u0131nda aile olgusunun modern d\u00fcnyada kar\u015f\u0131la\u015ft\u0131\u011f\u0131 zorluklara de\u011finerek, \u201c\u0130slam hukuku \u00e7er\u00e7evesinde aile kurumunu s\u00fcrd\u00fcr\u00fclebilir k\u0131lmak ad\u0131na bu \u00e7al\u0131\u015ftay\u0131m b\u00fcy\u00fck katk\u0131lar sunaca\u011f\u0131na inan\u0131yorum. Kat\u0131l\u0131mc\u0131lar\u0131n ortaya koyaca\u011f\u0131 \u00f6neriler, toplumun temel yap\u0131s\u0131 olan aileyi koruma yolunda k\u0131ymetli olacakt\u0131r.\u201d dedi.<\/p>\n<p style=\"text-align: justify;\">Rekt\u00f6r Yard\u0131mc\u0131s\u0131 Prof. Dr. Nuri Kahveci ise, \u201cAile Y\u0131l\u0131\u201d kapsam\u0131nda d\u00fczenlenen bu etkinli\u011fin bir ba\u015flang\u0131\u00e7 oldu\u011funu vurgulayarak, \u201cSadece \u0130slam hukuku ile s\u0131n\u0131rl\u0131 kalmayacak; tefsir ve hadis \u00e7al\u0131\u015fmalar\u0131yla da s\u00fcrecek bir dizi etkinli\u011fin par\u00e7as\u0131 olarak bu \u00e7al\u0131\u015ftay\u0131 organize ettik. \u00d6\u011fleden sonraki oturumlarda yo\u011fun tart\u0131\u015fmalar yaparak, do\u011fru bildiklerimizi savunmaktan geri durmayaca\u011f\u0131z.\u201d ifadelerini kulland\u0131.<\/p>\n<p style=\"text-align: justify;\">\u00c7ukurova \u00dcniversitesi \u0130lahiyat Fak\u00fcltesi \u00d6\u011fretim \u00dcyesi Prof. Dr. Nasi Aslan, aileyle ilgili iki temel sorun olarak evlilikten ka\u00e7\u0131nma ve evliliklerin s\u00fcrd\u00fcr\u00fclememesi problemlerine dikkat \u00e7ekti. Bu sorunlar\u0131n alt\u0131nda yatan nedenlerden birinin, gen\u00e7 ku\u015faklarda g\u00f6zlemlenen sorumluluktan ka\u00e7\u0131nma e\u011filimi oldu\u011funu belirtti.<\/p>\n<p style=\"text-align: justify;\">KS\u00dc \u0130lahiyat Fak\u00fcltesi\u2019nden Prof. Dr. Recep \u00c7etinta\u015f ise, aile kurumunun g\u00fcn\u00fcm\u00fczde ideolojik sald\u0131r\u0131larla kar\u015f\u0131 kar\u015f\u0131ya oldu\u011funu ve bu sald\u0131r\u0131lar\u0131n sosyal, ekonomik ve hukuki bir\u00e7ok boyutu bulundu\u011funu ifade etti. \u00c7etinta\u015f, kad\u0131n haklar\u0131 \u00fczerinden y\u00fcr\u00fct\u00fclen baz\u0131 yakla\u015f\u0131mlar\u0131n kad\u0131nlar\u0131 \u00f6zg\u00fcrle\u015ftirmek yerine sapk\u0131n ideolojilere ba\u011f\u0131ml\u0131 hale getirdi\u011fini, 6284 say\u0131l\u0131 Kanun gibi d\u00fczenlemelerin aile kurumuna zarar verdi\u011fini ileri s\u00fcrd\u00fc.<\/p>\n<p style=\"text-align: justify;\">Prof. \u00c7etinta\u015f, \u201c\u0130slam hukukunda erkek evin reisi olarak ailenin ge\u00e7imini \u00fcstlenmekte ve kad\u0131na ait olan mihri \u00f6demek ve belli bir s\u00fcre nafaka vermekle y\u00fck\u00fcml\u00fcd\u00fcr. Ancak Medeni Kanun\u2019daki uygulamalar, \u00f6zellikle erke\u011fi ekonomik ve psikolojik olarak y\u0131pratmaktad\u0131r. Ailede kad\u0131n ve erke\u011fin birlikte \u00f6ne \u00e7\u0131kt\u0131\u011f\u0131 \u00e7ift ba\u015fl\u0131l\u0131k anlay\u0131\u015f\u0131 sa\u011fl\u0131kl\u0131 bir anlay\u0131\u015f de\u011fildir. Kad\u0131n\u0131n her y\u00f6n\u00fcyle g\u00fc\u00e7l\u00fc bir erke\u011fi tercih etmesi, biyolojik ve sosyolojik ger\u00e7ekli\u011fe dayanmaktad\u0131r.\u201d dedi.<\/p>\n<p style=\"text-align: justify;\">Ayr\u0131ca, aile mahkemelerinde \u00e7ocuklar\u0131n taraf tutulmaya y\u00f6nlendirilmesinin hem ebeveyn ili\u015fkilerini hem de \u00e7ocuklar\u0131n psikolojisini olumsuz etkiledi\u011fine de\u011finen \u00c7etinta\u015f, mevcut sistemin babalar\u0131 d\u0131\u015flayan bir hale geldi\u011fini savundu. Toplumun temel ta\u015f\u0131 olan ailenin korunmas\u0131n\u0131n, hem mevcut yasal d\u00fczenlemelerin g\u00f6zden ge\u00e7irilmesiyle hem de \u0130slam hukukunun \u00e7\u00f6z\u00fcm \u00f6nerilerinin dikkate al\u0131nmas\u0131yla m\u00fcmk\u00fcn olaca\u011f\u0131n\u0131 belirtti.<\/p>\n<p style=\"text-align: justify;\">\u00c7al\u0131\u015ftay\u0131n \u00f6\u011fleden sonraki oturumunda \u00f6\u011frencilere y\u00f6nelik bir panel d\u00fczenlendi. Moderat\u00f6rl\u00fc\u011f\u00fcn\u00fc Hatay Mustafa Kemal \u00dcniversitesi \u00f6\u011fretim \u00fcyesi Do\u00e7. Dr. Mehmet Onur\u2019un \u00fcstlendi\u011fi panele, \u0130stanbul \u00dcniversitesi \u0130lahiyat Fak\u00fcltesi\u2019nden Prof. Dr. Mehmet Birsin ve Prof. Dr. Ali Duman konu\u015fmalar\u0131yla katk\u0131da bulundu.<\/p>\n<p style=\"text-align: justify;\">\u00c7al\u0131\u015ftay\u0131n son oturumunda ise sunulan bildirilerin kitap b\u00f6l\u00fcm\u00fc olarak yay\u0131nlanmas\u0131na y\u00f6nelik planlamalar yap\u0131ld\u0131. Kat\u0131l\u0131mc\u0131lar, aile kurumunun kar\u015f\u0131 kar\u015f\u0131ya kald\u0131\u011f\u0131 g\u00fcncel sorunlar\u0131 ve \u00e7\u00f6z\u00fcm \u00f6nerilerini tart\u0131\u015farak ortak ak\u0131l olu\u015fturmay\u0131 hedefledi.<\/p>\n<p style=\"text-align: justify;\">Etkinlik, ak\u015fam yeme\u011fi ve kapan\u0131\u015f program\u0131yla sona erdi.<\/p>\n<p style=\"text-align: justify;\"><img loading=\"lazy\" decoding=\"async\" class=\"alignnone size-full wp-image-19521\" src=\"https:\/\/elbistanhabermerkezi.com\/wp-content\/uploads\/2025\/05\/2.jpg\" alt=\"\" width=\"600\" height=\"400\" srcset=\"https:\/\/elbistanhabermerkezi.com\/wp-content\/uploads\/2025\/05\/2.jpg 600w, https:\/\/elbistanhabermerkezi.com\/wp-content\/uploads\/2025\/05\/2-158x105.jpg 158w, https:\/\/elbistanhabermerkezi.com\/wp-content\/uploads\/2025\/05\/2-233x155.jpg 233w, https:\/\/elbistanhabermerkezi.com\/wp-content\/uploads\/2025\/05\/2-332x221.jpg 332w\" sizes=\"auto, (max-width: 600px) 100vw, 600px\" \/> <img loading=\"lazy\" decoding=\"async\" class=\"alignnone size-full wp-image-19522\" src=\"https:\/\/elbistanhabermerkezi.com\/wp-content\/uploads\/2025\/05\/5.jpg\" alt=\"\" width=\"600\" height=\"400\" srcset=\"https:\/\/elbistanhabermerkezi.com\/wp-content\/uploads\/2025\/05\/5.jpg 600w, https:\/\/elbistanhabermerkezi.com\/wp-content\/uploads\/2025\/05\/5-158x105.jpg 158w, https:\/\/elbistanhabermerkezi.com\/wp-content\/uploads\/2025\/05\/5-233x155.jpg 233w, https:\/\/elbistanhabermerkezi.com\/wp-content\/uploads\/2025\/05\/5-332x221.jpg 332w\" sizes=\"auto, (max-width: 600px) 100vw, 600px\" \/> <img loading=\"lazy\" decoding=\"async\" class=\"alignnone size-full wp-image-19523\" src=\"https:\/\/elbistanhabermerkezi.com\/wp-content\/uploads\/2025\/05\/6.jpg\" alt=\"\" width=\"600\" height=\"400\" srcset=\"https:\/\/elbistanhabermerkezi.com\/wp-content\/uploads\/2025\/05\/6.jpg 600w, https:\/\/elbistanhabermerkezi.com\/wp-content\/uploads\/2025\/05\/6-158x105.jpg 158w, https:\/\/elbistanhabermerkezi.com\/wp-content\/uploads\/2025\/05\/6-233x155.jpg 233w, https:\/\/elbistanhabermerkezi.com\/wp-content\/uploads\/2025\/05\/6-332x221.jpg 332w\" sizes=\"auto, (max-width: 600px) 100vw, 600px\" \/> <img loading=\"lazy\" decoding=\"async\" class=\"alignnone size-full wp-image-19524\" src=\"https:\/\/elbistanhabermerkezi.com\/wp-content\/uploads\/2025\/05\/7.jpg\" alt=\"\" width=\"600\" height=\"400\" srcset=\"https:\/\/elbistanhabermerkezi.com\/wp-content\/uploads\/2025\/05\/7.jpg 600w, https:\/\/elbistanhabermerkezi.com\/wp-content\/uploads\/2025\/05\/7-158x105.jpg 158w, https:\/\/elbistanhabermerkezi.com\/wp-content\/uploads\/2025\/05\/7-233x155.jpg 233w, https:\/\/elbistanhabermerkezi.com\/wp-content\/uploads\/2025\/05\/7-332x221.jpg 332w\" sizes=\"auto, (max-width: 600px) 100vw, 600px\" \/> <img loading=\"lazy\" decoding=\"async\" class=\"alignnone size-full wp-image-19528\" src=\"https:\/\/elbistanhabermerkezi.com\/wp-content\/uploads\/2025\/05\/11.jpg\" alt=\"\" width=\"600\" height=\"400\" srcset=\"https:\/\/elbistanhabermerkezi.com\/wp-content\/uploads\/2025\/05\/11.jpg 600w, https:\/\/elbistanhabermerkezi.com\/wp-content\/uploads\/2025\/05\/11-158x105.jpg 158w, https:\/\/elbistanhabermerkezi.com\/wp-content\/uploads\/2025\/05\/11-233x155.jpg 233w, https:\/\/elbistanhabermerkezi.com\/wp-content\/uploads\/2025\/05\/11-332x221.jpg 332w\" sizes=\"auto, (max-width: 600px) 100vw, 600px\" \/><\/p>\n","protected":false},"excerpt":{"rendered":"<p>Kahramanmara\u015f S\u00fct\u00e7\u00fc \u0130mam \u00dcniversitesi (KS\u00dc) \u0130lahiyat Fak\u00fcltesi ev sahipli\u011finde ger\u00e7ekle\u015ftirilen \u201cAile \u00c7al\u0131\u015ftay\u0131\u201d, g\u00fcn\u00fcm\u00fczde aile yap\u0131s\u0131n\u0131n kar\u015f\u0131 kar\u015f\u0131ya kald\u0131\u011f\u0131 sosyal ve f\u0131kh\u00ee sorunlar\u0131 akademik zeminde ele alarak \u00e7\u00f6z\u00fcm yollar\u0131 sunmay\u0131 ama\u00e7lad\u0131. KS\u00dc \u0130lahiyat Fak\u00fcltesinde ger\u00e7ekle\u015ftirilen etkinlik, \u0130lahiyatlar Aras\u0131 Kuran-\u0131 Kerim-i G\u00fczel Okuma Yar\u0131\u015fmas\u0131 birincisi KS\u00dc \u0130lahiyat Fak\u00fcltesi \u00f6\u011frencisi Mehmet Ali Sar\u0131t\u00fcrk\u2019\u00fcn Kur\u2019an-\u0131 Kerim tilavetiyle ba\u015flad\u0131. A\u00e7\u0131l\u0131\u015f [&hellip;]<\/p>\n","protected":false},"author":1,"featured_media":19525,"comment_status":"open","ping_status":"open","sticky":false,"template":"","format":"standard","meta":{"_jetpack_memberships_contains_paid_content":false,"footnotes":""},"categories":[2,5,8],"tags":[],"class_list":["post-19520","post","type-post","status-publish","format-standard","has-post-thumbnail","hentry","category-3-sayfa","category-egitim","category-gundem"],"jetpack_featured_media_url":"https:\/\/elbistanhabermerkezi.com\/wp-content\/uploads\/2025\/05\/7y.jpg","jetpack_sharing_enabled":true,"_links":{"self":[{"href":"https:\/\/elbistanhabermerkezi.com\/index.php\/wp-json\/wp\/v2\/posts\/19520","targetHints":{"allow":["GET"]}}],"collection":[{"href":"https:\/\/elbistanhabermerkezi.com\/index.php\/wp-json\/wp\/v2\/posts"}],"about":[{"href":"https:\/\/elbistanhabermerkezi.com\/index.php\/wp-json\/wp\/v2\/types\/post"}],"author":[{"embeddable":true,"href":"https:\/\/elbistanhabermerkezi.com\/index.php\/wp-json\/wp\/v2\/users\/1"}],"replies":[{"embeddable":true,"href":"https:\/\/elbistanhabermerkezi.com\/index.php\/wp-json\/wp\/v2\/comments?post=19520"}],"version-history":[{"count":1,"href":"https:\/\/elbistanhabermerkezi.com\/index.php\/wp-json\/wp\/v2\/posts\/19520\/revisions"}],"predecessor-version":[{"id":19529,"href":"https:\/\/elbistanhabermerkezi.com\/index.php\/wp-json\/wp\/v2\/posts\/19520\/revisions\/19529"}],"wp:featuredmedia":[{"embeddable":true,"href":"https:\/\/elbistanhabermerkezi.com\/index.php\/wp-json\/wp\/v2\/media\/19525"}],"wp:attachment":[{"href":"https:\/\/elbistanhabermerkezi.com\/index.php\/wp-json\/wp\/v2\/media?parent=19520"}],"wp:term":[{"taxonomy":"category","embeddable":true,"href":"https:\/\/elbistanhabermerkezi.com\/index.php\/wp-json\/wp\/v2\/categories?post=19520"},{"taxonomy":"post_tag","embeddable":true,"href":"https:\/\/elbistanhabermerkezi.com\/index.php\/wp-json\/wp\/v2\/tags?post=19520"}],"curies":[{"name":"wp","href":"https:\/\/api.w.org\/{rel}","templated":true}]}}