{"id":19453,"date":"2025-05-03T05:10:00","date_gmt":"2025-05-03T05:10:00","guid":{"rendered":"https:\/\/elbistanhabermerkezi.com\/?p=19453"},"modified":"2025-05-03T05:10:00","modified_gmt":"2025-05-03T05:10:00","slug":"mobil-cocuk-kutuphanesi-minik-kalplere-kitap-sevgisi-asilamaya-devam-ediyor","status":"publish","type":"post","link":"https:\/\/elbistanhabermerkezi.com\/index.php\/2025\/05\/03\/mobil-cocuk-kutuphanesi-minik-kalplere-kitap-sevgisi-asilamaya-devam-ediyor\/","title":{"rendered":"Mobil \u00c7ocuk K\u00fct\u00fcphanesi, Minik Kalplere Kitap Sevgisi A\u015f\u0131lamaya Devam Ediyor."},"content":{"rendered":"<p style=\"text-align: justify;\"><img loading=\"lazy\" decoding=\"async\" class=\"alignnone size-full wp-image-15355\" src=\"https:\/\/elbistanhabermerkezi.com\/wp-content\/uploads\/2024\/07\/ALIDOGAN.jpg\" alt=\"\" width=\"302\" height=\"302\" srcset=\"https:\/\/elbistanhabermerkezi.com\/wp-content\/uploads\/2024\/07\/ALIDOGAN.jpg 302w, https:\/\/elbistanhabermerkezi.com\/wp-content\/uploads\/2024\/07\/ALIDOGAN-105x105.jpg 105w, https:\/\/elbistanhabermerkezi.com\/wp-content\/uploads\/2024\/07\/ALIDOGAN-155x155.jpg 155w, https:\/\/elbistanhabermerkezi.com\/wp-content\/uploads\/2024\/07\/ALIDOGAN-221x221.jpg 221w\" sizes=\"auto, (max-width: 302px) 100vw, 302px\" \/><\/p>\n<p style=\"text-align: justify;\"><strong>B\u00fcy\u00fck\u015fehir Belediyesinin Mobil \u00c7ocuk K\u00fct\u00fcphanesi, Oniki\u015fubat ve T\u00fcrko\u011flu k\u0131rsal\u0131nda okullar\u0131 ziyaret ederek \u00e7ocuklar\u0131 kitaplar\u0131n sihirli d\u00fcnyas\u0131yla bulu\u015fturdu. <\/strong><\/p>\n<p style=\"text-align: justify;\">\n<p style=\"text-align: justify;\">Kahramanmara\u015f B\u00fcy\u00fck\u015fehir Belediyesinin Mobil \u00c7ocuk K\u00fct\u00fcphanesi, k\u0131rsal mahallelerdeki \u00e7ocuklar\u0131 kitaplarla bulu\u015fturmaya devam ediyor. Kitaplar\u0131n sihirli d\u00fcnyas\u0131n\u0131 k\u0131rsaldaki \u00f6\u011frencilere ta\u015f\u0131yan k\u00fct\u00fcphane, bu kez Oniki\u015fubat ve T\u00fcrko\u011flu\u2019ndaki okullar\u0131 ziyaret etti. Proje kapsam\u0131nda k\u00fct\u00fcphane, bu kez Oniki\u015fubat\u2019ta Kurtlar \u0130lkokulu, Il\u0131ca Yeniyapan Ortaokulu, Il\u0131ca \u0130mam Hatip Ortaokulu ve Zeytindere \u0130lkokulu ile T\u00fcrko\u011flu\u2019nda K\u00fc\u00e7\u00fck \u0130mal\u0131 \u0130lkokulu, Ayd\u0131nkavak \u0130lkokulu ve \u015eehitler \u0130lkokulu\u2019nda \u00f6\u011frencilerle bulu\u015ftu. Mobil K\u00fct\u00fcphane\u2019nin reng\u00e2renk i\u00e7 d\u00fcnyas\u0131 ve e\u011fitici kitaplar\u0131, \u00f6\u011frenciler taraf\u0131ndan b\u00fcy\u00fck bir ilgiyle kar\u015f\u0131land\u0131. Sadece kitaplarla de\u011fil, ayn\u0131 zamanda boyama etkinlikleri, masal saati ve animasyon g\u00f6sterimleriyle de \u00e7ocuklara unutulmaz anlar ya\u015fatan etkinlik, hem e\u011fitici hem de e\u011flenceli bir g\u00fcn sunmu\u015f oldu.<\/p>\n<p style=\"text-align: justify;\"><img loading=\"lazy\" decoding=\"async\" class=\"alignnone size-full wp-image-19454\" src=\"https:\/\/elbistanhabermerkezi.com\/wp-content\/uploads\/2025\/05\/Cocuk-Kutuphanesi-1.jpg\" alt=\"\" width=\"600\" height=\"338\" srcset=\"https:\/\/elbistanhabermerkezi.com\/wp-content\/uploads\/2025\/05\/Cocuk-Kutuphanesi-1.jpg 600w, https:\/\/elbistanhabermerkezi.com\/wp-content\/uploads\/2025\/05\/Cocuk-Kutuphanesi-1-171x96.jpg 171w, https:\/\/elbistanhabermerkezi.com\/wp-content\/uploads\/2025\/05\/Cocuk-Kutuphanesi-1-275x155.jpg 275w, https:\/\/elbistanhabermerkezi.com\/wp-content\/uploads\/2025\/05\/Cocuk-Kutuphanesi-1-376x212.jpg 376w\" sizes=\"auto, (max-width: 600px) 100vw, 600px\" \/> <img loading=\"lazy\" decoding=\"async\" class=\"alignnone size-full wp-image-19455\" src=\"https:\/\/elbistanhabermerkezi.com\/wp-content\/uploads\/2025\/05\/Cocuk-Kutuphanesi-2.jpg\" alt=\"\" width=\"600\" height=\"337\" srcset=\"https:\/\/elbistanhabermerkezi.com\/wp-content\/uploads\/2025\/05\/Cocuk-Kutuphanesi-2.jpg 600w, https:\/\/elbistanhabermerkezi.com\/wp-content\/uploads\/2025\/05\/Cocuk-Kutuphanesi-2-171x96.jpg 171w, https:\/\/elbistanhabermerkezi.com\/wp-content\/uploads\/2025\/05\/Cocuk-Kutuphanesi-2-276x155.jpg 276w, https:\/\/elbistanhabermerkezi.com\/wp-content\/uploads\/2025\/05\/Cocuk-Kutuphanesi-2-376x211.jpg 376w\" sizes=\"auto, (max-width: 600px) 100vw, 600px\" \/> <img loading=\"lazy\" decoding=\"async\" class=\"alignnone size-full wp-image-19456\" src=\"https:\/\/elbistanhabermerkezi.com\/wp-content\/uploads\/2025\/05\/Cocuk-Kutuphanesi-9.jpg\" alt=\"\" width=\"779\" height=\"448\" srcset=\"https:\/\/elbistanhabermerkezi.com\/wp-content\/uploads\/2025\/05\/Cocuk-Kutuphanesi-9.jpg 779w, https:\/\/elbistanhabermerkezi.com\/wp-content\/uploads\/2025\/05\/Cocuk-Kutuphanesi-9-600x345.jpg 600w, https:\/\/elbistanhabermerkezi.com\/wp-content\/uploads\/2025\/05\/Cocuk-Kutuphanesi-9-768x442.jpg 768w, https:\/\/elbistanhabermerkezi.com\/wp-content\/uploads\/2025\/05\/Cocuk-Kutuphanesi-9-171x98.jpg 171w, https:\/\/elbistanhabermerkezi.com\/wp-content\/uploads\/2025\/05\/Cocuk-Kutuphanesi-9-270x155.jpg 270w, https:\/\/elbistanhabermerkezi.com\/wp-content\/uploads\/2025\/05\/Cocuk-Kutuphanesi-9-376x216.jpg 376w\" sizes=\"auto, (max-width: 779px) 100vw, 779px\" \/> <img loading=\"lazy\" decoding=\"async\" class=\"alignnone size-full wp-image-19459\" src=\"https:\/\/elbistanhabermerkezi.com\/wp-content\/uploads\/2025\/05\/Cocuk-Kutuphanesi-11.jpg\" alt=\"\" width=\"600\" height=\"350\" srcset=\"https:\/\/elbistanhabermerkezi.com\/wp-content\/uploads\/2025\/05\/Cocuk-Kutuphanesi-11.jpg 600w, https:\/\/elbistanhabermerkezi.com\/wp-content\/uploads\/2025\/05\/Cocuk-Kutuphanesi-11-171x100.jpg 171w, https:\/\/elbistanhabermerkezi.com\/wp-content\/uploads\/2025\/05\/Cocuk-Kutuphanesi-11-266x155.jpg 266w, https:\/\/elbistanhabermerkezi.com\/wp-content\/uploads\/2025\/05\/Cocuk-Kutuphanesi-11-376x219.jpg 376w\" sizes=\"auto, (max-width: 600px) 100vw, 600px\" \/><\/p>\n","protected":false},"excerpt":{"rendered":"<p>B\u00fcy\u00fck\u015fehir Belediyesinin Mobil \u00c7ocuk K\u00fct\u00fcphanesi, Oniki\u015fubat ve T\u00fcrko\u011flu k\u0131rsal\u0131nda okullar\u0131 ziyaret ederek \u00e7ocuklar\u0131 kitaplar\u0131n sihirli d\u00fcnyas\u0131yla bulu\u015fturdu. Kahramanmara\u015f B\u00fcy\u00fck\u015fehir Belediyesinin Mobil \u00c7ocuk K\u00fct\u00fcphanesi, k\u0131rsal mahallelerdeki \u00e7ocuklar\u0131 kitaplarla bulu\u015fturmaya devam ediyor. Kitaplar\u0131n sihirli d\u00fcnyas\u0131n\u0131 k\u0131rsaldaki \u00f6\u011frencilere ta\u015f\u0131yan k\u00fct\u00fcphane, bu kez Oniki\u015fubat ve T\u00fcrko\u011flu\u2019ndaki okullar\u0131 ziyaret etti. Proje kapsam\u0131nda k\u00fct\u00fcphane, bu kez Oniki\u015fubat\u2019ta Kurtlar \u0130lkokulu, Il\u0131ca Yeniyapan [&hellip;]<\/p>\n","protected":false},"author":1,"featured_media":19457,"comment_status":"open","ping_status":"open","sticky":false,"template":"","format":"standard","meta":{"_jetpack_memberships_contains_paid_content":false,"footnotes":""},"categories":[2,8],"tags":[],"class_list":["post-19453","post","type-post","status-publish","format-standard","has-post-thumbnail","hentry","category-3-sayfa","category-gundem"],"jetpack_featured_media_url":"https:\/\/elbistanhabermerkezi.com\/wp-content\/uploads\/2025\/05\/Cocuk-Kutuphanesi-9UO.jpg","jetpack_sharing_enabled":true,"_links":{"self":[{"href":"https:\/\/elbistanhabermerkezi.com\/index.php\/wp-json\/wp\/v2\/posts\/19453","targetHints":{"allow":["GET"]}}],"collection":[{"href":"https:\/\/elbistanhabermerkezi.com\/index.php\/wp-json\/wp\/v2\/posts"}],"about":[{"href":"https:\/\/elbistanhabermerkezi.com\/index.php\/wp-json\/wp\/v2\/types\/post"}],"author":[{"embeddable":true,"href":"https:\/\/elbistanhabermerkezi.com\/index.php\/wp-json\/wp\/v2\/users\/1"}],"replies":[{"embeddable":true,"href":"https:\/\/elbistanhabermerkezi.com\/index.php\/wp-json\/wp\/v2\/comments?post=19453"}],"version-history":[{"count":1,"href":"https:\/\/elbistanhabermerkezi.com\/index.php\/wp-json\/wp\/v2\/posts\/19453\/revisions"}],"predecessor-version":[{"id":19460,"href":"https:\/\/elbistanhabermerkezi.com\/index.php\/wp-json\/wp\/v2\/posts\/19453\/revisions\/19460"}],"wp:featuredmedia":[{"embeddable":true,"href":"https:\/\/elbistanhabermerkezi.com\/index.php\/wp-json\/wp\/v2\/media\/19457"}],"wp:attachment":[{"href":"https:\/\/elbistanhabermerkezi.com\/index.php\/wp-json\/wp\/v2\/media?parent=19453"}],"wp:term":[{"taxonomy":"category","embeddable":true,"href":"https:\/\/elbistanhabermerkezi.com\/index.php\/wp-json\/wp\/v2\/categories?post=19453"},{"taxonomy":"post_tag","embeddable":true,"href":"https:\/\/elbistanhabermerkezi.com\/index.php\/wp-json\/wp\/v2\/tags?post=19453"}],"curies":[{"name":"wp","href":"https:\/\/api.w.org\/{rel}","templated":true}]}}