{"id":19414,"date":"2025-05-01T11:55:52","date_gmt":"2025-05-01T11:55:52","guid":{"rendered":"https:\/\/elbistanhabermerkezi.com\/?p=19414"},"modified":"2025-05-01T11:55:52","modified_gmt":"2025-05-01T11:55:52","slug":"minik-yureklerden-dev-performans","status":"publish","type":"post","link":"https:\/\/elbistanhabermerkezi.com\/index.php\/2025\/05\/01\/minik-yureklerden-dev-performans\/","title":{"rendered":"Minik Y\u00fcreklerden Dev Performans."},"content":{"rendered":"<p style=\"text-align: justify;\"><img loading=\"lazy\" decoding=\"async\" class=\"alignnone size-full wp-image-15355\" src=\"https:\/\/elbistanhabermerkezi.com\/wp-content\/uploads\/2024\/07\/ALIDOGAN.jpg\" alt=\"\" width=\"302\" height=\"302\" srcset=\"https:\/\/elbistanhabermerkezi.com\/wp-content\/uploads\/2024\/07\/ALIDOGAN.jpg 302w, https:\/\/elbistanhabermerkezi.com\/wp-content\/uploads\/2024\/07\/ALIDOGAN-105x105.jpg 105w, https:\/\/elbistanhabermerkezi.com\/wp-content\/uploads\/2024\/07\/ALIDOGAN-155x155.jpg 155w, https:\/\/elbistanhabermerkezi.com\/wp-content\/uploads\/2024\/07\/ALIDOGAN-221x221.jpg 221w\" sizes=\"auto, (max-width: 302px) 100vw, 302px\" \/><\/p>\n<p style=\"text-align: justify;\"><strong>B\u00fcy\u00fck\u015fehir Belediyesinin Meslek Edindirme Kurslar\u0131\u2019nda e\u011fitim alan \u00e7ocuk korosu, NFK K\u00fclt\u00fcr Merkezi\u2019nde sahne alarak m\u00fczikseverlere unutulmaz bir gece ya\u015fatt\u0131. <\/strong><\/p>\n<p style=\"text-align: justify;\">Kahramanmara\u015f B\u00fcy\u00fck\u015fehir Belediyesi, sanata ve gen\u00e7 yeteneklere verdi\u011fi \u00f6nemi bir kez daha g\u00fc\u00e7l\u00fc bir organizasyonla ortaya koydu. B\u00fcy\u00fck\u015fehir Belediyesi b\u00fcnyesinde faaliyet g\u00f6steren Meslek Edindirme Kurslar\u0131\u2019nda (KAMEK) e\u011fitim alan \u00e7ocuklar, aylar s\u00fcren titiz \u00e7al\u0131\u015fmalar\u0131n\u0131n ard\u0131ndan sahneye \u00e7\u0131karak dinleyicilere unutulmaz bir gece ya\u015fatt\u0131.<\/p>\n<p style=\"text-align: justify;\"><strong>Miniklerden B\u00fcy\u00fck Performans<\/strong><\/p>\n<p style=\"text-align: justify;\">Necip Faz\u0131l K\u0131sak\u00fcrek K\u00fclt\u00fcr Merkezi\u2019nde ger\u00e7ekle\u015ftirilen konser, izleyicilerin yo\u011fun ilgisiyle kar\u015f\u0131land\u0131. KAMEK \u00c7ocuk Korosu\u2019nun sahne ald\u0131\u011f\u0131 etkinlikte, minik sanat\u00e7\u0131lar uzun s\u00fcredir haz\u0131rland\u0131klar\u0131 zengin repertuarlar\u0131n\u0131 ba\u015far\u0131yla seslendirdi. T\u00fcrk m\u00fczi\u011finin sevilen eserlerinden olu\u015fan konser program\u0131, dinleyiciler taraf\u0131ndan b\u00fcy\u00fck bir be\u011feniyle takip edildi. \u00c7ocuklar\u0131n sahne \u00fczerindeki \u00f6zg\u00fcveni ve uyumu, izleyenlerden tam not ald\u0131.<\/p>\n<p style=\"text-align: justify;\"><strong>Halk Oyunlar\u0131 Ekibi Geceye Renk Katt\u0131<\/strong><\/p>\n<p style=\"text-align: justify;\">Programda sahne alan B\u00fcy\u00fck\u015fehir Belediyesi Halk Oyunlar\u0131 Ekibi ise sergiledi\u011fi g\u00f6sterilerle geceye farkl\u0131 bir renk katt\u0131. Y\u00f6resel motiflerin \u00f6n planda oldu\u011fu halk oyunlar\u0131 g\u00f6sterisi, salonu dolduran m\u00fczikseverlerden b\u00fcy\u00fck alk\u0131\u015f ald\u0131.<\/p>\n<p style=\"text-align: justify;\"><strong>Dakikalarca Alk\u0131\u015fland\u0131lar<\/strong><\/p>\n<p style=\"text-align: justify;\">Gece boyunca salonda co\u015fku hi\u00e7 eksik olmad\u0131. Performanslar\u0131yla hem g\u00f6z dolduran hem de duyguland\u0131ran minik sanat\u00e7\u0131lar, izleyiciler taraf\u0131ndan dakikalarca ayakta alk\u0131\u015fland\u0131. Aileler, sanatseverler ve davetliler, etkinli\u011fin ard\u0131ndan \u00e7ocuklar\u0131 ve e\u011fitmenleri tebrik ederek, B\u00fcy\u00fck\u015fehir Belediyesine b\u00f6yle anlaml\u0131 bir organizasyon d\u00fczenledi\u011fi i\u00e7in te\u015fekk\u00fcr etti.<\/p>\n<p style=\"text-align: justify;\"><img loading=\"lazy\" decoding=\"async\" class=\"alignnone size-full wp-image-19415\" src=\"https:\/\/elbistanhabermerkezi.com\/wp-content\/uploads\/2025\/05\/Cocuk-Korosu-1.jpg\" alt=\"\" width=\"600\" height=\"338\" srcset=\"https:\/\/elbistanhabermerkezi.com\/wp-content\/uploads\/2025\/05\/Cocuk-Korosu-1.jpg 600w, https:\/\/elbistanhabermerkezi.com\/wp-content\/uploads\/2025\/05\/Cocuk-Korosu-1-171x96.jpg 171w, https:\/\/elbistanhabermerkezi.com\/wp-content\/uploads\/2025\/05\/Cocuk-Korosu-1-275x155.jpg 275w, https:\/\/elbistanhabermerkezi.com\/wp-content\/uploads\/2025\/05\/Cocuk-Korosu-1-376x212.jpg 376w\" sizes=\"auto, (max-width: 600px) 100vw, 600px\" \/> <img loading=\"lazy\" decoding=\"async\" class=\"alignnone size-full wp-image-19416\" src=\"https:\/\/elbistanhabermerkezi.com\/wp-content\/uploads\/2025\/05\/Cocuk-Korosu-2.jpg\" alt=\"\" width=\"600\" height=\"338\" srcset=\"https:\/\/elbistanhabermerkezi.com\/wp-content\/uploads\/2025\/05\/Cocuk-Korosu-2.jpg 600w, https:\/\/elbistanhabermerkezi.com\/wp-content\/uploads\/2025\/05\/Cocuk-Korosu-2-171x96.jpg 171w, https:\/\/elbistanhabermerkezi.com\/wp-content\/uploads\/2025\/05\/Cocuk-Korosu-2-275x155.jpg 275w, https:\/\/elbistanhabermerkezi.com\/wp-content\/uploads\/2025\/05\/Cocuk-Korosu-2-376x212.jpg 376w\" sizes=\"auto, (max-width: 600px) 100vw, 600px\" \/> <img loading=\"lazy\" decoding=\"async\" class=\"alignnone size-full wp-image-19417\" src=\"https:\/\/elbistanhabermerkezi.com\/wp-content\/uploads\/2025\/05\/Cocuk-Korosu-3.jpg\" alt=\"\" width=\"600\" height=\"338\" srcset=\"https:\/\/elbistanhabermerkezi.com\/wp-content\/uploads\/2025\/05\/Cocuk-Korosu-3.jpg 600w, https:\/\/elbistanhabermerkezi.com\/wp-content\/uploads\/2025\/05\/Cocuk-Korosu-3-171x96.jpg 171w, https:\/\/elbistanhabermerkezi.com\/wp-content\/uploads\/2025\/05\/Cocuk-Korosu-3-275x155.jpg 275w, https:\/\/elbistanhabermerkezi.com\/wp-content\/uploads\/2025\/05\/Cocuk-Korosu-3-376x212.jpg 376w\" sizes=\"auto, (max-width: 600px) 100vw, 600px\" \/> <img loading=\"lazy\" decoding=\"async\" class=\"alignnone size-full wp-image-19418\" src=\"https:\/\/elbistanhabermerkezi.com\/wp-content\/uploads\/2025\/05\/Cocuk-Korosu-4.jpg\" alt=\"\" width=\"600\" height=\"338\" srcset=\"https:\/\/elbistanhabermerkezi.com\/wp-content\/uploads\/2025\/05\/Cocuk-Korosu-4.jpg 600w, https:\/\/elbistanhabermerkezi.com\/wp-content\/uploads\/2025\/05\/Cocuk-Korosu-4-171x96.jpg 171w, https:\/\/elbistanhabermerkezi.com\/wp-content\/uploads\/2025\/05\/Cocuk-Korosu-4-275x155.jpg 275w, https:\/\/elbistanhabermerkezi.com\/wp-content\/uploads\/2025\/05\/Cocuk-Korosu-4-376x212.jpg 376w\" sizes=\"auto, (max-width: 600px) 100vw, 600px\" \/> <img loading=\"lazy\" decoding=\"async\" class=\"alignnone size-full wp-image-19419\" src=\"https:\/\/elbistanhabermerkezi.com\/wp-content\/uploads\/2025\/05\/Cocuk-Korosu-5tu.jpg\" alt=\"\" width=\"779\" height=\"448\" srcset=\"https:\/\/elbistanhabermerkezi.com\/wp-content\/uploads\/2025\/05\/Cocuk-Korosu-5tu.jpg 779w, https:\/\/elbistanhabermerkezi.com\/wp-content\/uploads\/2025\/05\/Cocuk-Korosu-5tu-600x345.jpg 600w, https:\/\/elbistanhabermerkezi.com\/wp-content\/uploads\/2025\/05\/Cocuk-Korosu-5tu-768x442.jpg 768w, https:\/\/elbistanhabermerkezi.com\/wp-content\/uploads\/2025\/05\/Cocuk-Korosu-5tu-171x98.jpg 171w, https:\/\/elbistanhabermerkezi.com\/wp-content\/uploads\/2025\/05\/Cocuk-Korosu-5tu-270x155.jpg 270w, https:\/\/elbistanhabermerkezi.com\/wp-content\/uploads\/2025\/05\/Cocuk-Korosu-5tu-376x216.jpg 376w\" sizes=\"auto, (max-width: 779px) 100vw, 779px\" \/><\/p>\n","protected":false},"excerpt":{"rendered":"<p>B\u00fcy\u00fck\u015fehir Belediyesinin Meslek Edindirme Kurslar\u0131\u2019nda e\u011fitim alan \u00e7ocuk korosu, NFK K\u00fclt\u00fcr Merkezi\u2019nde sahne alarak m\u00fczikseverlere unutulmaz bir gece ya\u015fatt\u0131. Kahramanmara\u015f B\u00fcy\u00fck\u015fehir Belediyesi, sanata ve gen\u00e7 yeteneklere verdi\u011fi \u00f6nemi bir kez daha g\u00fc\u00e7l\u00fc bir organizasyonla ortaya koydu. B\u00fcy\u00fck\u015fehir Belediyesi b\u00fcnyesinde faaliyet g\u00f6steren Meslek Edindirme Kurslar\u0131\u2019nda (KAMEK) e\u011fitim alan \u00e7ocuklar, aylar s\u00fcren titiz \u00e7al\u0131\u015fmalar\u0131n\u0131n ard\u0131ndan sahneye \u00e7\u0131karak [&hellip;]<\/p>\n","protected":false},"author":1,"featured_media":19420,"comment_status":"open","ping_status":"open","sticky":false,"template":"","format":"standard","meta":{"_jetpack_memberships_contains_paid_content":false,"footnotes":""},"categories":[2,5,8],"tags":[],"class_list":["post-19414","post","type-post","status-publish","format-standard","has-post-thumbnail","hentry","category-3-sayfa","category-egitim","category-gundem"],"jetpack_featured_media_url":"https:\/\/elbistanhabermerkezi.com\/wp-content\/uploads\/2025\/05\/Cocuk-Korosu-5tuui.jpg","jetpack_sharing_enabled":true,"_links":{"self":[{"href":"https:\/\/elbistanhabermerkezi.com\/index.php\/wp-json\/wp\/v2\/posts\/19414","targetHints":{"allow":["GET"]}}],"collection":[{"href":"https:\/\/elbistanhabermerkezi.com\/index.php\/wp-json\/wp\/v2\/posts"}],"about":[{"href":"https:\/\/elbistanhabermerkezi.com\/index.php\/wp-json\/wp\/v2\/types\/post"}],"author":[{"embeddable":true,"href":"https:\/\/elbistanhabermerkezi.com\/index.php\/wp-json\/wp\/v2\/users\/1"}],"replies":[{"embeddable":true,"href":"https:\/\/elbistanhabermerkezi.com\/index.php\/wp-json\/wp\/v2\/comments?post=19414"}],"version-history":[{"count":1,"href":"https:\/\/elbistanhabermerkezi.com\/index.php\/wp-json\/wp\/v2\/posts\/19414\/revisions"}],"predecessor-version":[{"id":19422,"href":"https:\/\/elbistanhabermerkezi.com\/index.php\/wp-json\/wp\/v2\/posts\/19414\/revisions\/19422"}],"wp:featuredmedia":[{"embeddable":true,"href":"https:\/\/elbistanhabermerkezi.com\/index.php\/wp-json\/wp\/v2\/media\/19420"}],"wp:attachment":[{"href":"https:\/\/elbistanhabermerkezi.com\/index.php\/wp-json\/wp\/v2\/media?parent=19414"}],"wp:term":[{"taxonomy":"category","embeddable":true,"href":"https:\/\/elbistanhabermerkezi.com\/index.php\/wp-json\/wp\/v2\/categories?post=19414"},{"taxonomy":"post_tag","embeddable":true,"href":"https:\/\/elbistanhabermerkezi.com\/index.php\/wp-json\/wp\/v2\/tags?post=19414"}],"curies":[{"name":"wp","href":"https:\/\/api.w.org\/{rel}","templated":true}]}}