{"id":19132,"date":"2025-04-09T11:34:46","date_gmt":"2025-04-09T11:34:46","guid":{"rendered":"https:\/\/elbistanhabermerkezi.com\/?p=19132"},"modified":"2025-04-09T11:34:46","modified_gmt":"2025-04-09T11:34:46","slug":"buyuksehirden-elbistan-cecenistan-caddesinde-bakim","status":"publish","type":"post","link":"https:\/\/elbistanhabermerkezi.com\/index.php\/2025\/04\/09\/buyuksehirden-elbistan-cecenistan-caddesinde-bakim\/","title":{"rendered":"B\u00fcy\u00fck\u015fehir\u2019den Elbistan \u00c7e\u00e7enistan Caddesi\u2019nde Bak\u0131m."},"content":{"rendered":"<div class=\"ms-news-summary\">\n<p style=\"text-align: justify;\"><img loading=\"lazy\" decoding=\"async\" class=\"alignnone size-full wp-image-15355\" src=\"https:\/\/elbistanhabermerkezi.com\/wp-content\/uploads\/2024\/07\/ALIDOGAN.jpg\" alt=\"\" width=\"302\" height=\"302\" srcset=\"https:\/\/elbistanhabermerkezi.com\/wp-content\/uploads\/2024\/07\/ALIDOGAN.jpg 302w, https:\/\/elbistanhabermerkezi.com\/wp-content\/uploads\/2024\/07\/ALIDOGAN-105x105.jpg 105w, https:\/\/elbistanhabermerkezi.com\/wp-content\/uploads\/2024\/07\/ALIDOGAN-155x155.jpg 155w, https:\/\/elbistanhabermerkezi.com\/wp-content\/uploads\/2024\/07\/ALIDOGAN-221x221.jpg 221w\" sizes=\"auto, (max-width: 302px) 100vw, 302px\" \/><\/p>\n<p class=\"rtejustify\" style=\"text-align: justify;\"><strong>B\u00fcy\u00fck\u015fehir Belediyesi, Elbistan\u2019\u0131n en i\u015flek arterlerinden \u00c7e\u00e7enistan Caddesi\u2019nde bak\u0131m ve onar\u0131m \u00e7al\u0131\u015fmalar\u0131 ger\u00e7ekle\u015ftiriyor.<\/strong><\/p>\n<\/div>\n<p class=\"rtejustify\" style=\"text-align: justify;\">Kahramanmara\u015f B\u00fcy\u00fck\u015fehir Belediyesi, \u015fehir genelinde ula\u015f\u0131m altyap\u0131s\u0131n\u0131 g\u00fc\u00e7lendirme hedefi do\u011frultusunda s\u00fcrd\u00fcrd\u00fc\u011f\u00fc yol yat\u0131r\u0131mlar\u0131na Elbistan\u2019da da aral\u0131ks\u0131z devam ediyor. Vatanda\u015flara daha g\u00fcvenli, konforlu ve kesintisiz ula\u015f\u0131m imk\u00e2n\u0131 sunmak amac\u0131yla y\u00fcr\u00fct\u00fclen \u00e7al\u0131\u015fmalar kapsam\u0131nda, il\u00e7enin en i\u015flek arterlerinden biri olan \u00c7e\u00e7enistan Caddesi\u2019nde bak\u0131m ve onar\u0131m \u00e7al\u0131\u015fmalar\u0131 yo\u011fun \u015fekilde s\u00fcrd\u00fcr\u00fcl\u00fcyor. Kuzey \u0130l\u00e7eler Dairesi Ba\u015fkanl\u0131\u011f\u0131 koordinesinde ger\u00e7ekle\u015ftirilen \u00e7al\u0131\u015fmalar kapsam\u0131nda, P\u0131narba\u015f\u0131 Mesire Alan\u0131, M\u00dcS\u0130AD Konteyner Kent ve bir\u00e7ok kamu kurumuna ba\u011flant\u0131 sa\u011flayan \u00c7e\u00e7enistan Caddesi\u2019nde trafik g\u00fcvenli\u011fini tehdit eden yol bozulmalar\u0131 ve \u00e7ukurlar, ekiplerin so\u011fuk asfalt yama \u00e7al\u0131\u015fmalar\u0131yla gideriliyor. \u00c7e\u015fitli nedenlerle olu\u015fan yol deformasyonlar\u0131n\u0131 tespit eden ekipler, bu noktalar\u0131 titizlikle onararak hem trafik ak\u0131\u015f\u0131n\u0131 rahatlat\u0131yor hem de s\u00fcr\u00fcc\u00fclerin ula\u015f\u0131m g\u00fcvenli\u011fini art\u0131r\u0131yor.<\/p>\n<p class=\"rtejustify\" style=\"text-align: justify;\"><strong>S\u00fcr\u00fcc\u00fcler \u00c7al\u0131\u015fmalardan Memnun<\/strong><\/p>\n<p class=\"rtejustify\" style=\"text-align: justify;\">Ger\u00e7ekle\u015ftirilen \u00e7al\u0131\u015fmalar, b\u00f6lge halk\u0131 ve s\u00fcr\u00fcc\u00fcler taraf\u0131ndan da memnuniyetle kar\u015f\u0131lan\u0131yor. S\u00fcr\u00fcc\u00fcler, daha \u00f6nce ara\u00e7 trafi\u011fini yava\u015flatan ve kazalara sebebiyet verebilecek d\u00fczeyde olan yol bozukluklar\u0131n\u0131n giderilmesinden dolay\u0131 B\u00fcy\u00fck\u015fehir Belediyesine te\u015fekk\u00fcr ediyor.<\/p>\n<p style=\"text-align: justify;\"><img loading=\"lazy\" decoding=\"async\" class=\"alignnone size-full wp-image-19133\" src=\"https:\/\/elbistanhabermerkezi.com\/wp-content\/uploads\/2025\/04\/Cecenistan-Caddesi-2.jpeg\" alt=\"\" width=\"600\" height=\"337\" srcset=\"https:\/\/elbistanhabermerkezi.com\/wp-content\/uploads\/2025\/04\/Cecenistan-Caddesi-2.jpeg 600w, https:\/\/elbistanhabermerkezi.com\/wp-content\/uploads\/2025\/04\/Cecenistan-Caddesi-2-171x96.jpeg 171w, https:\/\/elbistanhabermerkezi.com\/wp-content\/uploads\/2025\/04\/Cecenistan-Caddesi-2-276x155.jpeg 276w, https:\/\/elbistanhabermerkezi.com\/wp-content\/uploads\/2025\/04\/Cecenistan-Caddesi-2-376x211.jpeg 376w\" sizes=\"auto, (max-width: 600px) 100vw, 600px\" \/> <img loading=\"lazy\" decoding=\"async\" class=\"alignnone size-full wp-image-19134\" src=\"https:\/\/elbistanhabermerkezi.com\/wp-content\/uploads\/2025\/04\/Cecenistan-Caddesi-4.jpeg\" alt=\"\" width=\"600\" height=\"338\" srcset=\"https:\/\/elbistanhabermerkezi.com\/wp-content\/uploads\/2025\/04\/Cecenistan-Caddesi-4.jpeg 600w, https:\/\/elbistanhabermerkezi.com\/wp-content\/uploads\/2025\/04\/Cecenistan-Caddesi-4-171x96.jpeg 171w, https:\/\/elbistanhabermerkezi.com\/wp-content\/uploads\/2025\/04\/Cecenistan-Caddesi-4-275x155.jpeg 275w, https:\/\/elbistanhabermerkezi.com\/wp-content\/uploads\/2025\/04\/Cecenistan-Caddesi-4-376x212.jpeg 376w\" sizes=\"auto, (max-width: 600px) 100vw, 600px\" \/> <img loading=\"lazy\" decoding=\"async\" class=\"alignnone size-full wp-image-19135\" src=\"https:\/\/elbistanhabermerkezi.com\/wp-content\/uploads\/2025\/04\/Cecenistan-Caddesi-5.jpeg\" alt=\"\" width=\"600\" height=\"338\" srcset=\"https:\/\/elbistanhabermerkezi.com\/wp-content\/uploads\/2025\/04\/Cecenistan-Caddesi-5.jpeg 600w, https:\/\/elbistanhabermerkezi.com\/wp-content\/uploads\/2025\/04\/Cecenistan-Caddesi-5-171x96.jpeg 171w, https:\/\/elbistanhabermerkezi.com\/wp-content\/uploads\/2025\/04\/Cecenistan-Caddesi-5-275x155.jpeg 275w, https:\/\/elbistanhabermerkezi.com\/wp-content\/uploads\/2025\/04\/Cecenistan-Caddesi-5-376x212.jpeg 376w\" sizes=\"auto, (max-width: 600px) 100vw, 600px\" \/><\/p>\n","protected":false},"excerpt":{"rendered":"<p>B\u00fcy\u00fck\u015fehir Belediyesi, Elbistan\u2019\u0131n en i\u015flek arterlerinden \u00c7e\u00e7enistan Caddesi\u2019nde bak\u0131m ve onar\u0131m \u00e7al\u0131\u015fmalar\u0131 ger\u00e7ekle\u015ftiriyor. Kahramanmara\u015f B\u00fcy\u00fck\u015fehir Belediyesi, \u015fehir genelinde ula\u015f\u0131m altyap\u0131s\u0131n\u0131 g\u00fc\u00e7lendirme hedefi do\u011frultusunda s\u00fcrd\u00fcrd\u00fc\u011f\u00fc yol yat\u0131r\u0131mlar\u0131na Elbistan\u2019da da aral\u0131ks\u0131z devam ediyor. Vatanda\u015flara daha g\u00fcvenli, konforlu ve kesintisiz ula\u015f\u0131m imk\u00e2n\u0131 sunmak amac\u0131yla y\u00fcr\u00fct\u00fclen \u00e7al\u0131\u015fmalar kapsam\u0131nda, il\u00e7enin en i\u015flek arterlerinden biri olan \u00c7e\u00e7enistan Caddesi\u2019nde bak\u0131m ve onar\u0131m [&hellip;]<\/p>\n","protected":false},"author":1,"featured_media":19137,"comment_status":"open","ping_status":"open","sticky":false,"template":"","format":"standard","meta":{"_jetpack_memberships_contains_paid_content":false,"footnotes":""},"categories":[2,8,12],"tags":[],"class_list":["post-19132","post","type-post","status-publish","format-standard","has-post-thumbnail","hentry","category-3-sayfa","category-gundem","category-siyaset"],"jetpack_featured_media_url":"https:\/\/elbistanhabermerkezi.com\/wp-content\/uploads\/2025\/04\/Cecenistan-Caddesi-5UIOUIO.jpeg","jetpack_sharing_enabled":true,"_links":{"self":[{"href":"https:\/\/elbistanhabermerkezi.com\/index.php\/wp-json\/wp\/v2\/posts\/19132","targetHints":{"allow":["GET"]}}],"collection":[{"href":"https:\/\/elbistanhabermerkezi.com\/index.php\/wp-json\/wp\/v2\/posts"}],"about":[{"href":"https:\/\/elbistanhabermerkezi.com\/index.php\/wp-json\/wp\/v2\/types\/post"}],"author":[{"embeddable":true,"href":"https:\/\/elbistanhabermerkezi.com\/index.php\/wp-json\/wp\/v2\/users\/1"}],"replies":[{"embeddable":true,"href":"https:\/\/elbistanhabermerkezi.com\/index.php\/wp-json\/wp\/v2\/comments?post=19132"}],"version-history":[{"count":1,"href":"https:\/\/elbistanhabermerkezi.com\/index.php\/wp-json\/wp\/v2\/posts\/19132\/revisions"}],"predecessor-version":[{"id":19139,"href":"https:\/\/elbistanhabermerkezi.com\/index.php\/wp-json\/wp\/v2\/posts\/19132\/revisions\/19139"}],"wp:featuredmedia":[{"embeddable":true,"href":"https:\/\/elbistanhabermerkezi.com\/index.php\/wp-json\/wp\/v2\/media\/19137"}],"wp:attachment":[{"href":"https:\/\/elbistanhabermerkezi.com\/index.php\/wp-json\/wp\/v2\/media?parent=19132"}],"wp:term":[{"taxonomy":"category","embeddable":true,"href":"https:\/\/elbistanhabermerkezi.com\/index.php\/wp-json\/wp\/v2\/categories?post=19132"},{"taxonomy":"post_tag","embeddable":true,"href":"https:\/\/elbistanhabermerkezi.com\/index.php\/wp-json\/wp\/v2\/tags?post=19132"}],"curies":[{"name":"wp","href":"https:\/\/api.w.org\/{rel}","templated":true}]}}