{"id":19091,"date":"2025-04-07T08:17:06","date_gmt":"2025-04-07T08:17:06","guid":{"rendered":"https:\/\/elbistanhabermerkezi.com\/?p=19091"},"modified":"2025-04-07T08:17:06","modified_gmt":"2025-04-07T08:17:06","slug":"rektor-yasim-anadolu-ajansinin-105-kurulus-yil-donumunu-kutladi","status":"publish","type":"post","link":"https:\/\/elbistanhabermerkezi.com\/index.php\/2025\/04\/07\/rektor-yasim-anadolu-ajansinin-105-kurulus-yil-donumunu-kutladi\/","title":{"rendered":"Rekt\u00f6r Yas\u0131m Anadolu Ajans\u0131&#8217;n\u0131n 105. Kurulu\u015f Y\u0131l D\u00f6n\u00fcm\u00fcn\u00fc Kutlad\u0131."},"content":{"rendered":"<p style=\"text-align: justify;\"><strong><img loading=\"lazy\" decoding=\"async\" src=\"https:\/\/elbistanhabermerkezi.com\/wp-content\/uploads\/2024\/01\/halild6.jpg\" alt=\"\" width=\"302\" height=\"202\" \/><\/strong><\/p>\n<p style=\"text-align: justify;\"><strong>Kahramanmara\u015f S\u00fct\u00e7\u00fc \u0130mam \u00dcniversitesi (KS\u00dc) Rekt\u00f6r\u00fc Prof. Dr. Alptekin YASIM yay\u0131nlad\u0131\u011f\u0131 mesaj ile Anadolu Ajans\u0131n\u0131n Kurulu\u015funun 105. y\u0131l\u0131n\u0131 kutlad\u0131. YASIM, Mesaj\u0131nda \u015funlar\u0131 s\u00f6yledi;<\/strong><\/p>\n<p style=\"text-align: justify;\"><strong>Milli m\u00fccadelenin zorlu \u015fartlar\u0131nda Anadolu&#8217;dan y\u00fckselen &#8220;h\u00fcrriyet ve istiklal&#8221; sesini, hem yurdun d\u00f6rt bir yan\u0131na hem de t\u00fcm d\u00fcnyaya duyurmak i\u00e7in kurulan ve kuruldu\u011fu g\u00fcnden bu yana ilkeli, tarafs\u0131z habercilik anlay\u0131\u015f\u0131yla ba\u015far\u0131l\u0131 yolculu\u011funu devam ettiren Anadolu Ajans\u0131&#8217;n\u0131n 105. kurulu\u015f y\u0131l d\u00f6n\u00fcm\u00fc kutlu olsun.<\/strong><\/p>\n<p style=\"text-align: justify;\"><img loading=\"lazy\" decoding=\"async\" class=\"alignnone size-full wp-image-19092\" src=\"https:\/\/elbistanhabermerkezi.com\/wp-content\/uploads\/2025\/04\/WhatsApp-Image-2025-04-06-at-14.27.09.jpeg\" alt=\"\" width=\"779\" height=\"448\" srcset=\"https:\/\/elbistanhabermerkezi.com\/wp-content\/uploads\/2025\/04\/WhatsApp-Image-2025-04-06-at-14.27.09.jpeg 779w, https:\/\/elbistanhabermerkezi.com\/wp-content\/uploads\/2025\/04\/WhatsApp-Image-2025-04-06-at-14.27.09-600x345.jpeg 600w, https:\/\/elbistanhabermerkezi.com\/wp-content\/uploads\/2025\/04\/WhatsApp-Image-2025-04-06-at-14.27.09-768x442.jpeg 768w, https:\/\/elbistanhabermerkezi.com\/wp-content\/uploads\/2025\/04\/WhatsApp-Image-2025-04-06-at-14.27.09-171x98.jpeg 171w, https:\/\/elbistanhabermerkezi.com\/wp-content\/uploads\/2025\/04\/WhatsApp-Image-2025-04-06-at-14.27.09-270x155.jpeg 270w, https:\/\/elbistanhabermerkezi.com\/wp-content\/uploads\/2025\/04\/WhatsApp-Image-2025-04-06-at-14.27.09-376x216.jpeg 376w\" sizes=\"auto, (max-width: 779px) 100vw, 779px\" \/><\/p>\n","protected":false},"excerpt":{"rendered":"<p>Kahramanmara\u015f S\u00fct\u00e7\u00fc \u0130mam \u00dcniversitesi (KS\u00dc) Rekt\u00f6r\u00fc Prof. Dr. Alptekin YASIM yay\u0131nlad\u0131\u011f\u0131 mesaj ile Anadolu Ajans\u0131n\u0131n Kurulu\u015funun 105. y\u0131l\u0131n\u0131 kutlad\u0131. YASIM, Mesaj\u0131nda \u015funlar\u0131 s\u00f6yledi; Milli m\u00fccadelenin zorlu \u015fartlar\u0131nda Anadolu&#8217;dan y\u00fckselen &#8220;h\u00fcrriyet ve istiklal&#8221; sesini, hem yurdun d\u00f6rt bir yan\u0131na hem de t\u00fcm d\u00fcnyaya duyurmak i\u00e7in kurulan ve kuruldu\u011fu g\u00fcnden bu yana ilkeli, tarafs\u0131z habercilik anlay\u0131\u015f\u0131yla ba\u015far\u0131l\u0131 [&hellip;]<\/p>\n","protected":false},"author":1,"featured_media":19093,"comment_status":"open","ping_status":"open","sticky":false,"template":"","format":"standard","meta":{"_jetpack_memberships_contains_paid_content":false,"footnotes":""},"categories":[2,5,8],"tags":[],"class_list":["post-19091","post","type-post","status-publish","format-standard","has-post-thumbnail","hentry","category-3-sayfa","category-egitim","category-gundem"],"jetpack_featured_media_url":"https:\/\/elbistanhabermerkezi.com\/wp-content\/uploads\/2025\/04\/WhatsApp-Image-2025-04-06-at-14.27.09ip.jpeg","jetpack_sharing_enabled":true,"_links":{"self":[{"href":"https:\/\/elbistanhabermerkezi.com\/index.php\/wp-json\/wp\/v2\/posts\/19091","targetHints":{"allow":["GET"]}}],"collection":[{"href":"https:\/\/elbistanhabermerkezi.com\/index.php\/wp-json\/wp\/v2\/posts"}],"about":[{"href":"https:\/\/elbistanhabermerkezi.com\/index.php\/wp-json\/wp\/v2\/types\/post"}],"author":[{"embeddable":true,"href":"https:\/\/elbistanhabermerkezi.com\/index.php\/wp-json\/wp\/v2\/users\/1"}],"replies":[{"embeddable":true,"href":"https:\/\/elbistanhabermerkezi.com\/index.php\/wp-json\/wp\/v2\/comments?post=19091"}],"version-history":[{"count":1,"href":"https:\/\/elbistanhabermerkezi.com\/index.php\/wp-json\/wp\/v2\/posts\/19091\/revisions"}],"predecessor-version":[{"id":19095,"href":"https:\/\/elbistanhabermerkezi.com\/index.php\/wp-json\/wp\/v2\/posts\/19091\/revisions\/19095"}],"wp:featuredmedia":[{"embeddable":true,"href":"https:\/\/elbistanhabermerkezi.com\/index.php\/wp-json\/wp\/v2\/media\/19093"}],"wp:attachment":[{"href":"https:\/\/elbistanhabermerkezi.com\/index.php\/wp-json\/wp\/v2\/media?parent=19091"}],"wp:term":[{"taxonomy":"category","embeddable":true,"href":"https:\/\/elbistanhabermerkezi.com\/index.php\/wp-json\/wp\/v2\/categories?post=19091"},{"taxonomy":"post_tag","embeddable":true,"href":"https:\/\/elbistanhabermerkezi.com\/index.php\/wp-json\/wp\/v2\/tags?post=19091"}],"curies":[{"name":"wp","href":"https:\/\/api.w.org\/{rel}","templated":true}]}}