{"id":18783,"date":"2025-03-11T12:04:34","date_gmt":"2025-03-11T12:04:34","guid":{"rendered":"https:\/\/elbistanhabermerkezi.com\/?p=18783"},"modified":"2025-03-11T12:04:34","modified_gmt":"2025-03-11T12:04:34","slug":"sema-mukabelesi-ve-tasavvuf-musikisi-gonulleri-mest-etti","status":"publish","type":"post","link":"https:\/\/elbistanhabermerkezi.com\/index.php\/2025\/03\/11\/sema-mukabelesi-ve-tasavvuf-musikisi-gonulleri-mest-etti\/","title":{"rendered":"Sema Mukabelesi ve Tasavvuf Musikisi G\u00f6n\u00fclleri Mest Etti."},"content":{"rendered":"<p style=\"text-align: justify;\"><img loading=\"lazy\" decoding=\"async\" class=\"alignnone size-full wp-image-15355\" src=\"https:\/\/elbistanhabermerkezi.com\/wp-content\/uploads\/2024\/07\/ALIDOGAN.jpg\" alt=\"\" width=\"302\" height=\"302\" srcset=\"https:\/\/elbistanhabermerkezi.com\/wp-content\/uploads\/2024\/07\/ALIDOGAN.jpg 302w, https:\/\/elbistanhabermerkezi.com\/wp-content\/uploads\/2024\/07\/ALIDOGAN-105x105.jpg 105w, https:\/\/elbistanhabermerkezi.com\/wp-content\/uploads\/2024\/07\/ALIDOGAN-155x155.jpg 155w, https:\/\/elbistanhabermerkezi.com\/wp-content\/uploads\/2024\/07\/ALIDOGAN-221x221.jpg 221w\" sizes=\"auto, (max-width: 302px) 100vw, 302px\" \/><\/p>\n<p style=\"text-align: justify;\"><strong>B\u00fcy\u00fck\u015fehir Belediyesinin Ramazan etkinlikleri, Mehmet Akif Ersoy K\u00fclt\u00fcr Merkezi\u2019nde ger\u00e7ekle\u015ftirilen sema mukabelesi ve tasavvuf musiki dinletisiyle devam etti. Ramazan ay\u0131n\u0131n ruhunu ve birlikteli\u011fin co\u015fkusunu en iyi \u015fekilde yans\u0131tan etkinlik, izleyicilerden tam not ald\u0131.<\/strong><\/p>\n<p style=\"text-align: justify;\">\n<p style=\"text-align: justify;\">Kahramanmara\u015f B\u00fcy\u00fck\u015fehir Belediyesi, Ramazan ay\u0131na \u00f6zel olarak d\u00fczenledi\u011fi etkinliklerle manevi atmosferi zenginle\u015ftirmeye devam ediyor. Bu kapsamda Mehmet Akif Ersoy K\u00fclt\u00fcr Merkezi\u2019nde d\u00fczenlenen sema mukabelesi ve tasavvuf musikisi dinletisi, kat\u0131l\u0131mc\u0131lara unutulmaz bir gece ya\u015fatt\u0131. Etkinlik, tasavvuf musiki dinletisi ile ba\u015flad\u0131. Saz heyeti, icra etti\u011fi eserlerle kat\u0131l\u0131mc\u0131lara Ramazan\u2019\u0131n maneviyat\u0131n\u0131 derinden hissettirdi. Ney, kud\u00fcm ve tambur gibi geleneksel enstr\u00fcmanlar e\u015fli\u011finde seslendirilen ilahiler, salondaki dinleyicileri huzurlu bir yolculu\u011fa \u00e7\u0131kard\u0131. Program, semazenlerin ahenkle d\u00f6nerek icra etti\u011fi sema mukabelesi ile devam etti. Semazenlerin d\u00f6n\u00fc\u015fleri, Ramazan\u2019\u0131n manevi co\u015fkusunu ve huzurunu yans\u0131tarak izleyicilere duygu dolu anlar ya\u015fatt\u0131. Ramazan ay\u0131n\u0131n ruhunu ve birlikteli\u011fin co\u015fkusunu en iyi \u015fekilde yans\u0131tan etkinlik, izleyicilerden tam not ald\u0131. Kat\u0131l\u0131mc\u0131lar, bu manevi deneyimi ya\u015fama f\u0131rsat\u0131 sundu\u011fu i\u00e7in Kahramanmara\u015f B\u00fcy\u00fck\u015fehir Belediyesine te\u015fekk\u00fcrlerini iletti.<\/p>\n<p style=\"text-align: justify;\"><img loading=\"lazy\" decoding=\"async\" class=\"alignnone size-full wp-image-18784\" src=\"https:\/\/elbistanhabermerkezi.com\/wp-content\/uploads\/2025\/03\/Ramazan-Programi-1.jpg\" alt=\"\" width=\"600\" height=\"338\" srcset=\"https:\/\/elbistanhabermerkezi.com\/wp-content\/uploads\/2025\/03\/Ramazan-Programi-1.jpg 600w, https:\/\/elbistanhabermerkezi.com\/wp-content\/uploads\/2025\/03\/Ramazan-Programi-1-171x96.jpg 171w, https:\/\/elbistanhabermerkezi.com\/wp-content\/uploads\/2025\/03\/Ramazan-Programi-1-275x155.jpg 275w, https:\/\/elbistanhabermerkezi.com\/wp-content\/uploads\/2025\/03\/Ramazan-Programi-1-376x212.jpg 376w\" sizes=\"auto, (max-width: 600px) 100vw, 600px\" \/> <img loading=\"lazy\" decoding=\"async\" class=\"alignnone size-full wp-image-18785\" src=\"https:\/\/elbistanhabermerkezi.com\/wp-content\/uploads\/2025\/03\/Ramazan-Programi-2.jpg\" alt=\"\" width=\"600\" height=\"338\" srcset=\"https:\/\/elbistanhabermerkezi.com\/wp-content\/uploads\/2025\/03\/Ramazan-Programi-2.jpg 600w, https:\/\/elbistanhabermerkezi.com\/wp-content\/uploads\/2025\/03\/Ramazan-Programi-2-171x96.jpg 171w, https:\/\/elbistanhabermerkezi.com\/wp-content\/uploads\/2025\/03\/Ramazan-Programi-2-275x155.jpg 275w, https:\/\/elbistanhabermerkezi.com\/wp-content\/uploads\/2025\/03\/Ramazan-Programi-2-376x212.jpg 376w\" sizes=\"auto, (max-width: 600px) 100vw, 600px\" \/> <img loading=\"lazy\" decoding=\"async\" class=\"alignnone size-full wp-image-18786\" src=\"https:\/\/elbistanhabermerkezi.com\/wp-content\/uploads\/2025\/03\/Ramazan-Programi-3.jpg\" alt=\"\" width=\"600\" height=\"338\" srcset=\"https:\/\/elbistanhabermerkezi.com\/wp-content\/uploads\/2025\/03\/Ramazan-Programi-3.jpg 600w, https:\/\/elbistanhabermerkezi.com\/wp-content\/uploads\/2025\/03\/Ramazan-Programi-3-171x96.jpg 171w, https:\/\/elbistanhabermerkezi.com\/wp-content\/uploads\/2025\/03\/Ramazan-Programi-3-275x155.jpg 275w, https:\/\/elbistanhabermerkezi.com\/wp-content\/uploads\/2025\/03\/Ramazan-Programi-3-376x212.jpg 376w\" sizes=\"auto, (max-width: 600px) 100vw, 600px\" \/> <img loading=\"lazy\" decoding=\"async\" class=\"alignnone size-full wp-image-18787\" src=\"https:\/\/elbistanhabermerkezi.com\/wp-content\/uploads\/2025\/03\/Ramazan-Programi-6.jpg\" alt=\"\" width=\"600\" height=\"338\" srcset=\"https:\/\/elbistanhabermerkezi.com\/wp-content\/uploads\/2025\/03\/Ramazan-Programi-6.jpg 600w, https:\/\/elbistanhabermerkezi.com\/wp-content\/uploads\/2025\/03\/Ramazan-Programi-6-171x96.jpg 171w, https:\/\/elbistanhabermerkezi.com\/wp-content\/uploads\/2025\/03\/Ramazan-Programi-6-275x155.jpg 275w, https:\/\/elbistanhabermerkezi.com\/wp-content\/uploads\/2025\/03\/Ramazan-Programi-6-376x212.jpg 376w\" sizes=\"auto, (max-width: 600px) 100vw, 600px\" \/> <img loading=\"lazy\" decoding=\"async\" class=\"alignnone size-full wp-image-18791\" src=\"https:\/\/elbistanhabermerkezi.com\/wp-content\/uploads\/2025\/03\/Ramazan-Programi-7.jpg\" alt=\"\" width=\"600\" height=\"338\" srcset=\"https:\/\/elbistanhabermerkezi.com\/wp-content\/uploads\/2025\/03\/Ramazan-Programi-7.jpg 600w, https:\/\/elbistanhabermerkezi.com\/wp-content\/uploads\/2025\/03\/Ramazan-Programi-7-171x96.jpg 171w, https:\/\/elbistanhabermerkezi.com\/wp-content\/uploads\/2025\/03\/Ramazan-Programi-7-275x155.jpg 275w, https:\/\/elbistanhabermerkezi.com\/wp-content\/uploads\/2025\/03\/Ramazan-Programi-7-376x212.jpg 376w\" sizes=\"auto, (max-width: 600px) 100vw, 600px\" \/><\/p>\n","protected":false},"excerpt":{"rendered":"<p>B\u00fcy\u00fck\u015fehir Belediyesinin Ramazan etkinlikleri, Mehmet Akif Ersoy K\u00fclt\u00fcr Merkezi\u2019nde ger\u00e7ekle\u015ftirilen sema mukabelesi ve tasavvuf musiki dinletisiyle devam etti. Ramazan ay\u0131n\u0131n ruhunu ve birlikteli\u011fin co\u015fkusunu en iyi \u015fekilde yans\u0131tan etkinlik, izleyicilerden tam not ald\u0131. Kahramanmara\u015f B\u00fcy\u00fck\u015fehir Belediyesi, Ramazan ay\u0131na \u00f6zel olarak d\u00fczenledi\u011fi etkinliklerle manevi atmosferi zenginle\u015ftirmeye devam ediyor. Bu kapsamda Mehmet Akif Ersoy K\u00fclt\u00fcr Merkezi\u2019nde d\u00fczenlenen [&hellip;]<\/p>\n","protected":false},"author":1,"featured_media":18789,"comment_status":"open","ping_status":"open","sticky":false,"template":"","format":"standard","meta":{"_jetpack_memberships_contains_paid_content":false,"footnotes":""},"categories":[2,8],"tags":[],"class_list":["post-18783","post","type-post","status-publish","format-standard","has-post-thumbnail","hentry","category-3-sayfa","category-gundem"],"jetpack_featured_media_url":"https:\/\/elbistanhabermerkezi.com\/wp-content\/uploads\/2025\/03\/Ramazan-Programi-6uou.jpg","jetpack_sharing_enabled":true,"_links":{"self":[{"href":"https:\/\/elbistanhabermerkezi.com\/index.php\/wp-json\/wp\/v2\/posts\/18783","targetHints":{"allow":["GET"]}}],"collection":[{"href":"https:\/\/elbistanhabermerkezi.com\/index.php\/wp-json\/wp\/v2\/posts"}],"about":[{"href":"https:\/\/elbistanhabermerkezi.com\/index.php\/wp-json\/wp\/v2\/types\/post"}],"author":[{"embeddable":true,"href":"https:\/\/elbistanhabermerkezi.com\/index.php\/wp-json\/wp\/v2\/users\/1"}],"replies":[{"embeddable":true,"href":"https:\/\/elbistanhabermerkezi.com\/index.php\/wp-json\/wp\/v2\/comments?post=18783"}],"version-history":[{"count":1,"href":"https:\/\/elbistanhabermerkezi.com\/index.php\/wp-json\/wp\/v2\/posts\/18783\/revisions"}],"predecessor-version":[{"id":18792,"href":"https:\/\/elbistanhabermerkezi.com\/index.php\/wp-json\/wp\/v2\/posts\/18783\/revisions\/18792"}],"wp:featuredmedia":[{"embeddable":true,"href":"https:\/\/elbistanhabermerkezi.com\/index.php\/wp-json\/wp\/v2\/media\/18789"}],"wp:attachment":[{"href":"https:\/\/elbistanhabermerkezi.com\/index.php\/wp-json\/wp\/v2\/media?parent=18783"}],"wp:term":[{"taxonomy":"category","embeddable":true,"href":"https:\/\/elbistanhabermerkezi.com\/index.php\/wp-json\/wp\/v2\/categories?post=18783"},{"taxonomy":"post_tag","embeddable":true,"href":"https:\/\/elbistanhabermerkezi.com\/index.php\/wp-json\/wp\/v2\/tags?post=18783"}],"curies":[{"name":"wp","href":"https:\/\/api.w.org\/{rel}","templated":true}]}}