{"id":18759,"date":"2025-03-09T12:46:52","date_gmt":"2025-03-09T12:46:52","guid":{"rendered":"https:\/\/elbistanhabermerkezi.com\/?p=18759"},"modified":"2025-03-09T12:46:52","modified_gmt":"2025-03-09T12:46:52","slug":"miniklerin-ramazan-nesesi-buyuksehirin-etkinlikleriyle-katlaniyor","status":"publish","type":"post","link":"https:\/\/elbistanhabermerkezi.com\/index.php\/2025\/03\/09\/miniklerin-ramazan-nesesi-buyuksehirin-etkinlikleriyle-katlaniyor\/","title":{"rendered":"Miniklerin Ramazan Ne\u015fesi B\u00fcy\u00fck\u015fehir\u2019in Etkinlikleriyle Katlan\u0131yor."},"content":{"rendered":"<p style=\"text-align: justify;\"><img loading=\"lazy\" decoding=\"async\" class=\"alignnone size-full wp-image-15355\" src=\"https:\/\/elbistanhabermerkezi.com\/wp-content\/uploads\/2024\/07\/ALIDOGAN.jpg\" alt=\"\" width=\"302\" height=\"302\" srcset=\"https:\/\/elbistanhabermerkezi.com\/wp-content\/uploads\/2024\/07\/ALIDOGAN.jpg 302w, https:\/\/elbistanhabermerkezi.com\/wp-content\/uploads\/2024\/07\/ALIDOGAN-105x105.jpg 105w, https:\/\/elbistanhabermerkezi.com\/wp-content\/uploads\/2024\/07\/ALIDOGAN-155x155.jpg 155w, https:\/\/elbistanhabermerkezi.com\/wp-content\/uploads\/2024\/07\/ALIDOGAN-221x221.jpg 221w\" sizes=\"auto, (max-width: 302px) 100vw, 302px\" \/><\/p>\n<p style=\"text-align: justify;\"><strong>B\u00fcy\u00fck\u015fehir Belediyesi, Ramazan ay\u0131n\u0131n manevi atmosferini \u00e7ocuklara en e\u011flenceli \u015fekilde ya\u015fatmaya devam ediyor. Hafta sonlar\u0131 d\u00fczenlenen etkinlikler, miniklere hem e\u011flenme hem de \u00f6\u011frenme f\u0131rsat\u0131 sunuyor.<\/strong><\/p>\n<p style=\"text-align: justify;\">\n<p style=\"text-align: justify;\">Kahramanmara\u015f B\u00fcy\u00fck\u015fehir Belediyesi, Ramazan ay\u0131nda \u00e7ocuklara y\u00f6nelik birbirinden keyifli etkinlikler d\u00fczenlemeye devam ediyor. Hafta sonlar\u0131 ger\u00e7ekle\u015ftirilen programlar kapsam\u0131nda minikler, geleneksel T\u00fcrk tiyatrosunun vazge\u00e7ilmez \u00f6\u011feleriyle bulu\u015furken, e\u011fitici at\u00f6lyelerle de yeteneklerini geli\u015ftirme f\u0131rsat\u0131 yakal\u0131yor. Bu kapsamda Necip Faz\u0131l K\u0131sak\u00fcrek K\u00fclt\u00fcr Merkezi\u2019nde d\u00fczenlenen etkinliklerde, \u00e7ocuklar\u0131n b\u00fcy\u00fck bir ilgiyle takip etti\u011fi g\u00f6lge oyunu ve \u0130bi\u015f g\u00f6sterisi sahnelendi. Geleneksel T\u00fcrk tiyatrosunun e\u011flenceli \u00f6\u011feleriyle tan\u0131\u015fan minikler, maskotlarla birlikte keyifli anlar ya\u015farken, hediyeli yar\u0131\u015fmalar da etkinliklere renk katt\u0131. E\u011flenceli s\u00fcrprizlerle dolu g\u00f6steriler, \u00e7ocuklar\u0131n y\u00fczlerinde tebess\u00fcm olu\u015fturdu.<\/p>\n<p style=\"text-align: justify;\">\n<p style=\"text-align: justify;\"><strong>El Becerilerini Geli\u015ftiren Tesbih Yap\u0131m At\u00f6lyesi<\/strong><\/p>\n<p style=\"text-align: justify;\">\u00c7ocuk etkinlikleri yaln\u0131zca sahne g\u00f6sterileriyle s\u0131n\u0131rl\u0131 kalmad\u0131. Ayn\u0131 zamanda miniklerin el becerilerini geli\u015ftirmesi ve \u00fcretkenliklerini art\u0131rmas\u0131 amac\u0131yla tesbih yap\u0131m at\u00f6lyesi de d\u00fczenlendi. Etkinli\u011fe kat\u0131lan \u00e7ocuklar, tesbih yap\u0131m s\u00fcrecini \u00f6\u011frenerek kendi tasar\u0131mlar\u0131n\u0131 olu\u015fturdu. Renkli boncuklar ve ipler kullanarak birbirinden g\u00fczel tesbihler haz\u0131rlayan \u00e7ocuklar, el eme\u011fiyle yapt\u0131klar\u0131 eserleri hat\u0131ra olarak saklaman\u0131n mutlulu\u011funu ya\u015fad\u0131. At\u00f6lye sayesinde \u00e7ocuklar, yaln\u0131zca \u00fcretkenliklerini art\u0131rmakla kalmad\u0131, ayn\u0131 zamanda sosyalle\u015fme imk\u00e2n\u0131 bularak yeni arkada\u015fl\u0131klar kurdu. Grup halinde ger\u00e7ekle\u015ftirilen etkinlikler, payla\u015fma ve yard\u0131mla\u015fma duygular\u0131n\u0131n da peki\u015fmesine katk\u0131 sa\u011flad\u0131.<\/p>\n<p style=\"text-align: justify;\">\n<p style=\"text-align: justify;\"><strong>Ebeveynlerden B\u00fcy\u00fck\u015fehir\u2019e Te\u015fekk\u00fcr<\/strong><\/p>\n<p style=\"text-align: justify;\">B\u00fcy\u00fck\u015fehir Belediyesi taraf\u0131ndan d\u00fczenlenen etkinlikler, yaln\u0131zca \u00e7ocuklar\u0131 de\u011fil, ebeveynleri de memnun etti. Ramazan ay\u0131n\u0131n manevi iklimini \u00e7ocuklar\u0131na en g\u00fczel \u015fekilde ya\u015fatma f\u0131rsat\u0131 bulan anne ve babalar, etkinliklerin \u00e7ocuklar\u0131n\u0131n hem e\u011flenmesine hem de \u00f6\u011frenmesine katk\u0131 sundu\u011funu belirterek B\u00fcy\u00fck\u015fehir Belediyesine te\u015fekk\u00fcr etti.<\/p>\n<p style=\"text-align: justify;\"><img loading=\"lazy\" decoding=\"async\" class=\"alignnone size-full wp-image-18760\" src=\"https:\/\/elbistanhabermerkezi.com\/wp-content\/uploads\/2025\/03\/Cocuk-Etkinligi-2.jpg\" alt=\"\" width=\"600\" height=\"338\" srcset=\"https:\/\/elbistanhabermerkezi.com\/wp-content\/uploads\/2025\/03\/Cocuk-Etkinligi-2.jpg 600w, https:\/\/elbistanhabermerkezi.com\/wp-content\/uploads\/2025\/03\/Cocuk-Etkinligi-2-171x96.jpg 171w, https:\/\/elbistanhabermerkezi.com\/wp-content\/uploads\/2025\/03\/Cocuk-Etkinligi-2-275x155.jpg 275w, https:\/\/elbistanhabermerkezi.com\/wp-content\/uploads\/2025\/03\/Cocuk-Etkinligi-2-376x212.jpg 376w\" sizes=\"auto, (max-width: 600px) 100vw, 600px\" \/> <img loading=\"lazy\" decoding=\"async\" class=\"alignnone size-full wp-image-18761\" src=\"https:\/\/elbistanhabermerkezi.com\/wp-content\/uploads\/2025\/03\/Cocuk-Etkinligi-3.jpg\" alt=\"\" width=\"600\" height=\"338\" srcset=\"https:\/\/elbistanhabermerkezi.com\/wp-content\/uploads\/2025\/03\/Cocuk-Etkinligi-3.jpg 600w, https:\/\/elbistanhabermerkezi.com\/wp-content\/uploads\/2025\/03\/Cocuk-Etkinligi-3-171x96.jpg 171w, https:\/\/elbistanhabermerkezi.com\/wp-content\/uploads\/2025\/03\/Cocuk-Etkinligi-3-275x155.jpg 275w, https:\/\/elbistanhabermerkezi.com\/wp-content\/uploads\/2025\/03\/Cocuk-Etkinligi-3-376x212.jpg 376w\" sizes=\"auto, (max-width: 600px) 100vw, 600px\" \/> <img loading=\"lazy\" decoding=\"async\" class=\"alignnone size-full wp-image-18765\" src=\"https:\/\/elbistanhabermerkezi.com\/wp-content\/uploads\/2025\/03\/Cocuk-Etkinligi-6.jpg\" alt=\"\" width=\"600\" height=\"338\" srcset=\"https:\/\/elbistanhabermerkezi.com\/wp-content\/uploads\/2025\/03\/Cocuk-Etkinligi-6.jpg 600w, https:\/\/elbistanhabermerkezi.com\/wp-content\/uploads\/2025\/03\/Cocuk-Etkinligi-6-171x96.jpg 171w, https:\/\/elbistanhabermerkezi.com\/wp-content\/uploads\/2025\/03\/Cocuk-Etkinligi-6-275x155.jpg 275w, https:\/\/elbistanhabermerkezi.com\/wp-content\/uploads\/2025\/03\/Cocuk-Etkinligi-6-376x212.jpg 376w\" sizes=\"auto, (max-width: 600px) 100vw, 600px\" \/> <img loading=\"lazy\" decoding=\"async\" class=\"alignnone size-full wp-image-18766\" src=\"https:\/\/elbistanhabermerkezi.com\/wp-content\/uploads\/2025\/03\/Cocuk-Etkinligi-8.jpg\" alt=\"\" width=\"600\" height=\"338\" srcset=\"https:\/\/elbistanhabermerkezi.com\/wp-content\/uploads\/2025\/03\/Cocuk-Etkinligi-8.jpg 600w, https:\/\/elbistanhabermerkezi.com\/wp-content\/uploads\/2025\/03\/Cocuk-Etkinligi-8-171x96.jpg 171w, https:\/\/elbistanhabermerkezi.com\/wp-content\/uploads\/2025\/03\/Cocuk-Etkinligi-8-275x155.jpg 275w, https:\/\/elbistanhabermerkezi.com\/wp-content\/uploads\/2025\/03\/Cocuk-Etkinligi-8-376x212.jpg 376w\" sizes=\"auto, (max-width: 600px) 100vw, 600px\" \/> <img loading=\"lazy\" decoding=\"async\" class=\"alignnone size-full wp-image-18767\" src=\"https:\/\/elbistanhabermerkezi.com\/wp-content\/uploads\/2025\/03\/Cocuk-Etkinligi-9.jpg\" alt=\"\" width=\"600\" height=\"338\" srcset=\"https:\/\/elbistanhabermerkezi.com\/wp-content\/uploads\/2025\/03\/Cocuk-Etkinligi-9.jpg 600w, https:\/\/elbistanhabermerkezi.com\/wp-content\/uploads\/2025\/03\/Cocuk-Etkinligi-9-171x96.jpg 171w, https:\/\/elbistanhabermerkezi.com\/wp-content\/uploads\/2025\/03\/Cocuk-Etkinligi-9-275x155.jpg 275w, https:\/\/elbistanhabermerkezi.com\/wp-content\/uploads\/2025\/03\/Cocuk-Etkinligi-9-376x212.jpg 376w\" sizes=\"auto, (max-width: 600px) 100vw, 600px\" \/><\/p>\n","protected":false},"excerpt":{"rendered":"<p>B\u00fcy\u00fck\u015fehir Belediyesi, Ramazan ay\u0131n\u0131n manevi atmosferini \u00e7ocuklara en e\u011flenceli \u015fekilde ya\u015fatmaya devam ediyor. Hafta sonlar\u0131 d\u00fczenlenen etkinlikler, miniklere hem e\u011flenme hem de \u00f6\u011frenme f\u0131rsat\u0131 sunuyor. Kahramanmara\u015f B\u00fcy\u00fck\u015fehir Belediyesi, Ramazan ay\u0131nda \u00e7ocuklara y\u00f6nelik birbirinden keyifli etkinlikler d\u00fczenlemeye devam ediyor. Hafta sonlar\u0131 ger\u00e7ekle\u015ftirilen programlar kapsam\u0131nda minikler, geleneksel T\u00fcrk tiyatrosunun vazge\u00e7ilmez \u00f6\u011feleriyle bulu\u015furken, e\u011fitici at\u00f6lyelerle de yeteneklerini geli\u015ftirme [&hellip;]<\/p>\n","protected":false},"author":1,"featured_media":18763,"comment_status":"open","ping_status":"open","sticky":false,"template":"","format":"standard","meta":{"_jetpack_memberships_contains_paid_content":false,"footnotes":""},"categories":[2,8],"tags":[],"class_list":["post-18759","post","type-post","status-publish","format-standard","has-post-thumbnail","hentry","category-3-sayfa","category-gundem"],"jetpack_featured_media_url":"https:\/\/elbistanhabermerkezi.com\/wp-content\/uploads\/2025\/03\/Cocuk-Etkinligi-4HIU.jpg","jetpack_sharing_enabled":true,"_links":{"self":[{"href":"https:\/\/elbistanhabermerkezi.com\/index.php\/wp-json\/wp\/v2\/posts\/18759","targetHints":{"allow":["GET"]}}],"collection":[{"href":"https:\/\/elbistanhabermerkezi.com\/index.php\/wp-json\/wp\/v2\/posts"}],"about":[{"href":"https:\/\/elbistanhabermerkezi.com\/index.php\/wp-json\/wp\/v2\/types\/post"}],"author":[{"embeddable":true,"href":"https:\/\/elbistanhabermerkezi.com\/index.php\/wp-json\/wp\/v2\/users\/1"}],"replies":[{"embeddable":true,"href":"https:\/\/elbistanhabermerkezi.com\/index.php\/wp-json\/wp\/v2\/comments?post=18759"}],"version-history":[{"count":1,"href":"https:\/\/elbistanhabermerkezi.com\/index.php\/wp-json\/wp\/v2\/posts\/18759\/revisions"}],"predecessor-version":[{"id":18768,"href":"https:\/\/elbistanhabermerkezi.com\/index.php\/wp-json\/wp\/v2\/posts\/18759\/revisions\/18768"}],"wp:featuredmedia":[{"embeddable":true,"href":"https:\/\/elbistanhabermerkezi.com\/index.php\/wp-json\/wp\/v2\/media\/18763"}],"wp:attachment":[{"href":"https:\/\/elbistanhabermerkezi.com\/index.php\/wp-json\/wp\/v2\/media?parent=18759"}],"wp:term":[{"taxonomy":"category","embeddable":true,"href":"https:\/\/elbistanhabermerkezi.com\/index.php\/wp-json\/wp\/v2\/categories?post=18759"},{"taxonomy":"post_tag","embeddable":true,"href":"https:\/\/elbistanhabermerkezi.com\/index.php\/wp-json\/wp\/v2\/tags?post=18759"}],"curies":[{"name":"wp","href":"https:\/\/api.w.org\/{rel}","templated":true}]}}