{"id":18662,"date":"2025-03-04T07:43:43","date_gmt":"2025-03-04T07:43:43","guid":{"rendered":"https:\/\/elbistanhabermerkezi.com\/?p=18662"},"modified":"2025-03-04T07:43:43","modified_gmt":"2025-03-04T07:43:43","slug":"mehmet-ozkanyeniden-buyukyapalak-dernegi-baskani-secildi","status":"publish","type":"post","link":"https:\/\/elbistanhabermerkezi.com\/index.php\/2025\/03\/04\/mehmet-ozkanyeniden-buyukyapalak-dernegi-baskani-secildi\/","title":{"rendered":"Mehmet \u00d6zkan,yeniden B\u00fcy\u00fckyapalak Derne\u011fi Ba\u015fkan\u0131 se\u00e7ildi."},"content":{"rendered":"<div dir=\"auto\" style=\"text-align: justify;\"><strong><img loading=\"lazy\" decoding=\"async\" class=\"alignnone size-full wp-image-15355\" src=\"https:\/\/elbistanhabermerkezi.com\/wp-content\/uploads\/2024\/07\/ALIDOGAN.jpg\" alt=\"\" width=\"302\" height=\"302\" srcset=\"https:\/\/elbistanhabermerkezi.com\/wp-content\/uploads\/2024\/07\/ALIDOGAN.jpg 302w, https:\/\/elbistanhabermerkezi.com\/wp-content\/uploads\/2024\/07\/ALIDOGAN-105x105.jpg 105w, https:\/\/elbistanhabermerkezi.com\/wp-content\/uploads\/2024\/07\/ALIDOGAN-155x155.jpg 155w, https:\/\/elbistanhabermerkezi.com\/wp-content\/uploads\/2024\/07\/ALIDOGAN-221x221.jpg 221w\" sizes=\"auto, (max-width: 302px) 100vw, 302px\" \/><\/strong><\/div>\n<div dir=\"auto\" style=\"text-align: justify;\"><strong>\u0130stanbul&#8217;da faaliyet g\u00f6steren Elbistan\/B\u00fcy\u00fckyapalak Derne\u011finin 2. Ola\u011fan Genel Kurulu yap\u0131ld\u0131. Sultangazi \u0130l\u00e7esinde ki Dernek Merkezinde yap\u0131lan Genel Kurulda Mehmet \u00d6zkan, yeniden Dernek Ba\u015fkan\u0131 se\u00e7ildi.<\/strong><\/div>\n<div dir=\"auto\" style=\"text-align: justify;\"><\/div>\n<div dir=\"auto\" style=\"text-align: justify;\"><\/div>\n<div dir=\"auto\" style=\"text-align: justify;\"><strong>B\u00fcy\u00fckyapalak Derne\u011fi 2. Ola\u011fan Kongresine Sultangazi Belediye ba\u015fkan yard\u0131mc\u0131s\u0131 Mehmet Yi\u011fit, Akparti il\u00e7e ba\u015fkan\u0131 \u0130mdat Kamac\u0131, MHP ilce ba\u015fkan\u0131 Yusuf \u00d6zel, ba\u015fkan Yard\u0131mc\u0131s\u0131 Ali Ceren, MHP Cekmek\u00f6y \u0130l\u00e7e ba\u015fkan yard\u0131mc\u0131s\u0131 S\u00fcleyman Bostanc\u0131, Akparti Esenyurt il\u00e7e ba\u015fkan yard\u0131mc\u0131s\u0131 Ramazan Kocao\u011flu, Yeniden Refah Partisi Be\u015fikta\u015f il\u00e7e ba\u015fkan yard\u0131mc\u0131s\u0131 Bekir Diri, Kahramanmara\u015f dernekler federasyonu ba\u015fkan vekili ve T\u00fcrko\u011flu dernek ba\u015fkan\u0131 \u0130rfan Yavsan, baskan yard\u0131mc\u0131s\u0131 Ramazan \u00c7iris, Elm\u00fchay vafk\u0131 y\u00f6netim kurulu ba\u015fkan\u0131 U\u011fur Yinan\u00e7, Maksat sanat kurucusu Ya\u015far G\u00f6ren, Mara\u015fder ba\u015fkan\u0131 Mevlana Demirel, Arnavutk\u00f6y Kahramanmara\u015f Dernek Ba\u015fkan\u0131 Recep Tecirli,Mara\u015fyurt dernek ba\u015fkan\u0131 Harun Demir, Yeni Elbistanl\u0131lar dernek ba\u015fkan\u0131 Mevl\u00fct Yener, Afsinder ba\u015fkan\u0131 Ahmet Ard\u0131\u00e7, G\u00f6ksun dernek ba\u015fkan\u0131 Hayrullah Do\u011fan, Elbistanl\u0131lar derne\u011fi ba\u015fkan yard\u0131mc\u0131s\u0131 Fevzi Erkan, Ekin\u00f6z\u00fc dernek ba\u015fkan\u0131 Nuri Keskin, B\u00fcy\u00fcktatlar dernek ba\u015fkan\u0131 Av\u015far Mehmet Ar\u0131, \u00c7i\u00e7ek dernek ba\u015fkan\u0131 Faz\u0131l \u00c7ivi, Ar\u0131ta\u015f dernek ba\u015fkan yard\u0131mc\u0131s\u0131 Adem \u00c7elik, Elbi tekstil y\u00f6netim Kurulu ba\u015fkan\u0131 \u0130lhan Bu\u011fday, Maliye m\u00fcfetti\u015fi Ahmet Abba\u015fo\u011flu ve \u00e7ok say\u0131da davetli ile hem\u015fehrilerimiz kat\u0131ld\u0131.<\/strong><\/div>\n<div dir=\"auto\" style=\"text-align: justify;\"><\/div>\n<div dir=\"auto\" style=\"text-align: justify;\"><strong>Elbistan Haber Merkezine konu\u015fan B\u00fcy\u00fckyapalak Derne\u011fi Ba\u015fkan\u0131 Mehmet \u00d6zkan, Derne\u011fimizin 2.ola\u011fan genel kuruluna ve iftar program\u0131na kat\u0131larak bizleri onurland\u0131ran; \u00dcyelerimize k\u00f6yl\u00fclerimize, misafirlerimize Ayr\u0131 ayr\u0131 y\u00f6netim kurulumuz ad\u0131na te\u015fekk\u00fcr eder, sayg\u0131lar\u0131m\u0131z\u0131 sunar\u0131z dedi.<\/strong><\/div>\n<div dir=\"auto\" style=\"text-align: justify;\"><\/div>\n<div dir=\"auto\" style=\"text-align: justify;\"><strong><img loading=\"lazy\" decoding=\"async\" class=\"alignnone size-full wp-image-18663\" src=\"https:\/\/elbistanhabermerkezi.com\/wp-content\/uploads\/2025\/03\/480940112_9606730512683666_8511239769078885519_n.jpg\" alt=\"\" width=\"1792\" height=\"828\" srcset=\"https:\/\/elbistanhabermerkezi.com\/wp-content\/uploads\/2025\/03\/480940112_9606730512683666_8511239769078885519_n.jpg 1792w, https:\/\/elbistanhabermerkezi.com\/wp-content\/uploads\/2025\/03\/480940112_9606730512683666_8511239769078885519_n-600x277.jpg 600w, https:\/\/elbistanhabermerkezi.com\/wp-content\/uploads\/2025\/03\/480940112_9606730512683666_8511239769078885519_n-1024x473.jpg 1024w, https:\/\/elbistanhabermerkezi.com\/wp-content\/uploads\/2025\/03\/480940112_9606730512683666_8511239769078885519_n-768x355.jpg 768w, https:\/\/elbistanhabermerkezi.com\/wp-content\/uploads\/2025\/03\/480940112_9606730512683666_8511239769078885519_n-1536x710.jpg 1536w, https:\/\/elbistanhabermerkezi.com\/wp-content\/uploads\/2025\/03\/480940112_9606730512683666_8511239769078885519_n-171x79.jpg 171w, https:\/\/elbistanhabermerkezi.com\/wp-content\/uploads\/2025\/03\/480940112_9606730512683666_8511239769078885519_n-278x128.jpg 278w, https:\/\/elbistanhabermerkezi.com\/wp-content\/uploads\/2025\/03\/480940112_9606730512683666_8511239769078885519_n-376x174.jpg 376w, https:\/\/elbistanhabermerkezi.com\/wp-content\/uploads\/2025\/03\/480940112_9606730512683666_8511239769078885519_n-796x368.jpg 796w\" sizes=\"auto, (max-width: 1792px) 100vw, 1792px\" \/> <img loading=\"lazy\" decoding=\"async\" class=\"alignnone size-full wp-image-18664\" src=\"https:\/\/elbistanhabermerkezi.com\/wp-content\/uploads\/2025\/03\/480940480_9606730802683637_8734929073568634775_n.jpg\" alt=\"\" width=\"1600\" height=\"719\" srcset=\"https:\/\/elbistanhabermerkezi.com\/wp-content\/uploads\/2025\/03\/480940480_9606730802683637_8734929073568634775_n.jpg 1600w, https:\/\/elbistanhabermerkezi.com\/wp-content\/uploads\/2025\/03\/480940480_9606730802683637_8734929073568634775_n-600x270.jpg 600w, https:\/\/elbistanhabermerkezi.com\/wp-content\/uploads\/2025\/03\/480940480_9606730802683637_8734929073568634775_n-1024x460.jpg 1024w, https:\/\/elbistanhabermerkezi.com\/wp-content\/uploads\/2025\/03\/480940480_9606730802683637_8734929073568634775_n-768x345.jpg 768w, https:\/\/elbistanhabermerkezi.com\/wp-content\/uploads\/2025\/03\/480940480_9606730802683637_8734929073568634775_n-1536x690.jpg 1536w, https:\/\/elbistanhabermerkezi.com\/wp-content\/uploads\/2025\/03\/480940480_9606730802683637_8734929073568634775_n-171x77.jpg 171w, https:\/\/elbistanhabermerkezi.com\/wp-content\/uploads\/2025\/03\/480940480_9606730802683637_8734929073568634775_n-278x125.jpg 278w, https:\/\/elbistanhabermerkezi.com\/wp-content\/uploads\/2025\/03\/480940480_9606730802683637_8734929073568634775_n-376x169.jpg 376w, https:\/\/elbistanhabermerkezi.com\/wp-content\/uploads\/2025\/03\/480940480_9606730802683637_8734929073568634775_n-796x358.jpg 796w\" sizes=\"auto, (max-width: 1600px) 100vw, 1600px\" \/> <img loading=\"lazy\" decoding=\"async\" class=\"alignnone size-full wp-image-18665\" src=\"https:\/\/elbistanhabermerkezi.com\/wp-content\/uploads\/2025\/03\/480942198_9606730616016989_7425801160194739570_n.jpg\" alt=\"\" width=\"1792\" height=\"828\" srcset=\"https:\/\/elbistanhabermerkezi.com\/wp-content\/uploads\/2025\/03\/480942198_9606730616016989_7425801160194739570_n.jpg 1792w, https:\/\/elbistanhabermerkezi.com\/wp-content\/uploads\/2025\/03\/480942198_9606730616016989_7425801160194739570_n-600x277.jpg 600w, https:\/\/elbistanhabermerkezi.com\/wp-content\/uploads\/2025\/03\/480942198_9606730616016989_7425801160194739570_n-1024x473.jpg 1024w, https:\/\/elbistanhabermerkezi.com\/wp-content\/uploads\/2025\/03\/480942198_9606730616016989_7425801160194739570_n-768x355.jpg 768w, https:\/\/elbistanhabermerkezi.com\/wp-content\/uploads\/2025\/03\/480942198_9606730616016989_7425801160194739570_n-1536x710.jpg 1536w, https:\/\/elbistanhabermerkezi.com\/wp-content\/uploads\/2025\/03\/480942198_9606730616016989_7425801160194739570_n-171x79.jpg 171w, https:\/\/elbistanhabermerkezi.com\/wp-content\/uploads\/2025\/03\/480942198_9606730616016989_7425801160194739570_n-278x128.jpg 278w, https:\/\/elbistanhabermerkezi.com\/wp-content\/uploads\/2025\/03\/480942198_9606730616016989_7425801160194739570_n-376x174.jpg 376w, https:\/\/elbistanhabermerkezi.com\/wp-content\/uploads\/2025\/03\/480942198_9606730616016989_7425801160194739570_n-796x368.jpg 796w\" sizes=\"auto, (max-width: 1792px) 100vw, 1792px\" \/> <img loading=\"lazy\" decoding=\"async\" class=\"alignnone size-full wp-image-18666\" src=\"https:\/\/elbistanhabermerkezi.com\/wp-content\/uploads\/2025\/03\/480973312_9606731126016938_2324653318131972690_n.jpg\" alt=\"\" width=\"1080\" height=\"486\" srcset=\"https:\/\/elbistanhabermerkezi.com\/wp-content\/uploads\/2025\/03\/480973312_9606731126016938_2324653318131972690_n.jpg 1080w, https:\/\/elbistanhabermerkezi.com\/wp-content\/uploads\/2025\/03\/480973312_9606731126016938_2324653318131972690_n-600x270.jpg 600w, https:\/\/elbistanhabermerkezi.com\/wp-content\/uploads\/2025\/03\/480973312_9606731126016938_2324653318131972690_n-1024x461.jpg 1024w, https:\/\/elbistanhabermerkezi.com\/wp-content\/uploads\/2025\/03\/480973312_9606731126016938_2324653318131972690_n-768x346.jpg 768w, https:\/\/elbistanhabermerkezi.com\/wp-content\/uploads\/2025\/03\/480973312_9606731126016938_2324653318131972690_n-171x77.jpg 171w, https:\/\/elbistanhabermerkezi.com\/wp-content\/uploads\/2025\/03\/480973312_9606731126016938_2324653318131972690_n-278x125.jpg 278w, https:\/\/elbistanhabermerkezi.com\/wp-content\/uploads\/2025\/03\/480973312_9606731126016938_2324653318131972690_n-376x169.jpg 376w, https:\/\/elbistanhabermerkezi.com\/wp-content\/uploads\/2025\/03\/480973312_9606731126016938_2324653318131972690_n-796x358.jpg 796w\" sizes=\"auto, (max-width: 1080px) 100vw, 1080px\" \/> <img loading=\"lazy\" decoding=\"async\" class=\"alignnone size-full wp-image-18667\" src=\"https:\/\/elbistanhabermerkezi.com\/wp-content\/uploads\/2025\/03\/481023273_9606733319350052_9036800326405893476_n.jpg\" alt=\"\" width=\"2048\" height=\"1536\" srcset=\"https:\/\/elbistanhabermerkezi.com\/wp-content\/uploads\/2025\/03\/481023273_9606733319350052_9036800326405893476_n.jpg 2048w, https:\/\/elbistanhabermerkezi.com\/wp-content\/uploads\/2025\/03\/481023273_9606733319350052_9036800326405893476_n-533x400.jpg 533w, https:\/\/elbistanhabermerkezi.com\/wp-content\/uploads\/2025\/03\/481023273_9606733319350052_9036800326405893476_n-1024x768.jpg 1024w, https:\/\/elbistanhabermerkezi.com\/wp-content\/uploads\/2025\/03\/481023273_9606733319350052_9036800326405893476_n-768x576.jpg 768w, https:\/\/elbistanhabermerkezi.com\/wp-content\/uploads\/2025\/03\/481023273_9606733319350052_9036800326405893476_n-1536x1152.jpg 1536w, https:\/\/elbistanhabermerkezi.com\/wp-content\/uploads\/2025\/03\/481023273_9606733319350052_9036800326405893476_n-140x105.jpg 140w, https:\/\/elbistanhabermerkezi.com\/wp-content\/uploads\/2025\/03\/481023273_9606733319350052_9036800326405893476_n-207x155.jpg 207w, https:\/\/elbistanhabermerkezi.com\/wp-content\/uploads\/2025\/03\/481023273_9606733319350052_9036800326405893476_n-295x221.jpg 295w, https:\/\/elbistanhabermerkezi.com\/wp-content\/uploads\/2025\/03\/481023273_9606733319350052_9036800326405893476_n-597x448.jpg 597w\" sizes=\"auto, (max-width: 2048px) 100vw, 2048px\" \/> <img loading=\"lazy\" decoding=\"async\" class=\"alignnone size-full wp-image-18668\" src=\"https:\/\/elbistanhabermerkezi.com\/wp-content\/uploads\/2025\/03\/481054561_9606733546016696_7554913506311232879_n.jpg\" alt=\"\" width=\"2048\" height=\"1536\" srcset=\"https:\/\/elbistanhabermerkezi.com\/wp-content\/uploads\/2025\/03\/481054561_9606733546016696_7554913506311232879_n.jpg 2048w, https:\/\/elbistanhabermerkezi.com\/wp-content\/uploads\/2025\/03\/481054561_9606733546016696_7554913506311232879_n-533x400.jpg 533w, https:\/\/elbistanhabermerkezi.com\/wp-content\/uploads\/2025\/03\/481054561_9606733546016696_7554913506311232879_n-1024x768.jpg 1024w, https:\/\/elbistanhabermerkezi.com\/wp-content\/uploads\/2025\/03\/481054561_9606733546016696_7554913506311232879_n-768x576.jpg 768w, https:\/\/elbistanhabermerkezi.com\/wp-content\/uploads\/2025\/03\/481054561_9606733546016696_7554913506311232879_n-1536x1152.jpg 1536w, https:\/\/elbistanhabermerkezi.com\/wp-content\/uploads\/2025\/03\/481054561_9606733546016696_7554913506311232879_n-140x105.jpg 140w, https:\/\/elbistanhabermerkezi.com\/wp-content\/uploads\/2025\/03\/481054561_9606733546016696_7554913506311232879_n-207x155.jpg 207w, https:\/\/elbistanhabermerkezi.com\/wp-content\/uploads\/2025\/03\/481054561_9606733546016696_7554913506311232879_n-295x221.jpg 295w, https:\/\/elbistanhabermerkezi.com\/wp-content\/uploads\/2025\/03\/481054561_9606733546016696_7554913506311232879_n-597x448.jpg 597w\" sizes=\"auto, (max-width: 2048px) 100vw, 2048px\" \/> <img loading=\"lazy\" decoding=\"async\" class=\"alignnone size-full wp-image-18669\" src=\"https:\/\/elbistanhabermerkezi.com\/wp-content\/uploads\/2025\/03\/481079649_9606733782683339_4025940987532111070_n.jpg\" alt=\"\" width=\"2048\" height=\"1536\" srcset=\"https:\/\/elbistanhabermerkezi.com\/wp-content\/uploads\/2025\/03\/481079649_9606733782683339_4025940987532111070_n.jpg 2048w, https:\/\/elbistanhabermerkezi.com\/wp-content\/uploads\/2025\/03\/481079649_9606733782683339_4025940987532111070_n-533x400.jpg 533w, https:\/\/elbistanhabermerkezi.com\/wp-content\/uploads\/2025\/03\/481079649_9606733782683339_4025940987532111070_n-1024x768.jpg 1024w, https:\/\/elbistanhabermerkezi.com\/wp-content\/uploads\/2025\/03\/481079649_9606733782683339_4025940987532111070_n-768x576.jpg 768w, https:\/\/elbistanhabermerkezi.com\/wp-content\/uploads\/2025\/03\/481079649_9606733782683339_4025940987532111070_n-1536x1152.jpg 1536w, https:\/\/elbistanhabermerkezi.com\/wp-content\/uploads\/2025\/03\/481079649_9606733782683339_4025940987532111070_n-140x105.jpg 140w, https:\/\/elbistanhabermerkezi.com\/wp-content\/uploads\/2025\/03\/481079649_9606733782683339_4025940987532111070_n-207x155.jpg 207w, https:\/\/elbistanhabermerkezi.com\/wp-content\/uploads\/2025\/03\/481079649_9606733782683339_4025940987532111070_n-295x221.jpg 295w, https:\/\/elbistanhabermerkezi.com\/wp-content\/uploads\/2025\/03\/481079649_9606733782683339_4025940987532111070_n-597x448.jpg 597w\" sizes=\"auto, (max-width: 2048px) 100vw, 2048px\" \/><\/strong><\/div>\n","protected":false},"excerpt":{"rendered":"<p>\u0130stanbul&#8217;da faaliyet g\u00f6steren Elbistan\/B\u00fcy\u00fckyapalak Derne\u011finin 2. Ola\u011fan Genel Kurulu yap\u0131ld\u0131. Sultangazi \u0130l\u00e7esinde ki Dernek Merkezinde yap\u0131lan Genel Kurulda Mehmet \u00d6zkan, yeniden Dernek Ba\u015fkan\u0131 se\u00e7ildi. B\u00fcy\u00fckyapalak Derne\u011fi 2. Ola\u011fan Kongresine Sultangazi Belediye ba\u015fkan yard\u0131mc\u0131s\u0131 Mehmet Yi\u011fit, Akparti il\u00e7e ba\u015fkan\u0131 \u0130mdat Kamac\u0131, MHP ilce ba\u015fkan\u0131 Yusuf \u00d6zel, ba\u015fkan Yard\u0131mc\u0131s\u0131 Ali Ceren, MHP Cekmek\u00f6y \u0130l\u00e7e ba\u015fkan yard\u0131mc\u0131s\u0131 S\u00fcleyman [&hellip;]<\/p>\n","protected":false},"author":1,"featured_media":18671,"comment_status":"open","ping_status":"open","sticky":false,"template":"","format":"standard","meta":{"_jetpack_memberships_contains_paid_content":false,"footnotes":""},"categories":[2,8],"tags":[],"class_list":["post-18662","post","type-post","status-publish","format-standard","has-post-thumbnail","hentry","category-3-sayfa","category-gundem"],"jetpack_featured_media_url":"https:\/\/elbistanhabermerkezi.com\/wp-content\/uploads\/2025\/03\/yyy.jpg","jetpack_sharing_enabled":true,"_links":{"self":[{"href":"https:\/\/elbistanhabermerkezi.com\/index.php\/wp-json\/wp\/v2\/posts\/18662","targetHints":{"allow":["GET"]}}],"collection":[{"href":"https:\/\/elbistanhabermerkezi.com\/index.php\/wp-json\/wp\/v2\/posts"}],"about":[{"href":"https:\/\/elbistanhabermerkezi.com\/index.php\/wp-json\/wp\/v2\/types\/post"}],"author":[{"embeddable":true,"href":"https:\/\/elbistanhabermerkezi.com\/index.php\/wp-json\/wp\/v2\/users\/1"}],"replies":[{"embeddable":true,"href":"https:\/\/elbistanhabermerkezi.com\/index.php\/wp-json\/wp\/v2\/comments?post=18662"}],"version-history":[{"count":2,"href":"https:\/\/elbistanhabermerkezi.com\/index.php\/wp-json\/wp\/v2\/posts\/18662\/revisions"}],"predecessor-version":[{"id":18674,"href":"https:\/\/elbistanhabermerkezi.com\/index.php\/wp-json\/wp\/v2\/posts\/18662\/revisions\/18674"}],"wp:featuredmedia":[{"embeddable":true,"href":"https:\/\/elbistanhabermerkezi.com\/index.php\/wp-json\/wp\/v2\/media\/18671"}],"wp:attachment":[{"href":"https:\/\/elbistanhabermerkezi.com\/index.php\/wp-json\/wp\/v2\/media?parent=18662"}],"wp:term":[{"taxonomy":"category","embeddable":true,"href":"https:\/\/elbistanhabermerkezi.com\/index.php\/wp-json\/wp\/v2\/categories?post=18662"},{"taxonomy":"post_tag","embeddable":true,"href":"https:\/\/elbistanhabermerkezi.com\/index.php\/wp-json\/wp\/v2\/tags?post=18662"}],"curies":[{"name":"wp","href":"https:\/\/api.w.org\/{rel}","templated":true}]}}