{"id":18631,"date":"2025-03-01T10:38:54","date_gmt":"2025-03-01T10:38:54","guid":{"rendered":"https:\/\/elbistanhabermerkezi.com\/?p=18631"},"modified":"2025-03-01T10:38:54","modified_gmt":"2025-03-01T10:38:54","slug":"ksu-bolgesel-gelismelere-isik-tutuyor-yeni-orta-dogu-ve-suriye-konferansi-buyuk-ilgi-gordu","status":"publish","type":"post","link":"https:\/\/elbistanhabermerkezi.com\/index.php\/2025\/03\/01\/ksu-bolgesel-gelismelere-isik-tutuyor-yeni-orta-dogu-ve-suriye-konferansi-buyuk-ilgi-gordu\/","title":{"rendered":"KS\u00dc, B\u00f6lgesel Geli\u015fmelere I\u015f\u0131k Tutuyor: &#8220;Yeni Orta Do\u011fu ve Suriye&#8221; Konferans\u0131 B\u00fcy\u00fck \u0130lgi G\u00f6rd\u00fc"},"content":{"rendered":"<p style=\"text-align: justify;\"><strong><img loading=\"lazy\" decoding=\"async\" class=\"alignnone size-full wp-image-12722\" src=\"https:\/\/elbistanhabermerkezi.com\/wp-content\/uploads\/2024\/01\/halild6.jpg\" alt=\"\" width=\"302\" height=\"202\" srcset=\"https:\/\/elbistanhabermerkezi.com\/wp-content\/uploads\/2024\/01\/halild6.jpg 302w, https:\/\/elbistanhabermerkezi.com\/wp-content\/uploads\/2024\/01\/halild6-157x105.jpg 157w, https:\/\/elbistanhabermerkezi.com\/wp-content\/uploads\/2024\/01\/halild6-232x155.jpg 232w\" sizes=\"auto, (max-width: 302px) 100vw, 302px\" \/><\/strong><\/p>\n<p style=\"text-align: justify;\"><strong>Kahramanmara\u015f Milletvekili ve akademisyen Prof. Dr. Mehmet \u015eahin, d\u00fczenlenen &#8220;Yeni Orta Do\u011fu ve Suriye Konferans\u0131&#8221;nda b\u00f6lgesel geli\u015fmeler, Suriye krizi ve T\u00fcrkiye&#8217;nin b\u00f6lgedeki rol\u00fcne dair \u00f6nemli de\u011ferlendirmelerde bulundu.<\/strong><\/p>\n<p style=\"text-align: justify;\"><strong>Konferans, Kahramanmara\u015f Milletvekili Prof. Dr. Mehmet \u015eahin, Kahramanmara\u015f S\u00fct\u00e7\u00fc \u0130mam \u00dcniversitesi (KS\u00dc) Rekt\u00f6r\u00fc Prof. Dr. Alptekin Yas\u0131m, Rekt\u00f6r Yard\u0131mc\u0131lar\u0131 Prof. Dr. \u0130rfan Ersin Ak\u0131nc\u0131, Prof. Dr. Nuri Kahveci, Prof. Dr. Orhan Do\u011fan, Prof. Dr. Hafize \u00d6ks\u00fcz, Genel Sekreter \u0130brahim Palab\u0131y\u0131k, akademisyenler, siyaset ve sivil toplum temsilcilerinin yo\u011fun kat\u0131l\u0131m\u0131yla ger\u00e7ekle\u015fti.<\/strong><\/p>\n<p style=\"text-align: justify;\"><strong>A\u00e7\u0131l\u0131\u015f konu\u015fmalar\u0131n\u0131 yapmak \u00fczere k\u00fcrs\u00fcye gelen KS\u00dc Rekt\u00f6r\u00fc Prof. Dr. Alptekin Yas\u0131m yapt\u0131\u011f\u0131 konu\u015fmada, \u00fcniversite olarak b\u00f6lgesel ve k\u00fcresel sorunlara akademik perspektiften katk\u0131 sunmaya devam ettiklerini belirterek &#8220;Bu t\u00fcr etkinlikler, hem \u00f6\u011frencilerimiz hem de toplumumuz i\u00e7in ayd\u0131nlat\u0131c\u0131 bir rol oynamaktad\u0131r. KS\u00dc olarak b\u00f6lgesel bar\u0131\u015f ve istikrar\u0131n tesisi i\u00e7in \u00e7al\u0131\u015fmalar\u0131m\u0131z\u0131 s\u00fcrd\u00fcrece\u011fiz&#8221; dedi. Yas\u0131m, ayr\u0131ca \u00fcniversitenin b\u00f6lgesel sorunlara y\u00f6nelik ara\u015ft\u0131rma ve projelerine de de\u011finerek KS\u00dc&#8217;n\u00fcn bu alandaki \u00f6nc\u00fc rol\u00fcn\u00fc vurgulad\u0131.<\/strong><\/p>\n<p style=\"text-align: justify;\"><strong>Orta Do\u011fu&#8217;nun jeopolitik dinamikleri ve Suriye&#8217;deki geli\u015fmeler detayl\u0131 bir \u015fekilde ele al\u0131nd\u0131\u011f\u0131 etkinlikte Prof. Dr. Mehmet \u015eahin, konu\u015fmas\u0131nda b\u00f6lgemizin son y\u0131llarda ya\u015fad\u0131\u011f\u0131 d\u00f6n\u00fc\u015f\u00fcme dikkat \u00e7ekerek &#8220;Suriye&#8217;de devam eden kriz, sadece b\u00f6lge \u00fclkelerini de\u011fil, t\u00fcm d\u00fcnyay\u0131 etkileyen bir insanl\u0131k trajedisine d\u00f6n\u00fc\u015fm\u00fc\u015ft\u00fcr. T\u00fcrkiye olarak hem insani yard\u0131mlar\u0131m\u0131zla hem de diplomatik \u00e7abalar\u0131m\u0131zla bu krizin \u00e7\u00f6z\u00fcm\u00fcne katk\u0131 sunmaya devam ediyoruz.&#8221; dedi.<\/strong><\/p>\n<p style=\"text-align: justify;\"><strong>Yeni Orta Do\u011fu&#8217;nun \u015fekillenmesinde uluslararas\u0131 g\u00fc\u00e7lerin etkisine de de\u011finen \u015eahin, &#8220;B\u00f6lgede kal\u0131c\u0131 bar\u0131\u015f\u0131n sa\u011flanmas\u0131 i\u00e7in yerel dinamiklerin g\u00f6z ard\u0131 edilmemesi gerekiyor. Suriye&#8217;nin gelece\u011fi, Suriyelilerin iradesi do\u011frultusunda belirlenmelidir.&#8221; ifadelerini kulland\u0131.<\/strong><\/p>\n<p style=\"text-align: justify;\"><strong>Konferans\u0131n son b\u00f6l\u00fcm\u00fcnde kat\u0131l\u0131mc\u0131lar\u0131n sorular\u0131n\u0131 yan\u0131tlayan Prof. Dr. Mehmet \u015eahin, T\u00fcrkiye&#8217;nin b\u00f6lgesel politikalar\u0131n\u0131n \u00f6n\u00fcm\u00fczdeki d\u00f6nemde de aktif ve \u00e7\u00f6z\u00fcm odakl\u0131 olaca\u011f\u0131n\u0131 vurgulad\u0131. \u015eahin, &#8220;T\u00fcrkiye, Orta Do\u011fu&#8217;da istikrar\u0131n tesisi i\u00e7in \u00e7aba g\u00f6stermeye devam edecektir&#8221; dedi.<\/strong><\/p>\n<p style=\"text-align: justify;\"><strong>Etkinlik, KS\u00dc Rekt\u00f6r\u00fc Prof. Dr. Alptekin Yas\u0131m\u2019\u0131n, Kahramanmara\u015f Milletvekili Prof. Dr. Mehmet \u015eahin\u2019e te\u015fekk\u00fcr belgesi takdimi akabinde toplu foto\u011fraf \u00e7ekimi ile sona erdi.<\/strong><\/p>\n<p style=\"text-align: justify;\"><img loading=\"lazy\" decoding=\"async\" class=\"alignnone size-full wp-image-18632\" src=\"https:\/\/elbistanhabermerkezi.com\/wp-content\/uploads\/2025\/03\/cc.jpeg\" alt=\"\" width=\"779\" height=\"448\" srcset=\"https:\/\/elbistanhabermerkezi.com\/wp-content\/uploads\/2025\/03\/cc.jpeg 779w, https:\/\/elbistanhabermerkezi.com\/wp-content\/uploads\/2025\/03\/cc-600x345.jpeg 600w, https:\/\/elbistanhabermerkezi.com\/wp-content\/uploads\/2025\/03\/cc-768x442.jpeg 768w, https:\/\/elbistanhabermerkezi.com\/wp-content\/uploads\/2025\/03\/cc-171x98.jpeg 171w, https:\/\/elbistanhabermerkezi.com\/wp-content\/uploads\/2025\/03\/cc-270x155.jpeg 270w, https:\/\/elbistanhabermerkezi.com\/wp-content\/uploads\/2025\/03\/cc-376x216.jpeg 376w\" sizes=\"auto, (max-width: 779px) 100vw, 779px\" \/> <img loading=\"lazy\" decoding=\"async\" class=\"alignnone size-full wp-image-18635\" src=\"https:\/\/elbistanhabermerkezi.com\/wp-content\/uploads\/2025\/03\/v.jpeg\" alt=\"\" width=\"600\" height=\"400\" srcset=\"https:\/\/elbistanhabermerkezi.com\/wp-content\/uploads\/2025\/03\/v.jpeg 600w, https:\/\/elbistanhabermerkezi.com\/wp-content\/uploads\/2025\/03\/v-158x105.jpeg 158w, https:\/\/elbistanhabermerkezi.com\/wp-content\/uploads\/2025\/03\/v-233x155.jpeg 233w, https:\/\/elbistanhabermerkezi.com\/wp-content\/uploads\/2025\/03\/v-332x221.jpeg 332w\" sizes=\"auto, (max-width: 600px) 100vw, 600px\" \/> <img loading=\"lazy\" decoding=\"async\" class=\"alignnone size-full wp-image-18636\" src=\"https:\/\/elbistanhabermerkezi.com\/wp-content\/uploads\/2025\/03\/vv.jpeg\" alt=\"\" width=\"600\" height=\"400\" srcset=\"https:\/\/elbistanhabermerkezi.com\/wp-content\/uploads\/2025\/03\/vv.jpeg 600w, https:\/\/elbistanhabermerkezi.com\/wp-content\/uploads\/2025\/03\/vv-158x105.jpeg 158w, https:\/\/elbistanhabermerkezi.com\/wp-content\/uploads\/2025\/03\/vv-233x155.jpeg 233w, https:\/\/elbistanhabermerkezi.com\/wp-content\/uploads\/2025\/03\/vv-332x221.jpeg 332w\" sizes=\"auto, (max-width: 600px) 100vw, 600px\" \/> <img loading=\"lazy\" decoding=\"async\" class=\"alignnone size-full wp-image-18637\" src=\"https:\/\/elbistanhabermerkezi.com\/wp-content\/uploads\/2025\/03\/vvvv.jpeg\" alt=\"\" width=\"600\" height=\"400\" srcset=\"https:\/\/elbistanhabermerkezi.com\/wp-content\/uploads\/2025\/03\/vvvv.jpeg 600w, https:\/\/elbistanhabermerkezi.com\/wp-content\/uploads\/2025\/03\/vvvv-158x105.jpeg 158w, https:\/\/elbistanhabermerkezi.com\/wp-content\/uploads\/2025\/03\/vvvv-233x155.jpeg 233w, https:\/\/elbistanhabermerkezi.com\/wp-content\/uploads\/2025\/03\/vvvv-332x221.jpeg 332w\" sizes=\"auto, (max-width: 600px) 100vw, 600px\" \/> <img loading=\"lazy\" decoding=\"async\" class=\"alignnone size-full wp-image-18638\" src=\"https:\/\/elbistanhabermerkezi.com\/wp-content\/uploads\/2025\/03\/vvvvv.jpeg\" alt=\"\" width=\"600\" height=\"400\" srcset=\"https:\/\/elbistanhabermerkezi.com\/wp-content\/uploads\/2025\/03\/vvvvv.jpeg 600w, https:\/\/elbistanhabermerkezi.com\/wp-content\/uploads\/2025\/03\/vvvvv-158x105.jpeg 158w, https:\/\/elbistanhabermerkezi.com\/wp-content\/uploads\/2025\/03\/vvvvv-233x155.jpeg 233w, https:\/\/elbistanhabermerkezi.com\/wp-content\/uploads\/2025\/03\/vvvvv-332x221.jpeg 332w\" sizes=\"auto, (max-width: 600px) 100vw, 600px\" \/> <img loading=\"lazy\" decoding=\"async\" class=\"alignnone size-full wp-image-18639\" src=\"https:\/\/elbistanhabermerkezi.com\/wp-content\/uploads\/2025\/03\/vvvvvv.jpeg\" alt=\"\" width=\"600\" height=\"400\" srcset=\"https:\/\/elbistanhabermerkezi.com\/wp-content\/uploads\/2025\/03\/vvvvvv.jpeg 600w, https:\/\/elbistanhabermerkezi.com\/wp-content\/uploads\/2025\/03\/vvvvvv-158x105.jpeg 158w, https:\/\/elbistanhabermerkezi.com\/wp-content\/uploads\/2025\/03\/vvvvvv-233x155.jpeg 233w, https:\/\/elbistanhabermerkezi.com\/wp-content\/uploads\/2025\/03\/vvvvvv-332x221.jpeg 332w\" sizes=\"auto, (max-width: 600px) 100vw, 600px\" \/><\/p>\n","protected":false},"excerpt":{"rendered":"<p>Kahramanmara\u015f Milletvekili ve akademisyen Prof. Dr. Mehmet \u015eahin, d\u00fczenlenen &#8220;Yeni Orta Do\u011fu ve Suriye Konferans\u0131&#8221;nda b\u00f6lgesel geli\u015fmeler, Suriye krizi ve T\u00fcrkiye&#8217;nin b\u00f6lgedeki rol\u00fcne dair \u00f6nemli de\u011ferlendirmelerde bulundu. Konferans, Kahramanmara\u015f Milletvekili Prof. Dr. Mehmet \u015eahin, Kahramanmara\u015f S\u00fct\u00e7\u00fc \u0130mam \u00dcniversitesi (KS\u00dc) Rekt\u00f6r\u00fc Prof. Dr. Alptekin Yas\u0131m, Rekt\u00f6r Yard\u0131mc\u0131lar\u0131 Prof. Dr. \u0130rfan Ersin Ak\u0131nc\u0131, Prof. Dr. Nuri Kahveci, [&hellip;]<\/p>\n","protected":false},"author":1,"featured_media":18633,"comment_status":"open","ping_status":"open","sticky":false,"template":"","format":"standard","meta":{"_jetpack_memberships_contains_paid_content":false,"footnotes":""},"categories":[2,4,8],"tags":[],"class_list":["post-18631","post","type-post","status-publish","format-standard","has-post-thumbnail","hentry","category-3-sayfa","category-dunya","category-gundem"],"jetpack_featured_media_url":"https:\/\/elbistanhabermerkezi.com\/wp-content\/uploads\/2025\/03\/ccc.jpeg","jetpack_sharing_enabled":true,"_links":{"self":[{"href":"https:\/\/elbistanhabermerkezi.com\/index.php\/wp-json\/wp\/v2\/posts\/18631","targetHints":{"allow":["GET"]}}],"collection":[{"href":"https:\/\/elbistanhabermerkezi.com\/index.php\/wp-json\/wp\/v2\/posts"}],"about":[{"href":"https:\/\/elbistanhabermerkezi.com\/index.php\/wp-json\/wp\/v2\/types\/post"}],"author":[{"embeddable":true,"href":"https:\/\/elbistanhabermerkezi.com\/index.php\/wp-json\/wp\/v2\/users\/1"}],"replies":[{"embeddable":true,"href":"https:\/\/elbistanhabermerkezi.com\/index.php\/wp-json\/wp\/v2\/comments?post=18631"}],"version-history":[{"count":1,"href":"https:\/\/elbistanhabermerkezi.com\/index.php\/wp-json\/wp\/v2\/posts\/18631\/revisions"}],"predecessor-version":[{"id":18640,"href":"https:\/\/elbistanhabermerkezi.com\/index.php\/wp-json\/wp\/v2\/posts\/18631\/revisions\/18640"}],"wp:featuredmedia":[{"embeddable":true,"href":"https:\/\/elbistanhabermerkezi.com\/index.php\/wp-json\/wp\/v2\/media\/18633"}],"wp:attachment":[{"href":"https:\/\/elbistanhabermerkezi.com\/index.php\/wp-json\/wp\/v2\/media?parent=18631"}],"wp:term":[{"taxonomy":"category","embeddable":true,"href":"https:\/\/elbistanhabermerkezi.com\/index.php\/wp-json\/wp\/v2\/categories?post=18631"},{"taxonomy":"post_tag","embeddable":true,"href":"https:\/\/elbistanhabermerkezi.com\/index.php\/wp-json\/wp\/v2\/tags?post=18631"}],"curies":[{"name":"wp","href":"https:\/\/api.w.org\/{rel}","templated":true}]}}