{"id":18622,"date":"2025-03-01T10:34:09","date_gmt":"2025-03-01T10:34:09","guid":{"rendered":"https:\/\/elbistanhabermerkezi.com\/?p=18622"},"modified":"2025-03-01T10:34:09","modified_gmt":"2025-03-01T10:34:09","slug":"ksude-sanat-dolu-aksam-keman-ve-piyanonun-buyuleyici-uyumu","status":"publish","type":"post","link":"https:\/\/elbistanhabermerkezi.com\/index.php\/2025\/03\/01\/ksude-sanat-dolu-aksam-keman-ve-piyanonun-buyuleyici-uyumu\/","title":{"rendered":"KS\u00dc\u2019de Sanat Dolu Ak\u015fam: Keman ve Piyanonun B\u00fcy\u00fcleyici Uyumu."},"content":{"rendered":"<p style=\"text-align: justify;\"><img loading=\"lazy\" decoding=\"async\" class=\"alignnone size-full wp-image-15355\" src=\"https:\/\/elbistanhabermerkezi.com\/wp-content\/uploads\/2024\/07\/ALIDOGAN.jpg\" alt=\"\" width=\"302\" height=\"302\" srcset=\"https:\/\/elbistanhabermerkezi.com\/wp-content\/uploads\/2024\/07\/ALIDOGAN.jpg 302w, https:\/\/elbistanhabermerkezi.com\/wp-content\/uploads\/2024\/07\/ALIDOGAN-105x105.jpg 105w, https:\/\/elbistanhabermerkezi.com\/wp-content\/uploads\/2024\/07\/ALIDOGAN-155x155.jpg 155w, https:\/\/elbistanhabermerkezi.com\/wp-content\/uploads\/2024\/07\/ALIDOGAN-221x221.jpg 221w\" sizes=\"auto, (max-width: 302px) 100vw, 302px\" \/><\/p>\n<p style=\"text-align: justify;\">Sanata ve sanat\u00e7\u0131ya verdi\u011fi destekle bilinen KS\u00dc, \u00f6\u011frencilerin k\u00fclt\u00fcrel ve sanatsal etkinlikler d\u00fczenlemesine olanak tan\u0131yarak kamp\u00fcs ya\u015fam\u0131na renk katmaya devam ediyor.<\/p>\n<p style=\"text-align: justify;\">Kahramanmara\u015f S\u00fct\u00e7\u00fc \u0130mam \u00dcniversitesinde (KS\u00dc) sanat dolu bir ak\u015fam ya\u015fand\u0131. A\u00e7\u0131k Sahne \u00d6\u011frenci Toplulu\u011fu taraf\u0131ndan d\u00fczenlenen \u201cKeman ve Piyano Dinletisi\u201d m\u00fczikseverleri b\u00fcy\u00fcledi. Etkinlik, sanatseverler, akademisyenler ve \u00fcniversite \u00f6\u011frencilerden yo\u011fun ilgi g\u00f6rd\u00fc.<\/p>\n<p style=\"text-align: justify;\">KS\u00dc Yunus Emre Kongre ve K\u00fclt\u00fcr Merkezi\u2019nde ger\u00e7ekle\u015fen dinletide, keman sanat\u00e7\u0131s\u0131 Kastamonu \u00dcniversitesi \u00d6\u011fretim \u00dcyesi Prof. Dr. Lale H\u00fcseynova ve piyano ile e\u015flik eden Sivas Cumhuriyet \u00dcniversitesi \u00d6\u011fretim G\u00f6revlisi V\u00fcgar Huseynov sahne ald\u0131. \u00a0Keman ve piyano e\u015fli\u011finde, klasik m\u00fczikten modern eserlere kadar geni\u015f bir repertuvar seslendirildi. Duygusal anlar\u0131n ya\u015fand\u0131\u011f\u0131 etkinlikte, sanatseverler unutulmaz bir gece ge\u00e7irdi.<\/p>\n<p style=\"text-align: justify;\">Etkinlik sonunda, KS\u00dc Rekt\u00f6r\u00fc Prof. Dr. Alptekin Yas\u0131m\u2019\u0131n e\u015fi Fatma Yas\u0131m ve Rekt\u00f6r Yard\u0131mc\u0131s\u0131 ve G\u00fczel Sanatlar Fak\u00fcltesi Dekan\u0131 Prof. Dr. \u0130rfan Ersin Ak\u0131nc\u0131, Prof. Dr. Lale H\u00fcseynova ve \u00d6\u011fretim G\u00f6revlisi V\u00fcgar H\u00fcseynov&#8217;a \u00e7i\u00e7ek ve belge takdiminde bulundu.<\/p>\n<p style=\"text-align: justify;\">Etkinlik, g\u00fcn\u00fcn an\u0131s\u0131na toplu foto\u011fraf \u00e7ekimi ile sona erdi.<\/p>\n<p style=\"text-align: justify;\"><img loading=\"lazy\" decoding=\"async\" class=\"alignnone size-full wp-image-18623\" src=\"https:\/\/elbistanhabermerkezi.com\/wp-content\/uploads\/2025\/03\/1.jpeg\" alt=\"\" width=\"600\" height=\"400\" srcset=\"https:\/\/elbistanhabermerkezi.com\/wp-content\/uploads\/2025\/03\/1.jpeg 600w, https:\/\/elbistanhabermerkezi.com\/wp-content\/uploads\/2025\/03\/1-158x105.jpeg 158w, https:\/\/elbistanhabermerkezi.com\/wp-content\/uploads\/2025\/03\/1-233x155.jpeg 233w, https:\/\/elbistanhabermerkezi.com\/wp-content\/uploads\/2025\/03\/1-332x221.jpeg 332w\" sizes=\"auto, (max-width: 600px) 100vw, 600px\" \/> <img loading=\"lazy\" decoding=\"async\" class=\"alignnone size-full wp-image-18624\" src=\"https:\/\/elbistanhabermerkezi.com\/wp-content\/uploads\/2025\/03\/5.jpeg\" alt=\"\" width=\"600\" height=\"400\" srcset=\"https:\/\/elbistanhabermerkezi.com\/wp-content\/uploads\/2025\/03\/5.jpeg 600w, https:\/\/elbistanhabermerkezi.com\/wp-content\/uploads\/2025\/03\/5-158x105.jpeg 158w, https:\/\/elbistanhabermerkezi.com\/wp-content\/uploads\/2025\/03\/5-233x155.jpeg 233w, https:\/\/elbistanhabermerkezi.com\/wp-content\/uploads\/2025\/03\/5-332x221.jpeg 332w\" sizes=\"auto, (max-width: 600px) 100vw, 600px\" \/> <img loading=\"lazy\" decoding=\"async\" class=\"alignnone size-full wp-image-18625\" src=\"https:\/\/elbistanhabermerkezi.com\/wp-content\/uploads\/2025\/03\/9.jpeg\" alt=\"\" width=\"600\" height=\"400\" srcset=\"https:\/\/elbistanhabermerkezi.com\/wp-content\/uploads\/2025\/03\/9.jpeg 600w, https:\/\/elbistanhabermerkezi.com\/wp-content\/uploads\/2025\/03\/9-158x105.jpeg 158w, https:\/\/elbistanhabermerkezi.com\/wp-content\/uploads\/2025\/03\/9-233x155.jpeg 233w, https:\/\/elbistanhabermerkezi.com\/wp-content\/uploads\/2025\/03\/9-332x221.jpeg 332w\" sizes=\"auto, (max-width: 600px) 100vw, 600px\" \/> <img loading=\"lazy\" decoding=\"async\" class=\"alignnone size-full wp-image-18626\" src=\"https:\/\/elbistanhabermerkezi.com\/wp-content\/uploads\/2025\/03\/11.jpeg\" alt=\"\" width=\"600\" height=\"400\" srcset=\"https:\/\/elbistanhabermerkezi.com\/wp-content\/uploads\/2025\/03\/11.jpeg 600w, https:\/\/elbistanhabermerkezi.com\/wp-content\/uploads\/2025\/03\/11-158x105.jpeg 158w, https:\/\/elbistanhabermerkezi.com\/wp-content\/uploads\/2025\/03\/11-233x155.jpeg 233w, https:\/\/elbistanhabermerkezi.com\/wp-content\/uploads\/2025\/03\/11-332x221.jpeg 332w\" sizes=\"auto, (max-width: 600px) 100vw, 600px\" \/> <img loading=\"lazy\" decoding=\"async\" class=\"alignnone size-full wp-image-18627\" src=\"https:\/\/elbistanhabermerkezi.com\/wp-content\/uploads\/2025\/03\/13y.jpeg\" alt=\"\" width=\"779\" height=\"448\" srcset=\"https:\/\/elbistanhabermerkezi.com\/wp-content\/uploads\/2025\/03\/13y.jpeg 779w, https:\/\/elbistanhabermerkezi.com\/wp-content\/uploads\/2025\/03\/13y-600x345.jpeg 600w, https:\/\/elbistanhabermerkezi.com\/wp-content\/uploads\/2025\/03\/13y-768x442.jpeg 768w, https:\/\/elbistanhabermerkezi.com\/wp-content\/uploads\/2025\/03\/13y-171x98.jpeg 171w, https:\/\/elbistanhabermerkezi.com\/wp-content\/uploads\/2025\/03\/13y-270x155.jpeg 270w, https:\/\/elbistanhabermerkezi.com\/wp-content\/uploads\/2025\/03\/13y-376x216.jpeg 376w\" sizes=\"auto, (max-width: 779px) 100vw, 779px\" \/><\/p>\n","protected":false},"excerpt":{"rendered":"<p>Sanata ve sanat\u00e7\u0131ya verdi\u011fi destekle bilinen KS\u00dc, \u00f6\u011frencilerin k\u00fclt\u00fcrel ve sanatsal etkinlikler d\u00fczenlemesine olanak tan\u0131yarak kamp\u00fcs ya\u015fam\u0131na renk katmaya devam ediyor. Kahramanmara\u015f S\u00fct\u00e7\u00fc \u0130mam \u00dcniversitesinde (KS\u00dc) sanat dolu bir ak\u015fam ya\u015fand\u0131. A\u00e7\u0131k Sahne \u00d6\u011frenci Toplulu\u011fu taraf\u0131ndan d\u00fczenlenen \u201cKeman ve Piyano Dinletisi\u201d m\u00fczikseverleri b\u00fcy\u00fcledi. Etkinlik, sanatseverler, akademisyenler ve \u00fcniversite \u00f6\u011frencilerden yo\u011fun ilgi g\u00f6rd\u00fc. KS\u00dc Yunus Emre [&hellip;]<\/p>\n","protected":false},"author":1,"featured_media":18628,"comment_status":"open","ping_status":"open","sticky":false,"template":"","format":"standard","meta":{"_jetpack_memberships_contains_paid_content":false,"footnotes":""},"categories":[2,8],"tags":[],"class_list":["post-18622","post","type-post","status-publish","format-standard","has-post-thumbnail","hentry","category-3-sayfa","category-gundem"],"jetpack_featured_media_url":"https:\/\/elbistanhabermerkezi.com\/wp-content\/uploads\/2025\/03\/13yu.jpeg","jetpack_sharing_enabled":true,"_links":{"self":[{"href":"https:\/\/elbistanhabermerkezi.com\/index.php\/wp-json\/wp\/v2\/posts\/18622","targetHints":{"allow":["GET"]}}],"collection":[{"href":"https:\/\/elbistanhabermerkezi.com\/index.php\/wp-json\/wp\/v2\/posts"}],"about":[{"href":"https:\/\/elbistanhabermerkezi.com\/index.php\/wp-json\/wp\/v2\/types\/post"}],"author":[{"embeddable":true,"href":"https:\/\/elbistanhabermerkezi.com\/index.php\/wp-json\/wp\/v2\/users\/1"}],"replies":[{"embeddable":true,"href":"https:\/\/elbistanhabermerkezi.com\/index.php\/wp-json\/wp\/v2\/comments?post=18622"}],"version-history":[{"count":1,"href":"https:\/\/elbistanhabermerkezi.com\/index.php\/wp-json\/wp\/v2\/posts\/18622\/revisions"}],"predecessor-version":[{"id":18630,"href":"https:\/\/elbistanhabermerkezi.com\/index.php\/wp-json\/wp\/v2\/posts\/18622\/revisions\/18630"}],"wp:featuredmedia":[{"embeddable":true,"href":"https:\/\/elbistanhabermerkezi.com\/index.php\/wp-json\/wp\/v2\/media\/18628"}],"wp:attachment":[{"href":"https:\/\/elbistanhabermerkezi.com\/index.php\/wp-json\/wp\/v2\/media?parent=18622"}],"wp:term":[{"taxonomy":"category","embeddable":true,"href":"https:\/\/elbistanhabermerkezi.com\/index.php\/wp-json\/wp\/v2\/categories?post=18622"},{"taxonomy":"post_tag","embeddable":true,"href":"https:\/\/elbistanhabermerkezi.com\/index.php\/wp-json\/wp\/v2\/tags?post=18622"}],"curies":[{"name":"wp","href":"https:\/\/api.w.org\/{rel}","templated":true}]}}