{"id":18460,"date":"2025-02-13T15:40:01","date_gmt":"2025-02-13T15:40:01","guid":{"rendered":"https:\/\/elbistanhabermerkezi.com\/?p=18460"},"modified":"2025-02-13T15:40:01","modified_gmt":"2025-02-13T15:40:01","slug":"buyuksehir-ilceler-ve-kirsalda-karla-mucadelesini-surduruyor","status":"publish","type":"post","link":"https:\/\/elbistanhabermerkezi.com\/index.php\/2025\/02\/13\/buyuksehir-ilceler-ve-kirsalda-karla-mucadelesini-surduruyor\/","title":{"rendered":"B\u00fcy\u00fck\u015fehir \u0130l\u00e7eler ve K\u0131rsalda Karla M\u00fccadelesini S\u00fcrd\u00fcr\u00fcyor."},"content":{"rendered":"<p style=\"text-align: justify;\"><img loading=\"lazy\" decoding=\"async\" class=\"alignnone size-full wp-image-15355\" src=\"https:\/\/elbistanhabermerkezi.com\/wp-content\/uploads\/2024\/07\/ALIDOGAN.jpg\" alt=\"\" width=\"302\" height=\"302\" srcset=\"https:\/\/elbistanhabermerkezi.com\/wp-content\/uploads\/2024\/07\/ALIDOGAN.jpg 302w, https:\/\/elbistanhabermerkezi.com\/wp-content\/uploads\/2024\/07\/ALIDOGAN-105x105.jpg 105w, https:\/\/elbistanhabermerkezi.com\/wp-content\/uploads\/2024\/07\/ALIDOGAN-155x155.jpg 155w, https:\/\/elbistanhabermerkezi.com\/wp-content\/uploads\/2024\/07\/ALIDOGAN-221x221.jpg 221w\" sizes=\"auto, (max-width: 302px) 100vw, 302px\" \/><\/p>\n<p style=\"text-align: justify;\"><strong>B\u00fcy\u00fck\u015fehir Belediyesi; Oniki\u015fubat, And\u0131r\u0131n, \u00c7a\u011flayancerit ve G\u00f6ksun k\u0131rsal\u0131nda kar ya\u011f\u0131\u015f\u0131n\u0131n ula\u015f\u0131m\u0131 olumsuz etkilememesi i\u00e7in yol a\u00e7ma \u00e7al\u0131\u015fmalar\u0131n\u0131 gece g\u00fcnd\u00fcz s\u00fcrd\u00fcr\u00fcyor.<\/strong><\/p>\n<p style=\"text-align: justify;\">\n<p style=\"text-align: justify;\">Kahramanmara\u015f B\u00fcy\u00fck\u015fehir Belediyesi, \u015fehrin y\u00fcksek kesimleri ve k\u0131rsal mahallelerde etkisini yeniden art\u0131ran k\u0131\u015f \u015fartlar\u0131yla m\u00fccadelede \u00e7al\u0131\u015fmalar\u0131na kesintisiz devam ediyor. Kar ya\u011f\u0131\u015f\u0131n\u0131n ula\u015f\u0131m\u0131 olumsuz etkilememesi i\u00e7in sahada yo\u011fun mesai harcayan ekipler, yollar\u0131 a\u00e7\u0131k tutarak vatanda\u015flar\u0131n g\u00fcnl\u00fck ya\u015fam\u0131n\u0131 aksatmadan s\u00fcrd\u00fcrmesini sa\u011fl\u0131yor. Yol Yap\u0131m, Bak\u0131m ve Onar\u0131m Dairesi Ba\u015fkanl\u0131\u011f\u0131 koordinesindeki ekipler, \u00f6zellikle Oniki\u015fubat, And\u0131r\u0131n, \u00c7a\u011flayancerit ve G\u00f6ksun il\u00e7elerinin k\u0131rsal mahallelerinde kar k\u00fcreme ve tuzlama \u00e7al\u0131\u015fmalar\u0131n\u0131 gece g\u00fcnd\u00fcz aral\u0131ks\u0131z s\u00fcrd\u00fcr\u00fcyor. \u00d6zellikle y\u00fcksek rak\u0131ml\u0131 b\u00f6lgelerde yo\u011funla\u015fan kar ya\u011f\u0131\u015f\u0131 nedeniyle yollar\u0131n kapanmamas\u0131 i\u00e7in ekipler, rotasyonlu vardiyalarla 7\/24 g\u00f6rev yap\u0131yor.<\/p>\n<p style=\"text-align: justify;\">\n<p style=\"text-align: justify;\"><strong>Vatanda\u015flardan Gelen Talepler An\u0131nda Yan\u0131tlan\u0131yor<\/strong><\/p>\n<p style=\"text-align: justify;\">B\u00fcy\u00fck\u015fehir Belediyesi, sadece ana arterlerde de\u011fil, k\u0131rsal mahallelerdeki yollar\u0131n da ula\u015f\u0131ma a\u00e7\u0131k kalmas\u0131 i\u00e7in yo\u011fun bir \u00e7aba sarf ediyor. Vatanda\u015flardan gelen ihbar ve talepler an\u0131nda de\u011ferlendirilerek en k\u0131sa s\u00fcrede m\u00fcdahale ediliyor. Ekipler, i\u015f makineleri ve kar k\u00fcreme ara\u00e7lar\u0131yla \u00f6zellikle hastane, okul ve toplu ta\u015f\u0131ma g\u00fczerg\u00e2hlar\u0131n\u0131 \u00f6ncelikli olarak temizleyerek olas\u0131 ma\u011fduriyetlerin \u00f6n\u00fcne ge\u00e7iyor. B\u00fcy\u00fck\u015fehir Belediyesi taraf\u0131ndan yap\u0131lan a\u00e7\u0131klamada, k\u0131\u015f \u015fartlar\u0131n\u0131n olumsuz etkilerini en aza indirmek ve vatanda\u015flar\u0131n g\u00fcvenli ula\u015f\u0131m\u0131n\u0131 sa\u011flamak amac\u0131yla k\u0131\u015f boyunca teyakkuz halinde olunaca\u011f\u0131\u00a0belirtildi.<\/p>\n<p style=\"text-align: justify;\"><img loading=\"lazy\" decoding=\"async\" class=\"alignnone size-full wp-image-18461\" src=\"https:\/\/elbistanhabermerkezi.com\/wp-content\/uploads\/2025\/02\/Kar-Kureme-1.jpg\" alt=\"\" width=\"600\" height=\"338\" srcset=\"https:\/\/elbistanhabermerkezi.com\/wp-content\/uploads\/2025\/02\/Kar-Kureme-1.jpg 600w, https:\/\/elbistanhabermerkezi.com\/wp-content\/uploads\/2025\/02\/Kar-Kureme-1-171x96.jpg 171w, https:\/\/elbistanhabermerkezi.com\/wp-content\/uploads\/2025\/02\/Kar-Kureme-1-275x155.jpg 275w, https:\/\/elbistanhabermerkezi.com\/wp-content\/uploads\/2025\/02\/Kar-Kureme-1-376x212.jpg 376w\" sizes=\"auto, (max-width: 600px) 100vw, 600px\" \/> <img loading=\"lazy\" decoding=\"async\" class=\"alignnone size-full wp-image-18462\" src=\"https:\/\/elbistanhabermerkezi.com\/wp-content\/uploads\/2025\/02\/Kar-Kureme-3.jpg\" alt=\"\" width=\"600\" height=\"338\" srcset=\"https:\/\/elbistanhabermerkezi.com\/wp-content\/uploads\/2025\/02\/Kar-Kureme-3.jpg 600w, https:\/\/elbistanhabermerkezi.com\/wp-content\/uploads\/2025\/02\/Kar-Kureme-3-171x96.jpg 171w, https:\/\/elbistanhabermerkezi.com\/wp-content\/uploads\/2025\/02\/Kar-Kureme-3-275x155.jpg 275w, https:\/\/elbistanhabermerkezi.com\/wp-content\/uploads\/2025\/02\/Kar-Kureme-3-376x212.jpg 376w\" sizes=\"auto, (max-width: 600px) 100vw, 600px\" \/> <img loading=\"lazy\" decoding=\"async\" class=\"alignnone size-full wp-image-18463\" src=\"https:\/\/elbistanhabermerkezi.com\/wp-content\/uploads\/2025\/02\/Kar-Kureme-4.jpg\" alt=\"\" width=\"600\" height=\"338\" srcset=\"https:\/\/elbistanhabermerkezi.com\/wp-content\/uploads\/2025\/02\/Kar-Kureme-4.jpg 600w, https:\/\/elbistanhabermerkezi.com\/wp-content\/uploads\/2025\/02\/Kar-Kureme-4-171x96.jpg 171w, https:\/\/elbistanhabermerkezi.com\/wp-content\/uploads\/2025\/02\/Kar-Kureme-4-275x155.jpg 275w, https:\/\/elbistanhabermerkezi.com\/wp-content\/uploads\/2025\/02\/Kar-Kureme-4-376x212.jpg 376w\" sizes=\"auto, (max-width: 600px) 100vw, 600px\" \/> <img loading=\"lazy\" decoding=\"async\" class=\"alignnone size-full wp-image-18464\" src=\"https:\/\/elbistanhabermerkezi.com\/wp-content\/uploads\/2025\/02\/Kar-Kureme-5.jpg\" alt=\"\" width=\"779\" height=\"448\" srcset=\"https:\/\/elbistanhabermerkezi.com\/wp-content\/uploads\/2025\/02\/Kar-Kureme-5.jpg 779w, https:\/\/elbistanhabermerkezi.com\/wp-content\/uploads\/2025\/02\/Kar-Kureme-5-600x345.jpg 600w, https:\/\/elbistanhabermerkezi.com\/wp-content\/uploads\/2025\/02\/Kar-Kureme-5-768x442.jpg 768w, https:\/\/elbistanhabermerkezi.com\/wp-content\/uploads\/2025\/02\/Kar-Kureme-5-171x98.jpg 171w, https:\/\/elbistanhabermerkezi.com\/wp-content\/uploads\/2025\/02\/Kar-Kureme-5-270x155.jpg 270w, https:\/\/elbistanhabermerkezi.com\/wp-content\/uploads\/2025\/02\/Kar-Kureme-5-376x216.jpg 376w\" sizes=\"auto, (max-width: 779px) 100vw, 779px\" \/><\/p>\n","protected":false},"excerpt":{"rendered":"<p>B\u00fcy\u00fck\u015fehir Belediyesi; Oniki\u015fubat, And\u0131r\u0131n, \u00c7a\u011flayancerit ve G\u00f6ksun k\u0131rsal\u0131nda kar ya\u011f\u0131\u015f\u0131n\u0131n ula\u015f\u0131m\u0131 olumsuz etkilememesi i\u00e7in yol a\u00e7ma \u00e7al\u0131\u015fmalar\u0131n\u0131 gece g\u00fcnd\u00fcz s\u00fcrd\u00fcr\u00fcyor. Kahramanmara\u015f B\u00fcy\u00fck\u015fehir Belediyesi, \u015fehrin y\u00fcksek kesimleri ve k\u0131rsal mahallelerde etkisini yeniden art\u0131ran k\u0131\u015f \u015fartlar\u0131yla m\u00fccadelede \u00e7al\u0131\u015fmalar\u0131na kesintisiz devam ediyor. Kar ya\u011f\u0131\u015f\u0131n\u0131n ula\u015f\u0131m\u0131 olumsuz etkilememesi i\u00e7in sahada yo\u011fun mesai harcayan ekipler, yollar\u0131 a\u00e7\u0131k tutarak vatanda\u015flar\u0131n g\u00fcnl\u00fck [&hellip;]<\/p>\n","protected":false},"author":1,"featured_media":18465,"comment_status":"open","ping_status":"open","sticky":false,"template":"","format":"standard","meta":{"_jetpack_memberships_contains_paid_content":false,"footnotes":""},"categories":[2,8],"tags":[],"class_list":["post-18460","post","type-post","status-publish","format-standard","has-post-thumbnail","hentry","category-3-sayfa","category-gundem"],"jetpack_featured_media_url":"https:\/\/elbistanhabermerkezi.com\/wp-content\/uploads\/2025\/02\/Kar-Kureme-5ip.jpg","jetpack_sharing_enabled":true,"_links":{"self":[{"href":"https:\/\/elbistanhabermerkezi.com\/index.php\/wp-json\/wp\/v2\/posts\/18460","targetHints":{"allow":["GET"]}}],"collection":[{"href":"https:\/\/elbistanhabermerkezi.com\/index.php\/wp-json\/wp\/v2\/posts"}],"about":[{"href":"https:\/\/elbistanhabermerkezi.com\/index.php\/wp-json\/wp\/v2\/types\/post"}],"author":[{"embeddable":true,"href":"https:\/\/elbistanhabermerkezi.com\/index.php\/wp-json\/wp\/v2\/users\/1"}],"replies":[{"embeddable":true,"href":"https:\/\/elbistanhabermerkezi.com\/index.php\/wp-json\/wp\/v2\/comments?post=18460"}],"version-history":[{"count":1,"href":"https:\/\/elbistanhabermerkezi.com\/index.php\/wp-json\/wp\/v2\/posts\/18460\/revisions"}],"predecessor-version":[{"id":18467,"href":"https:\/\/elbistanhabermerkezi.com\/index.php\/wp-json\/wp\/v2\/posts\/18460\/revisions\/18467"}],"wp:featuredmedia":[{"embeddable":true,"href":"https:\/\/elbistanhabermerkezi.com\/index.php\/wp-json\/wp\/v2\/media\/18465"}],"wp:attachment":[{"href":"https:\/\/elbistanhabermerkezi.com\/index.php\/wp-json\/wp\/v2\/media?parent=18460"}],"wp:term":[{"taxonomy":"category","embeddable":true,"href":"https:\/\/elbistanhabermerkezi.com\/index.php\/wp-json\/wp\/v2\/categories?post=18460"},{"taxonomy":"post_tag","embeddable":true,"href":"https:\/\/elbistanhabermerkezi.com\/index.php\/wp-json\/wp\/v2\/tags?post=18460"}],"curies":[{"name":"wp","href":"https:\/\/api.w.org\/{rel}","templated":true}]}}