{"id":18397,"date":"2025-02-10T13:06:03","date_gmt":"2025-02-10T13:06:03","guid":{"rendered":"https:\/\/elbistanhabermerkezi.com\/?p=18397"},"modified":"2025-02-10T13:06:03","modified_gmt":"2025-02-10T13:06:03","slug":"kurtulusun-105-yilinda-davullar-yeniden-caliyor","status":"publish","type":"post","link":"https:\/\/elbistanhabermerkezi.com\/index.php\/2025\/02\/10\/kurtulusun-105-yilinda-davullar-yeniden-caliyor\/","title":{"rendered":"Kurtulu\u015f\u2019un 105 Y\u0131l\u0131nda Davullar Yeniden \u00c7al\u0131yor."},"content":{"rendered":"<p style=\"text-align: justify;\"><img loading=\"lazy\" decoding=\"async\" class=\"alignnone size-full wp-image-15355\" src=\"https:\/\/elbistanhabermerkezi.com\/wp-content\/uploads\/2024\/07\/ALIDOGAN.jpg\" alt=\"\" width=\"302\" height=\"302\" srcset=\"https:\/\/elbistanhabermerkezi.com\/wp-content\/uploads\/2024\/07\/ALIDOGAN.jpg 302w, https:\/\/elbistanhabermerkezi.com\/wp-content\/uploads\/2024\/07\/ALIDOGAN-105x105.jpg 105w, https:\/\/elbistanhabermerkezi.com\/wp-content\/uploads\/2024\/07\/ALIDOGAN-155x155.jpg 155w, https:\/\/elbistanhabermerkezi.com\/wp-content\/uploads\/2024\/07\/ALIDOGAN-221x221.jpg 221w\" sizes=\"auto, (max-width: 302px) 100vw, 302px\" \/><\/p>\n<p style=\"text-align: justify;\"><em>Abdal Halil A\u011fa\u2019n\u0131n Torunlar\u0131 Gelene\u011fi Ya\u015fat\u0131yor<\/em><\/p>\n<p style=\"text-align: justify;\"><strong>Kurtulu\u015f\u2019un 105 Y\u0131l\u0131nda Davullar Yeniden \u00c7al\u0131yor.<\/strong><\/p>\n<p style=\"text-align: justify;\"><strong>Ge\u00e7ti\u011fimiz y\u0131l asr\u0131n felaketinin ac\u0131s\u0131 nedeniyle 104 y\u0131l aradan sonra ilk kez davullar\u0131n\u0131 susturan Abdal Halil A\u011fa\u2019n\u0131n torunlar\u0131, bu y\u0131l Kurtulu\u015f Bayram\u0131 kutlamalar\u0131nda yeniden sahne alarak k\u00fclt\u00fcrel miras\u0131 ya\u015fatmaya devam edecek.<\/strong><\/p>\n<p style=\"text-align: justify;\">\n<p style=\"text-align: justify;\">Milli M\u00fccadele y\u0131llar\u0131nda d\u00fc\u015fmana kar\u015f\u0131 verdi\u011fi onurlu direni\u015f ve \u201cG\u00f6nderdi\u011fim davullar\u0131n kasna\u011f\u0131n\u0131 alt\u0131nla dolduracak olsan\u0131z bile yine de bir tek davul g\u00f6ndermem! Bu bir din bahsidir, din karde\u015flerimin ba\u011fr\u0131na \u00e7oma\u011f\u0131m\u0131 vuramam!\u201d s\u00f6zleriyle haf\u0131zalara kaz\u0131nan Abdal Halil A\u011fa\u2019n\u0131n torunlar\u0131, ayn\u0131 bilin\u00e7 ve ruhla bu k\u00fclt\u00fcr\u00fc ya\u015fatmaya devam ediyor. Ge\u00e7ti\u011fimiz y\u0131l, asr\u0131n felaketi olarak nitelendirilen depremin ac\u0131s\u0131 nedeniyle 104 y\u0131l aradan sonra ilk kez davullar\u0131n\u0131 susturan Abdal Halil A\u011fa\u2019n\u0131n torunlar\u0131, bu y\u0131l tekrar sahne alarak k\u00fclt\u00fcrel miraslar\u0131n\u0131 ya\u015fatma kararl\u0131l\u0131klar\u0131n\u0131 ortaya koydu.<\/p>\n<p style=\"text-align: justify;\">\n<p style=\"text-align: justify;\"><strong>\u201cK\u00fclt\u00fcrel Miras\u0131m\u0131z\u0131 Ya\u015fatma Kararl\u0131l\u0131\u011f\u0131m\u0131z\u0131 Yineliyoruz\u201d<\/strong><\/p>\n<p style=\"text-align: justify;\">Milli \u0130rade Meydan\u0131\u2019nda d\u00fczenlenen programda a\u00e7\u0131klamalarda bulunan davul zurna ekibi, ya\u015fanan b\u00fcy\u00fck felaketin ac\u0131s\u0131na ra\u011fmen geleneklerini s\u00fcrd\u00fcrme azmiyle hareket ettiklerini belirtti. A\u00e7\u0131klamada, \u201cGe\u00e7ti\u011fimiz y\u0131l, ya\u015fad\u0131\u011f\u0131m\u0131z b\u00fcy\u00fck felaketinin ac\u0131s\u0131 sebebiyle 104 y\u0131l sonra davullar\u0131m\u0131z\u0131 susturmu\u015ftuk. Deprem \u015fehitlerimizi bir kez daha rahmetle an\u0131yoruz. Bu y\u0131l, Abdal Halil A\u011fa\u2019n\u0131n torunlar\u0131 olarak tokma\u011f\u0131m\u0131z\u0131 yeniden kald\u0131r\u0131yor, as\u0131rlard\u0131r s\u00fcregelen k\u00fclt\u00fcrel miras\u0131m\u0131z\u0131 ya\u015fatma kararl\u0131l\u0131\u011f\u0131m\u0131z\u0131 yineliyoruz\u201d ifadelerine yer verildi.<\/p>\n<p style=\"text-align: justify;\">\n<p style=\"text-align: justify;\"><strong>\u201cDavul, Direni\u015f ve Ba\u011f\u0131ms\u0131zl\u0131\u011f\u0131n Simgelerinden Biridir\u201d<\/strong><\/p>\n<p style=\"text-align: justify;\">A\u00e7\u0131klamalar\u0131n devam\u0131nda, \u201cDavul, bizim i\u00e7in sadece bir \u00e7alg\u0131 de\u011fil; direni\u015f ve ba\u011f\u0131ms\u0131zl\u0131\u011f\u0131m\u0131z\u0131n simgelerinden biridir. Abdal Halil A\u011fa, 105 y\u0131l \u00f6nce d\u00fc\u015fmana, \u2018G\u00f6nderdi\u011fim davullar\u0131n kasna\u011f\u0131n\u0131 alt\u0131nla dolduracak olsan\u0131z bile yine de bir tek davul g\u00f6ndermem! Bu bir din bahsidir, din karde\u015flerimin ba\u011fr\u0131na \u00e7oma\u011f\u0131m\u0131 vuramam!\u2019 diyerek direni\u015f g\u00f6stermi\u015ftir. Bizler de Abdal Halil A\u011fa\u2019n\u0131n torunlar\u0131 olarak, ayn\u0131 bilin\u00e7 ve inan\u00e7la k\u00fclt\u00fcr\u00fcm\u00fcz\u00fc sahiplenmeye ve ya\u015fatmaya devam edece\u011fiz. Bu do\u011frultuda, \u015fehrimizin kurtulu\u015funun 105. y\u0131l d\u00f6n\u00fcm\u00fcnde, ge\u00e7mi\u015fimizin miras\u0131n\u0131 gelece\u011fe ta\u015f\u0131mak ad\u0131na davullar\u0131m\u0131z\u0131 yeniden \u00e7ald\u0131raca\u011f\u0131z. Atalar\u0131m\u0131z\u0131n emaneti olan bu de\u011ferli k\u00fclt\u00fcrel miras\u0131 ya\u015fatarak, gelecek nesillere aktarma sorumlulu\u011fumuzu yerine getirmeye devam edece\u011fiz. Dedemiz Abdal Halil A\u011fa ve t\u00fcm \u015fehitlerimize rahmet olsun. Kahramanmara\u015f\u2019\u0131n kurtulu\u015funun 105. y\u0131l\u0131 kutlu olsun\u201d c\u00fcmleleri kaydedildi.<\/p>\n<p style=\"text-align: justify;\"><img loading=\"lazy\" decoding=\"async\" class=\"alignnone size-full wp-image-18398\" src=\"https:\/\/elbistanhabermerkezi.com\/wp-content\/uploads\/2025\/02\/Davul-Zurna-Gosterisi-1.jpg\" alt=\"\" width=\"600\" height=\"338\" srcset=\"https:\/\/elbistanhabermerkezi.com\/wp-content\/uploads\/2025\/02\/Davul-Zurna-Gosterisi-1.jpg 600w, https:\/\/elbistanhabermerkezi.com\/wp-content\/uploads\/2025\/02\/Davul-Zurna-Gosterisi-1-171x96.jpg 171w, https:\/\/elbistanhabermerkezi.com\/wp-content\/uploads\/2025\/02\/Davul-Zurna-Gosterisi-1-275x155.jpg 275w, https:\/\/elbistanhabermerkezi.com\/wp-content\/uploads\/2025\/02\/Davul-Zurna-Gosterisi-1-376x212.jpg 376w\" sizes=\"auto, (max-width: 600px) 100vw, 600px\" \/> <img loading=\"lazy\" decoding=\"async\" class=\"alignnone size-full wp-image-18402\" src=\"https:\/\/elbistanhabermerkezi.com\/wp-content\/uploads\/2025\/02\/Davul-Zurna-Gosterisi-2.jpg\" alt=\"\" width=\"600\" height=\"338\" srcset=\"https:\/\/elbistanhabermerkezi.com\/wp-content\/uploads\/2025\/02\/Davul-Zurna-Gosterisi-2.jpg 600w, https:\/\/elbistanhabermerkezi.com\/wp-content\/uploads\/2025\/02\/Davul-Zurna-Gosterisi-2-171x96.jpg 171w, https:\/\/elbistanhabermerkezi.com\/wp-content\/uploads\/2025\/02\/Davul-Zurna-Gosterisi-2-275x155.jpg 275w, https:\/\/elbistanhabermerkezi.com\/wp-content\/uploads\/2025\/02\/Davul-Zurna-Gosterisi-2-376x212.jpg 376w\" sizes=\"auto, (max-width: 600px) 100vw, 600px\" \/> <img loading=\"lazy\" decoding=\"async\" class=\"alignnone size-full wp-image-18403\" src=\"https:\/\/elbistanhabermerkezi.com\/wp-content\/uploads\/2025\/02\/Davul-Zurna-Gosterisi-3.jpg\" alt=\"\" width=\"600\" height=\"338\" srcset=\"https:\/\/elbistanhabermerkezi.com\/wp-content\/uploads\/2025\/02\/Davul-Zurna-Gosterisi-3.jpg 600w, https:\/\/elbistanhabermerkezi.com\/wp-content\/uploads\/2025\/02\/Davul-Zurna-Gosterisi-3-171x96.jpg 171w, https:\/\/elbistanhabermerkezi.com\/wp-content\/uploads\/2025\/02\/Davul-Zurna-Gosterisi-3-275x155.jpg 275w, https:\/\/elbistanhabermerkezi.com\/wp-content\/uploads\/2025\/02\/Davul-Zurna-Gosterisi-3-376x212.jpg 376w\" sizes=\"auto, (max-width: 600px) 100vw, 600px\" \/><\/p>\n","protected":false},"excerpt":{"rendered":"<p>Abdal Halil A\u011fa\u2019n\u0131n Torunlar\u0131 Gelene\u011fi Ya\u015fat\u0131yor Kurtulu\u015f\u2019un 105 Y\u0131l\u0131nda Davullar Yeniden \u00c7al\u0131yor. Ge\u00e7ti\u011fimiz y\u0131l asr\u0131n felaketinin ac\u0131s\u0131 nedeniyle 104 y\u0131l aradan sonra ilk kez davullar\u0131n\u0131 susturan Abdal Halil A\u011fa\u2019n\u0131n torunlar\u0131, bu y\u0131l Kurtulu\u015f Bayram\u0131 kutlamalar\u0131nda yeniden sahne alarak k\u00fclt\u00fcrel miras\u0131 ya\u015fatmaya devam edecek. Milli M\u00fccadele y\u0131llar\u0131nda d\u00fc\u015fmana kar\u015f\u0131 verdi\u011fi onurlu direni\u015f ve \u201cG\u00f6nderdi\u011fim davullar\u0131n kasna\u011f\u0131n\u0131 [&hellip;]<\/p>\n","protected":false},"author":1,"featured_media":18400,"comment_status":"open","ping_status":"open","sticky":false,"template":"","format":"standard","meta":{"_jetpack_memberships_contains_paid_content":false,"footnotes":""},"categories":[2,8],"tags":[],"class_list":["post-18397","post","type-post","status-publish","format-standard","has-post-thumbnail","hentry","category-3-sayfa","category-gundem"],"jetpack_featured_media_url":"https:\/\/elbistanhabermerkezi.com\/wp-content\/uploads\/2025\/02\/Davul-Zurna-Gosterisi-1uiouo.jpg","jetpack_sharing_enabled":true,"_links":{"self":[{"href":"https:\/\/elbistanhabermerkezi.com\/index.php\/wp-json\/wp\/v2\/posts\/18397","targetHints":{"allow":["GET"]}}],"collection":[{"href":"https:\/\/elbistanhabermerkezi.com\/index.php\/wp-json\/wp\/v2\/posts"}],"about":[{"href":"https:\/\/elbistanhabermerkezi.com\/index.php\/wp-json\/wp\/v2\/types\/post"}],"author":[{"embeddable":true,"href":"https:\/\/elbistanhabermerkezi.com\/index.php\/wp-json\/wp\/v2\/users\/1"}],"replies":[{"embeddable":true,"href":"https:\/\/elbistanhabermerkezi.com\/index.php\/wp-json\/wp\/v2\/comments?post=18397"}],"version-history":[{"count":1,"href":"https:\/\/elbistanhabermerkezi.com\/index.php\/wp-json\/wp\/v2\/posts\/18397\/revisions"}],"predecessor-version":[{"id":18404,"href":"https:\/\/elbistanhabermerkezi.com\/index.php\/wp-json\/wp\/v2\/posts\/18397\/revisions\/18404"}],"wp:featuredmedia":[{"embeddable":true,"href":"https:\/\/elbistanhabermerkezi.com\/index.php\/wp-json\/wp\/v2\/media\/18400"}],"wp:attachment":[{"href":"https:\/\/elbistanhabermerkezi.com\/index.php\/wp-json\/wp\/v2\/media?parent=18397"}],"wp:term":[{"taxonomy":"category","embeddable":true,"href":"https:\/\/elbistanhabermerkezi.com\/index.php\/wp-json\/wp\/v2\/categories?post=18397"},{"taxonomy":"post_tag","embeddable":true,"href":"https:\/\/elbistanhabermerkezi.com\/index.php\/wp-json\/wp\/v2\/tags?post=18397"}],"curies":[{"name":"wp","href":"https:\/\/api.w.org\/{rel}","templated":true}]}}