{"id":18389,"date":"2025-02-10T12:57:52","date_gmt":"2025-02-10T12:57:52","guid":{"rendered":"https:\/\/elbistanhabermerkezi.com\/?p=18389"},"modified":"2025-02-10T12:57:52","modified_gmt":"2025-02-10T12:57:52","slug":"buyuksehirden-vektor-zararlilara-kis-baskini","status":"publish","type":"post","link":"https:\/\/elbistanhabermerkezi.com\/index.php\/2025\/02\/10\/buyuksehirden-vektor-zararlilara-kis-baskini\/","title":{"rendered":"B\u00fcy\u00fck\u015fehir\u2019den Vekt\u00f6r Zararl\u0131lara K\u0131\u015f Bask\u0131n\u0131."},"content":{"rendered":"<p style=\"text-align: justify;\"><img loading=\"lazy\" decoding=\"async\" class=\"alignnone size-full wp-image-12722\" src=\"https:\/\/elbistanhabermerkezi.com\/wp-content\/uploads\/2024\/01\/halild6.jpg\" alt=\"\" width=\"302\" height=\"202\" srcset=\"https:\/\/elbistanhabermerkezi.com\/wp-content\/uploads\/2024\/01\/halild6.jpg 302w, https:\/\/elbistanhabermerkezi.com\/wp-content\/uploads\/2024\/01\/halild6-157x105.jpg 157w, https:\/\/elbistanhabermerkezi.com\/wp-content\/uploads\/2024\/01\/halild6-232x155.jpg 232w\" sizes=\"auto, (max-width: 302px) 100vw, 302px\" \/><\/p>\n<p style=\"text-align: justify;\"><strong>B\u00fcy\u00fck\u015fehir Belediyesi, yaz aylar\u0131nda yo\u011fun olarak g\u00f6r\u00fclen ve insan sa\u011fl\u0131\u011f\u0131na zarar veren sivrisineklere kar\u015f\u0131 m\u00fccadelesini k\u0131\u015f aylar\u0131nda da kesintisiz s\u00fcrd\u00fcr\u00fcyor. Ger\u00e7ekle\u015ftirilen \u00e7al\u0131\u015fmalarla, sivrisineklerin \u00fcreme alanlar\u0131n\u0131n azalt\u0131larak yaz aylar\u0131nda pop\u00fclasyonun kontrol alt\u0131nda tutulmas\u0131 hedefleniyor.<\/strong><\/p>\n<p style=\"text-align: justify;\">\n<p style=\"text-align: justify;\">Kahramanmara\u015f B\u00fcy\u00fck\u015fehir Belediyesi, yaz aylar\u0131nda yo\u011fun olarak g\u00f6r\u00fclen ve insan sa\u011fl\u0131\u011f\u0131na zarar veren sivrisineklere kar\u015f\u0131 m\u00fccadelesini k\u0131\u015f aylar\u0131nda da kesintisiz s\u00fcrd\u00fcr\u00fcyor. \u00c7evre Koruma ve Kontrol Dairesi Ba\u015fkanl\u0131\u011f\u0131\u2019na ba\u011fl\u0131 Vekt\u00f6rle M\u00fccadele \u015eube M\u00fcd\u00fcrl\u00fc\u011f\u00fc ekipleri, sivrisineklerin \u00fcreme alanlar\u0131n\u0131 azaltarak yaz aylar\u0131nda pop\u00fclasyonun kontrol alt\u0131nda tutulmas\u0131n\u0131 hedefliyor.<\/p>\n<p style=\"text-align: justify;\">\n<p style=\"text-align: justify;\"><strong>50 Ton At\u0131k Lastik Topland\u0131<\/strong><\/p>\n<p style=\"text-align: justify;\">K\u0131\u015flak m\u00fccadele kapsam\u0131nda y\u00fcr\u00fct\u00fclen \u00e7al\u0131\u015fmalar do\u011frultusunda, sivrisineklerin dinlenme ve \u00e7o\u011falma alanlar\u0131ndan biri olan at\u0131k ara\u00e7 lastikleri toplan\u0131yor. Ekipler, do\u011faya geli\u015fig\u00fczel b\u0131rak\u0131lm\u0131\u015f 50 ton at\u0131k lasti\u011fi toplayarak hem sivrisineklerin \u00fcreme alanlar\u0131n\u0131 ortadan kald\u0131r\u0131yor hem de \u00e7evre kirlili\u011fini \u00f6nl\u00fcyor. Toplanan lastikler geri d\u00f6n\u00fc\u015f\u00fcme g\u00f6nderilerek ekonomiye kazand\u0131r\u0131l\u0131yor.<\/p>\n<p style=\"text-align: justify;\">\n<p style=\"text-align: justify;\"><strong>Kimyasal Kullan\u0131m\u0131 Azalt\u0131l\u0131yor, Ekolojik Denge Korunuyor<\/strong><\/p>\n<p style=\"text-align: justify;\">B\u00fcy\u00fck\u015fehir Belediyesi taraf\u0131ndan yap\u0131lan a\u00e7\u0131klamada, k\u0131\u015flak m\u00fccadelenin temel amac\u0131n\u0131n sivrisinek \u00fcreme alanlar\u0131n\u0131 en aza indirerek yaz aylar\u0131nda kimyasal ila\u00e7 kullan\u0131m\u0131n\u0131 s\u0131n\u0131rlamak oldu\u011funu belirtiliyor. Bu sayede \u00e7evre ve su kaynaklar\u0131n\u0131n kirlenmesi \u00f6nlenirken ekolojik dengenin korunmas\u0131na da katk\u0131 sa\u011flan\u0131yor. Vatanda\u015flar\u0131n sa\u011fl\u0131\u011f\u0131n\u0131 \u00f6n planda tutan B\u00fcy\u00fck\u015fehir Belediyesi, vekt\u00f6r m\u00fccadelesine y\u00f6nelik \u00e7al\u0131\u015fmalar\u0131n\u0131 y\u0131l boyunca aral\u0131ks\u0131z s\u00fcrd\u00fcrece\u011fini duyurdu.<\/p>\n<p style=\"text-align: justify;\"><img loading=\"lazy\" decoding=\"async\" class=\"alignnone size-full wp-image-18390\" src=\"https:\/\/elbistanhabermerkezi.com\/wp-content\/uploads\/2025\/02\/Ilaclama-1.jpg\" alt=\"\" width=\"600\" height=\"338\" srcset=\"https:\/\/elbistanhabermerkezi.com\/wp-content\/uploads\/2025\/02\/Ilaclama-1.jpg 600w, https:\/\/elbistanhabermerkezi.com\/wp-content\/uploads\/2025\/02\/Ilaclama-1-171x96.jpg 171w, https:\/\/elbistanhabermerkezi.com\/wp-content\/uploads\/2025\/02\/Ilaclama-1-275x155.jpg 275w, https:\/\/elbistanhabermerkezi.com\/wp-content\/uploads\/2025\/02\/Ilaclama-1-376x212.jpg 376w\" sizes=\"auto, (max-width: 600px) 100vw, 600px\" \/> <img loading=\"lazy\" decoding=\"async\" class=\"alignnone size-full wp-image-18391\" src=\"https:\/\/elbistanhabermerkezi.com\/wp-content\/uploads\/2025\/02\/Ilaclama-2.jpg\" alt=\"\" width=\"600\" height=\"338\" srcset=\"https:\/\/elbistanhabermerkezi.com\/wp-content\/uploads\/2025\/02\/Ilaclama-2.jpg 600w, https:\/\/elbistanhabermerkezi.com\/wp-content\/uploads\/2025\/02\/Ilaclama-2-171x96.jpg 171w, https:\/\/elbistanhabermerkezi.com\/wp-content\/uploads\/2025\/02\/Ilaclama-2-275x155.jpg 275w, https:\/\/elbistanhabermerkezi.com\/wp-content\/uploads\/2025\/02\/Ilaclama-2-376x212.jpg 376w\" sizes=\"auto, (max-width: 600px) 100vw, 600px\" \/> <img loading=\"lazy\" decoding=\"async\" class=\"alignnone size-full wp-image-18392\" src=\"https:\/\/elbistanhabermerkezi.com\/wp-content\/uploads\/2025\/02\/Ilaclama-4.jpg\" alt=\"\" width=\"600\" height=\"338\" srcset=\"https:\/\/elbistanhabermerkezi.com\/wp-content\/uploads\/2025\/02\/Ilaclama-4.jpg 600w, https:\/\/elbistanhabermerkezi.com\/wp-content\/uploads\/2025\/02\/Ilaclama-4-171x96.jpg 171w, https:\/\/elbistanhabermerkezi.com\/wp-content\/uploads\/2025\/02\/Ilaclama-4-275x155.jpg 275w, https:\/\/elbistanhabermerkezi.com\/wp-content\/uploads\/2025\/02\/Ilaclama-4-376x212.jpg 376w\" sizes=\"auto, (max-width: 600px) 100vw, 600px\" \/> <img loading=\"lazy\" decoding=\"async\" class=\"alignnone size-full wp-image-18393\" src=\"https:\/\/elbistanhabermerkezi.com\/wp-content\/uploads\/2025\/02\/Ilaclama-5.jpg\" alt=\"\" width=\"779\" height=\"448\" srcset=\"https:\/\/elbistanhabermerkezi.com\/wp-content\/uploads\/2025\/02\/Ilaclama-5.jpg 779w, https:\/\/elbistanhabermerkezi.com\/wp-content\/uploads\/2025\/02\/Ilaclama-5-600x345.jpg 600w, https:\/\/elbistanhabermerkezi.com\/wp-content\/uploads\/2025\/02\/Ilaclama-5-768x442.jpg 768w, https:\/\/elbistanhabermerkezi.com\/wp-content\/uploads\/2025\/02\/Ilaclama-5-171x98.jpg 171w, https:\/\/elbistanhabermerkezi.com\/wp-content\/uploads\/2025\/02\/Ilaclama-5-270x155.jpg 270w, https:\/\/elbistanhabermerkezi.com\/wp-content\/uploads\/2025\/02\/Ilaclama-5-376x216.jpg 376w\" sizes=\"auto, (max-width: 779px) 100vw, 779px\" \/><\/p>\n","protected":false},"excerpt":{"rendered":"<p>B\u00fcy\u00fck\u015fehir Belediyesi, yaz aylar\u0131nda yo\u011fun olarak g\u00f6r\u00fclen ve insan sa\u011fl\u0131\u011f\u0131na zarar veren sivrisineklere kar\u015f\u0131 m\u00fccadelesini k\u0131\u015f aylar\u0131nda da kesintisiz s\u00fcrd\u00fcr\u00fcyor. Ger\u00e7ekle\u015ftirilen \u00e7al\u0131\u015fmalarla, sivrisineklerin \u00fcreme alanlar\u0131n\u0131n azalt\u0131larak yaz aylar\u0131nda pop\u00fclasyonun kontrol alt\u0131nda tutulmas\u0131 hedefleniyor. Kahramanmara\u015f B\u00fcy\u00fck\u015fehir Belediyesi, yaz aylar\u0131nda yo\u011fun olarak g\u00f6r\u00fclen ve insan sa\u011fl\u0131\u011f\u0131na zarar veren sivrisineklere kar\u015f\u0131 m\u00fccadelesini k\u0131\u015f aylar\u0131nda da kesintisiz s\u00fcrd\u00fcr\u00fcyor. \u00c7evre [&hellip;]<\/p>\n","protected":false},"author":1,"featured_media":18394,"comment_status":"open","ping_status":"open","sticky":false,"template":"","format":"standard","meta":{"_jetpack_memberships_contains_paid_content":false,"footnotes":""},"categories":[2,8],"tags":[],"class_list":["post-18389","post","type-post","status-publish","format-standard","has-post-thumbnail","hentry","category-3-sayfa","category-gundem"],"jetpack_featured_media_url":"https:\/\/elbistanhabermerkezi.com\/wp-content\/uploads\/2025\/02\/Ilaclama-5uo.jpg","jetpack_sharing_enabled":true,"_links":{"self":[{"href":"https:\/\/elbistanhabermerkezi.com\/index.php\/wp-json\/wp\/v2\/posts\/18389","targetHints":{"allow":["GET"]}}],"collection":[{"href":"https:\/\/elbistanhabermerkezi.com\/index.php\/wp-json\/wp\/v2\/posts"}],"about":[{"href":"https:\/\/elbistanhabermerkezi.com\/index.php\/wp-json\/wp\/v2\/types\/post"}],"author":[{"embeddable":true,"href":"https:\/\/elbistanhabermerkezi.com\/index.php\/wp-json\/wp\/v2\/users\/1"}],"replies":[{"embeddable":true,"href":"https:\/\/elbistanhabermerkezi.com\/index.php\/wp-json\/wp\/v2\/comments?post=18389"}],"version-history":[{"count":1,"href":"https:\/\/elbistanhabermerkezi.com\/index.php\/wp-json\/wp\/v2\/posts\/18389\/revisions"}],"predecessor-version":[{"id":18396,"href":"https:\/\/elbistanhabermerkezi.com\/index.php\/wp-json\/wp\/v2\/posts\/18389\/revisions\/18396"}],"wp:featuredmedia":[{"embeddable":true,"href":"https:\/\/elbistanhabermerkezi.com\/index.php\/wp-json\/wp\/v2\/media\/18394"}],"wp:attachment":[{"href":"https:\/\/elbistanhabermerkezi.com\/index.php\/wp-json\/wp\/v2\/media?parent=18389"}],"wp:term":[{"taxonomy":"category","embeddable":true,"href":"https:\/\/elbistanhabermerkezi.com\/index.php\/wp-json\/wp\/v2\/categories?post=18389"},{"taxonomy":"post_tag","embeddable":true,"href":"https:\/\/elbistanhabermerkezi.com\/index.php\/wp-json\/wp\/v2\/tags?post=18389"}],"curies":[{"name":"wp","href":"https:\/\/api.w.org\/{rel}","templated":true}]}}