{"id":1631,"date":"2022-03-18T10:29:57","date_gmt":"2022-03-18T10:29:57","guid":{"rendered":"https:\/\/elbistanhabermerkezi.com\/?p=1631"},"modified":"2022-03-18T10:29:57","modified_gmt":"2022-03-18T10:29:57","slug":"ingiltereden-elbistana-yatirim-koprusu-kurulacak","status":"publish","type":"post","link":"https:\/\/elbistanhabermerkezi.com\/index.php\/2022\/03\/18\/ingiltereden-elbistana-yatirim-koprusu-kurulacak\/","title":{"rendered":"\u0130ngiltere\u2019den Elbistan\u2019a yat\u0131r\u0131m k\u00f6pr\u00fcs\u00fc kurulacak!"},"content":{"rendered":"<p style=\"text-align: justify;\"><img loading=\"lazy\" decoding=\"async\" class=\"alignnone size-medium wp-image-1632\" src=\"https:\/\/elbistanhabermerkezi.com\/wp-content\/uploads\/2022\/03\/WhatsApp-Image-2022-03-17-at-13.41.00-600x400.jpeg\" alt=\"\" width=\"600\" height=\"400\" srcset=\"https:\/\/elbistanhabermerkezi.com\/wp-content\/uploads\/2022\/03\/WhatsApp-Image-2022-03-17-at-13.41.00.jpeg 600w, https:\/\/elbistanhabermerkezi.com\/wp-content\/uploads\/2022\/03\/WhatsApp-Image-2022-03-17-at-13.41.00-158x105.jpeg 158w, https:\/\/elbistanhabermerkezi.com\/wp-content\/uploads\/2022\/03\/WhatsApp-Image-2022-03-17-at-13.41.00-233x155.jpeg 233w, https:\/\/elbistanhabermerkezi.com\/wp-content\/uploads\/2022\/03\/WhatsApp-Image-2022-03-17-at-13.41.00-332x221.jpeg 332w\" sizes=\"auto, (max-width: 600px) 100vw, 600px\" \/><\/p>\n<p style=\"text-align: justify;\"><strong>Elbistan Belediye Ba\u015fkan\u0131 Mehmet G\u00fcrb\u00fcz, \u0130ngiltere\u2019de Elbistanl\u0131 gurbet\u00e7ilerle g\u00f6r\u00fc\u015f\u00fcp yat\u0131r\u0131m yapmalar\u0131n\u0131 isteyecek<\/strong><\/p>\n<p style=\"text-align: justify;\"><strong>Elbistan\u2019\u0131n geli\u015fmesi ve kalk\u0131nmas\u0131 i\u00e7in i\u015fadamlar\u0131yla g\u00f6r\u00fc\u015fmelerini s\u00fcrd\u00fcren Belediye Ba\u015fkan\u0131 Mehmet G\u00fcrb\u00fcz, \u0130ngiltere\u2019de ya\u015fayan Elbistanl\u0131larla bir araya gelerek, memlekete yat\u0131r\u0131m yapmalar\u0131n\u0131 isteyecek.<\/strong><\/p>\n<p style=\"text-align: justify;\"><strong>Elbistan&#8217;a yap\u0131labilecek yat\u0131r\u0131m ve altyap\u0131s\u0131yla ilgili \u00e7al\u0131\u015fmalar\u0131n\u0131 tamamlayan Ba\u015fkan G\u00fcrb\u00fcz, dosya haline getirdi\u011fi \u00e7al\u0131\u015fmalar\u0131 ve yat\u0131r\u0131m cazibelerini gurbet\u00e7i vatanda\u015flara anlatacak.<\/strong><\/p>\n<p style=\"text-align: justify;\"><strong>Ba\u015fkan G\u00fcrb\u00fcz, 17 Mart Per\u015fembe g\u00fcn\u00fc ba\u015flay\u0131p 19 Mart Cumartesi g\u00fcn\u00fc sona erecek \u0130ngiltere program\u0131 kapsam\u0131nda Enfield Belediye Ba\u015fkan\u0131 Sabri \u00d6zayd\u0131n\u2019\u0131 da ziyaret ederek belediye \u00e7al\u0131\u015fmalar\u0131 hakk\u0131nda g\u00f6r\u00fc\u015f al\u0131\u015fveri\u015finde bulunacak.<\/strong><\/p>\n<p style=\"text-align: justify;\"><strong>\u0130ngiltere Parlamento Binas\u0131n\u0131 da ziyaret etmesi planlanan G\u00fcrb\u00fcz, M\u00dcS\u0130AD Londra \u015fubesi ve hem\u015feri derneklerini de ziyaret ederek, gurbet\u00e7i vatanda\u015flara yat\u0131r\u0131m \u00e7a\u011fr\u0131s\u0131nda bulunacak.<\/strong><\/p>\n<p style=\"text-align: justify;\"><strong>Elbistanl\u0131 gurbet\u00e7ilerin kente yat\u0131r\u0131m yapabilecek kapasiteye sahip olduklar\u0131n\u0131 ve birikimlerini do\u011fup b\u00fcy\u00fcd\u00fckleri topraklara yat\u0131r\u0131m olarak d\u00f6nd\u00fcrmelerini sa\u011flamak i\u00e7in g\u00f6r\u00fc\u015fme y\u00fcr\u00fctece\u011fini belirten Belediye Ba\u015fkan\u0131 G\u00fcrb\u00fcz konuyla ilgili yapt\u0131\u011f\u0131 a\u00e7\u0131klamada \u015funlar\u0131 s\u00f6yledi; \u201cBelediye ba\u015fkan\u0131 adayl\u0131\u011f\u0131 d\u00f6neminde ba\u015flad\u0131\u011f\u0131m\u0131z yat\u0131r\u0131m g\u00f6r\u00fc\u015fmelerini geli\u015ftirerek s\u00fcrd\u00fcr\u00fcyoruz. \u0130ngiltere\u2019de \u00e7ok \u00f6nemli ziyaretlerim olacak. Belediye ve parlamento ziyaretlerinin yan\u0131 s\u0131ra i\u015f adamlar\u0131 ve Elbistanl\u0131 hem\u015ferilerimizle bir araya gelip, \u015fehrimize yat\u0131r\u0131m yapmalar\u0131n\u0131 isteyece\u011fim. Yat\u0131r\u0131mc\u0131 deyince halk\u0131m\u0131z k\u00fc\u00e7\u00fck i\u015fletmeler olarak d\u00fc\u015f\u00fcnmemelidir. Yapt\u0131\u011f\u0131m\u0131z g\u00f6r\u00fc\u015fmeler bir anda olup bitecek t\u00fcrden, bir anda sonu\u00e7 al\u0131nabilecek t\u00fcrden de\u011fildir. Yat\u0131r\u0131mc\u0131 bir anda haydi kuruyoruz, yap\u0131yoruz demez, diyemez. Bunun i\u00e7in altyap\u0131 ara\u015ft\u0131rmas\u0131, kazan\u00e7 ve cazibe ara\u015ft\u0131rmalar\u0131 yap\u0131lmaktad\u0131r. Bug\u00fcne kadar yapt\u0131\u011f\u0131m\u0131z g\u00f6r\u00fc\u015fmeler sayesinde Elbistan Organize Sanayi B\u00f6lgesi\u2019ne yat\u0131r\u0131m kazand\u0131rd\u0131k. Bizim amac\u0131m\u0131z daha da b\u00fcy\u00fck yat\u0131r\u0131mlar\u0131 kentimize kazand\u0131rmakt\u0131r. Bu anlamda Elbistanl\u0131 gurbet\u00e7ilerimizle g\u00f6r\u00fc\u015fmek \u00fczere \u0130ngiltere\u2019ye gidiyorum. Oradaki vatanda\u015flar\u0131m\u0131za Elbistan\u2019a yap\u0131labilecek yat\u0131r\u0131mlar\u0131n cazibelerini ve kazanc\u0131n\u0131 anlataca\u011f\u0131m. Gurbet\u00e7i vatanda\u015flar\u0131m\u0131z kendi aralar\u0131nda g\u00fc\u00e7 birli\u011fi yaparak \u015fehrimize yat\u0131r\u0131m yapabilecek kapasiteye sahipler. Ben bug\u00fcne kadar yap\u0131lmayan\u0131 yap\u0131p, kentimize yat\u0131r\u0131mc\u0131 kazand\u0131rmak i\u00e7in g\u00f6r\u00fc\u015fmelerimi \u0131srarla s\u00fcrd\u00fcr\u00fcyorum. Bu \u00e7al\u0131\u015fmalar\u0131m\u0131n meyveleri almaya ba\u015flad\u0131k. Organize sanayi b\u00f6lgemiz ciddi yat\u0131r\u0131m almaya ba\u015flad\u0131. Bizim amac\u0131m\u0131z bu yat\u0131r\u0131mlar\u0131n say\u0131s\u0131n\u0131 art\u0131rmak ve daha da b\u00fcy\u00fck yat\u0131r\u0131mlar\u0131n, devasa i\u015fletmelerin Elbistan&#8217;a kazand\u0131r\u0131lmas\u0131n\u0131 sa\u011flamakt\u0131r\u201d diye konu\u015ftu.<\/strong><\/p>\n<p style=\"text-align: justify;\"><img loading=\"lazy\" decoding=\"async\" class=\"alignnone size-medium wp-image-1632\" src=\"https:\/\/elbistanhabermerkezi.com\/wp-content\/uploads\/2022\/03\/WhatsApp-Image-2022-03-17-at-13.41.00-600x400.jpeg\" alt=\"\" width=\"600\" height=\"400\" srcset=\"https:\/\/elbistanhabermerkezi.com\/wp-content\/uploads\/2022\/03\/WhatsApp-Image-2022-03-17-at-13.41.00.jpeg 600w, https:\/\/elbistanhabermerkezi.com\/wp-content\/uploads\/2022\/03\/WhatsApp-Image-2022-03-17-at-13.41.00-158x105.jpeg 158w, https:\/\/elbistanhabermerkezi.com\/wp-content\/uploads\/2022\/03\/WhatsApp-Image-2022-03-17-at-13.41.00-233x155.jpeg 233w, https:\/\/elbistanhabermerkezi.com\/wp-content\/uploads\/2022\/03\/WhatsApp-Image-2022-03-17-at-13.41.00-332x221.jpeg 332w\" sizes=\"auto, (max-width: 600px) 100vw, 600px\" \/><\/p>\n","protected":false},"excerpt":{"rendered":"<p>Elbistan Belediye Ba\u015fkan\u0131 Mehmet G\u00fcrb\u00fcz, \u0130ngiltere\u2019de Elbistanl\u0131 gurbet\u00e7ilerle g\u00f6r\u00fc\u015f\u00fcp yat\u0131r\u0131m yapmalar\u0131n\u0131 isteyecek Elbistan\u2019\u0131n geli\u015fmesi ve kalk\u0131nmas\u0131 i\u00e7in i\u015fadamlar\u0131yla g\u00f6r\u00fc\u015fmelerini s\u00fcrd\u00fcren Belediye Ba\u015fkan\u0131 Mehmet G\u00fcrb\u00fcz, \u0130ngiltere\u2019de ya\u015fayan Elbistanl\u0131larla bir araya gelerek, memlekete yat\u0131r\u0131m yapmalar\u0131n\u0131 isteyecek. Elbistan&#8217;a yap\u0131labilecek yat\u0131r\u0131m ve altyap\u0131s\u0131yla ilgili \u00e7al\u0131\u015fmalar\u0131n\u0131 tamamlayan Ba\u015fkan G\u00fcrb\u00fcz, dosya haline getirdi\u011fi \u00e7al\u0131\u015fmalar\u0131 ve yat\u0131r\u0131m cazibelerini gurbet\u00e7i vatanda\u015flara anlatacak. Ba\u015fkan [&hellip;]<\/p>\n","protected":false},"author":1,"featured_media":1635,"comment_status":"open","ping_status":"open","sticky":false,"template":"","format":"standard","meta":{"_jetpack_memberships_contains_paid_content":false,"footnotes":""},"categories":[2,4,6,8,12],"tags":[],"class_list":["post-1631","post","type-post","status-publish","format-standard","has-post-thumbnail","hentry","category-3-sayfa","category-dunya","category-ekonomi","category-gundem","category-siyaset"],"jetpack_featured_media_url":"https:\/\/elbistanhabermerkezi.com\/wp-content\/uploads\/2022\/03\/WhatsApp-Image-2022-03-17-at-13.41.00UJNHYU.jpeg","jetpack_sharing_enabled":true,"_links":{"self":[{"href":"https:\/\/elbistanhabermerkezi.com\/index.php\/wp-json\/wp\/v2\/posts\/1631","targetHints":{"allow":["GET"]}}],"collection":[{"href":"https:\/\/elbistanhabermerkezi.com\/index.php\/wp-json\/wp\/v2\/posts"}],"about":[{"href":"https:\/\/elbistanhabermerkezi.com\/index.php\/wp-json\/wp\/v2\/types\/post"}],"author":[{"embeddable":true,"href":"https:\/\/elbistanhabermerkezi.com\/index.php\/wp-json\/wp\/v2\/users\/1"}],"replies":[{"embeddable":true,"href":"https:\/\/elbistanhabermerkezi.com\/index.php\/wp-json\/wp\/v2\/comments?post=1631"}],"version-history":[{"count":1,"href":"https:\/\/elbistanhabermerkezi.com\/index.php\/wp-json\/wp\/v2\/posts\/1631\/revisions"}],"predecessor-version":[{"id":1636,"href":"https:\/\/elbistanhabermerkezi.com\/index.php\/wp-json\/wp\/v2\/posts\/1631\/revisions\/1636"}],"wp:featuredmedia":[{"embeddable":true,"href":"https:\/\/elbistanhabermerkezi.com\/index.php\/wp-json\/wp\/v2\/media\/1635"}],"wp:attachment":[{"href":"https:\/\/elbistanhabermerkezi.com\/index.php\/wp-json\/wp\/v2\/media?parent=1631"}],"wp:term":[{"taxonomy":"category","embeddable":true,"href":"https:\/\/elbistanhabermerkezi.com\/index.php\/wp-json\/wp\/v2\/categories?post=1631"},{"taxonomy":"post_tag","embeddable":true,"href":"https:\/\/elbistanhabermerkezi.com\/index.php\/wp-json\/wp\/v2\/tags?post=1631"}],"curies":[{"name":"wp","href":"https:\/\/api.w.org\/{rel}","templated":true}]}}