{"id":16258,"date":"2024-09-16T05:42:43","date_gmt":"2024-09-16T05:42:43","guid":{"rendered":"https:\/\/elbistanhabermerkezi.com\/?p=16258"},"modified":"2024-09-16T05:50:34","modified_gmt":"2024-09-16T05:50:34","slug":"uluslararasi-elbistan-karakucak-gures-sampiyonasi","status":"publish","type":"post","link":"https:\/\/elbistanhabermerkezi.com\/index.php\/2024\/09\/16\/uluslararasi-elbistan-karakucak-gures-sampiyonasi\/","title":{"rendered":"Uluslararas\u0131 Elbistan Karakucak G\u00fcre\u015f \u015eampiyonas\u0131."},"content":{"rendered":"<p style=\"text-align: justify;\"><strong><img loading=\"lazy\" decoding=\"async\" class=\"alignnone size-medium wp-image-16221\" src=\"https:\/\/elbistanhabermerkezi.com\/wp-content\/uploads\/2024\/09\/IMG_0531-600x345.jpg\" alt=\"\" width=\"600\" height=\"345\" srcset=\"https:\/\/elbistanhabermerkezi.com\/wp-content\/uploads\/2024\/09\/IMG_0531-600x345.jpg 600w, https:\/\/elbistanhabermerkezi.com\/wp-content\/uploads\/2024\/09\/IMG_0531-768x442.jpg 768w, https:\/\/elbistanhabermerkezi.com\/wp-content\/uploads\/2024\/09\/IMG_0531-171x98.jpg 171w, https:\/\/elbistanhabermerkezi.com\/wp-content\/uploads\/2024\/09\/IMG_0531-270x155.jpg 270w, https:\/\/elbistanhabermerkezi.com\/wp-content\/uploads\/2024\/09\/IMG_0531-376x216.jpg 376w, https:\/\/elbistanhabermerkezi.com\/wp-content\/uploads\/2024\/09\/IMG_0531.jpg 779w\" sizes=\"auto, (max-width: 600px) 100vw, 600px\" \/><img loading=\"lazy\" decoding=\"async\" class=\"alignnone size-medium wp-image-16260\" src=\"https:\/\/elbistanhabermerkezi.com\/wp-content\/uploads\/2024\/09\/j-600x345.jpg\" alt=\"\" width=\"600\" height=\"345\" srcset=\"https:\/\/elbistanhabermerkezi.com\/wp-content\/uploads\/2024\/09\/j-600x345.jpg 600w, https:\/\/elbistanhabermerkezi.com\/wp-content\/uploads\/2024\/09\/j-768x442.jpg 768w, https:\/\/elbistanhabermerkezi.com\/wp-content\/uploads\/2024\/09\/j-171x98.jpg 171w, https:\/\/elbistanhabermerkezi.com\/wp-content\/uploads\/2024\/09\/j-270x155.jpg 270w, https:\/\/elbistanhabermerkezi.com\/wp-content\/uploads\/2024\/09\/j-376x216.jpg 376w, https:\/\/elbistanhabermerkezi.com\/wp-content\/uploads\/2024\/09\/j.jpg 779w\" sizes=\"auto, (max-width: 600px) 100vw, 600px\" \/><\/strong><\/p>\n<p><span style=\"text-decoration: underline;\"><strong>MEHMET G\u00d6Z\u00dcKARA YAZDI.<\/strong><\/span><\/p>\n<p style=\"text-align: justify;\"><strong>14 Eyl\u00fcl 2024 tarihinde Elbistan Kaymakaml\u0131\u011f\u0131 ve Elbistan Belediyesinin \u00f6nc\u00fcl\u00fc\u011f\u00fcnde, Elbistan Spor Kul\u00fcb\u00fcn\u00fcn deste\u011fi ile Elbistan Uluslararas\u0131 Karakucak G\u00fcre\u015f Festivali&#8217;ne seksen bir ilden te\u015frif eden sporcular\u0131n yan\u0131 s\u0131ra, Can Garda\u015f Azarbeycan ve \u0130ran&#8217;dan kat\u0131lan toplam 275 pehlivan ter d\u00f6kt\u00fc.<\/strong><\/p>\n<p style=\"text-align: justify;\"><strong>Elbistan Spor Kul\u00fcb\u00fcn\u00fcn Ba\u015fkan\u0131 \u015eahin Zaden&#8217;in daveti ile kariyerlerinde 5 Kez d\u00fcnya, 12 kez Avrupa \u015fampiyonu olmu\u015f RIZA KAYAALP; Serbest stil 125 kiloda m\u00fccadele eden Taha Akg\u00fcl, kariyerine son vermeden \u00f6nce Ankara ASK\u0130 Spor Kul\u00fcb\u00fc b\u00fcnyesinde m\u00fccadele etti. 3 kez d\u00fcnya ve 11 kez Avrupa \u015fampiyonu oldu. 2016 Yaz Olimpiyatlar\u0131nda alt\u0131n ve 2020 Yaz Olimpiyatlar\u0131nda bronz madalya kazanan TAHA AKG\u00dcL&#8217;\u00fcn er meydana intikalleri b\u00fcy\u00fck sevgi g\u00f6sterisi ile kar\u015f\u0131land\u0131.<\/strong><\/p>\n<p style=\"text-align: justify;\"><strong>Elbistan Uluslararas\u0131 er meydan\u0131nda Osman G\u00f6\u00e7en ile Fatih Ya\u015farl\u0131&#8217;n\u0131n final g\u00fcre\u015finde, Osman G\u00f6\u00e7en galip gelerek ba\u015f pehlivan oldu.<\/strong><\/p>\n<p style=\"text-align: justify;\"><strong>Programa kat\u0131l\u0131m sa\u011flayan ve destek veren Elbistan Kaymakaml\u0131\u011f\u0131m\u0131za, Elbistan Belediye Ba\u015fkanl\u0131\u011f\u0131m\u0131za, \u0130l\u00e7e Jandarma Komutanl\u0131\u011f\u0131m\u0131za, \u0130l\u00e7e Emniyet M\u00fcd\u00fcrl\u00fc\u011f\u00fcm\u00fcze ve kat\u0131l\u0131m sa\u011flayan siyasi parti il\u00e7e ba\u015fkanlar\u0131na te\u015fekk\u00fcr ediyorum.<\/strong><\/p>\n<p style=\"text-align: justify;\"><strong>6 \u015eubat depreminde b\u00fcy\u00fck y\u0131k\u0131m ya\u015fayan Elbistan&#8217;da yap\u0131lan uluslararas\u0131 \u00e7apta d\u00fczenlenen Ata sporu g\u00fcre\u015f festivaline katk\u0131 sunmayan, oda ba\u015fkanlar\u0131n\u0131 ile atacaklar\u0131 bir mesajla dahi sevincimizi payla\u015fmayan b\u00f6lge milletvekillerini ve siyasileri anlamakta g\u00fc\u00e7l\u00fck \u00e7ekiyorum.<\/strong><\/p>\n<p style=\"text-align: justify;\"><strong>\u0130p gerilince yay oldum san\u0131r, abdal ata binmekle bey oldum san\u0131r, kam\u0131\u015f ses verince ney oldum san\u0131rm\u0131\u015f.<\/strong><\/p>\n<p style=\"text-align: justify;\"><strong>Allah&#8217;\u0131m b\u00f6ylelerinden c\u00fcmlemizi korusun<\/strong><\/p>\n<p style=\"text-align: justify;\"><strong>Halk \u015fiirinin mitraly\u00f6z\u00fc merhum \u00fcstat Abdurrahim Karako\u00e7 &#8220;BIRAKIN KALSIN&#8221; dedi\u011fi \u015fiirinde:<\/strong><\/p>\n<p>&nbsp;<\/p>\n<p style=\"text-align: justify;\"><strong>&#8220;\u00c7okta kederlenir, azda g\u00fclerim<\/strong><\/p>\n<p style=\"text-align: justify;\"><strong>Ustura a\u011fz\u0131nda d\u00fc\u015f\u00fcncelerim<\/strong><\/p>\n<p style=\"text-align: justify;\"><strong>Deliliktir belki&#8230; b\u0131rak\u0131n kals\u0131n<\/strong><\/p>\n<p>*<\/p>\n<p style=\"text-align: justify;\"><strong>Do\u011fan her bebe\u011fin, hakk\u0131 var bende<\/strong><\/p>\n<p style=\"text-align: justify;\"><strong>\u00d6\u011f\u00fct\u00fclen benim, her de\u011firmende<\/strong><\/p>\n<p style=\"text-align: justify;\"><strong>Ne sonu ne ilki&#8230; b\u0131rak\u0131n kals\u0131n<\/strong><\/p>\n<p>*<\/p>\n<p style=\"text-align: justify;\"><strong>Sevdam b\u00fcy\u00fcd\u00fck\u00e7e, d\u00fcnyam dar olur<\/strong><\/p>\n<p style=\"text-align: justify;\"><strong>Zamandan \u00e7\u0131kt\u0131\u011f\u0131m zamanlar olur<\/strong><\/p>\n<p style=\"text-align: justify;\"><strong>Ve \u00f6yle g\u00fczel ki&#8230; b\u0131rak\u0131n kals\u0131n<\/strong><\/p>\n<p>*<\/p>\n<p style=\"text-align: justify;\"><strong>Saatler ya geri, ya hep ileri<\/strong><\/p>\n<p style=\"text-align: justify;\"><strong>K\u0131ran yok hileli terazileri<\/strong><\/p>\n<p style=\"text-align: justify;\"><strong>Umutlar \u0131rakta&#8230; b\u0131rak\u0131n kals\u0131n<\/strong><\/p>\n<p>*<\/p>\n<p style=\"text-align: justify;\"><strong>On bin&#8217;lerle sohbet, on bin nafile<\/strong><\/p>\n<p style=\"text-align: justify;\"><strong>D\u00f6nm\u00fcyor topra\u011fa giren kafile<\/strong><\/p>\n<p style=\"text-align: justify;\"><strong>\u00d6fkeler y\u00fcrekte&#8230; b\u0131rak\u0131n kals\u0131n<\/strong><\/p>\n<p>*<\/p>\n<p style=\"text-align: justify;\"><strong>Ne yar\u0131m tam yar\u0131m, ne b\u00fct\u00fcn tamam<\/strong><\/p>\n<p style=\"text-align: justify;\"><strong>Yolcular anlamaz, ben anlatamam<\/strong><\/p>\n<p style=\"text-align: justify;\"><strong>Tren son durakta&#8230; b\u0131rak\u0131n kals\u0131n<\/strong><\/p>\n<p>*<\/p>\n<p style=\"text-align: justify;\"><strong>Gelir beni yakar, suya d\u00fc\u015fer kor<\/strong><\/p>\n<p style=\"text-align: justify;\"><strong>D\u00fc\u015f\u00fcnen ba\u015f \u00e7ekmek, dert \u00e7ekmekten zor<\/strong><\/p>\n<p style=\"text-align: justify;\"><strong>Kutsald\u0131r bu yara&#8230; b\u0131rak\u0131n kals\u0131n<\/strong><\/p>\n<p>*<\/p>\n<p style=\"text-align: justify;\"><strong>Dursun ayaz\u0131na uyand\u0131\u011f\u0131n k\u0131\u015f<\/strong><\/p>\n<p style=\"text-align: justify;\"><strong>Dursun ki \u015fevk ile s\u00fcrs\u00fcn bu yar\u0131\u015f<\/strong><\/p>\n<p style=\"text-align: justify;\"><strong>L\u00fczum yok bahara&#8230; b\u0131rak\u0131n kals\u0131n<\/strong><\/p>\n<p>*<\/p>\n<p style=\"text-align: justify;\"><strong>Y\u0131k\u0131l\u0131r y\u0131rt\u0131l\u0131r her kal\u0131n perde<\/strong><\/p>\n<p style=\"text-align: justify;\"><strong>Hesaba \u00e7ekilir d\u00fcnya mah\u015ferde<\/strong><\/p>\n<p style=\"text-align: justify;\"><strong>Yaz\u0131n \u015fu duvara&#8230; b\u0131rak\u0131n kals\u0131n&#8221;<\/strong><\/p>\n<p>*<\/p>\n<p style=\"text-align: justify;\"><strong>Nesrin sultan\u0131, edebiyat d\u00fcnyas\u0131n\u0131n hakan\u0131 \u015fiirin duayeni Abdurrahim Karako\u00e7 &#8220;BIRAKIN KALSIN&#8221; dedikten sonra, bizce anlatacak \u00e7ok \u015fey var ama \u015fimdilik \u00fcstad b\u0131rak\u0131n kals\u0131n demi\u015f.<\/strong><\/p>\n<p style=\"text-align: justify;\"><strong>Elbistan Spor Kul\u00fcb\u00fc ba\u015fkan\u0131 \u015eahin Zade ba\u015fta olmak \u00fczere katk\u0131 sunan her g\u00f6n\u00fcl&#8217;e g\u00f6n\u00fclden te\u015fekk\u00fcr ediyor&#8230;<\/strong><\/p>\n<p style=\"text-align: justify;\"><strong>Hayat\u0131 Vasf\u0131 Ta\u015fy\u00fcrek&#8217;in \u015fiiriyle ba\u015f ba\u015fa b\u0131rak\u0131yorum.<\/strong><\/p>\n<p style=\"text-align: justify;\"><strong>ARAYI\u015e<\/strong><\/p>\n<p>&nbsp;<\/p>\n<p style=\"text-align: justify;\"><strong>T\u00fcrk g\u00fcre\u015fi gitti, gelmez deniyor<\/strong><\/p>\n<p style=\"text-align: justify;\"><strong>Yeni \u015fampiyonlar, neredesiniz<\/strong><\/p>\n<p style=\"text-align: justify;\"><strong>Bizden \u00f6\u011frenenler bizi yeniyor<\/strong><\/p>\n<p style=\"text-align: justify;\"><strong>Yeni \u015fampiyonlar, neredesiniz<\/strong><\/p>\n<p>*<\/p>\n<p style=\"text-align: justify;\"><strong>Ba\u015flar\u0131m\u0131z \u00f6nde, g\u00f6nl\u00fcm\u00fcz yasl\u0131<\/strong><\/p>\n<p style=\"text-align: justify;\"><strong>Gelmeli sporun iftihar fasl\u0131<\/strong><\/p>\n<p style=\"text-align: justify;\"><strong>Kesildi mi Ya\u015far Do\u011fu\u2019nun nesli<\/strong><\/p>\n<p style=\"text-align: justify;\"><strong>Yeni \u015fampiyonlar, neredesiniz<\/strong><\/p>\n<p>*<\/p>\n<p style=\"text-align: justify;\"><strong>Nerde Koca Yusuf, nerde Adal\u0131?<\/strong><\/p>\n<p style=\"text-align: justify;\"><strong>Yok mu Gazanfer\u2019in meyveli dal\u0131?<\/strong><\/p>\n<p style=\"text-align: justify;\"><strong>Hamit\u2019lerim vard\u0131, Kaplan edal\u0131<\/strong><\/p>\n<p style=\"text-align: justify;\"><strong>Yeni \u015fampiyonlar, neredesiniz<\/strong><\/p>\n<p>*<\/p>\n<p style=\"text-align: justify;\"><strong>Yok mu Nasuh Akar yok mu bir Ay\u0131k?<\/strong><\/p>\n<p style=\"text-align: justify;\"><strong>Evlat olmal\u0131d\u0131r ceddine lay\u0131k<\/strong><\/p>\n<p style=\"text-align: justify;\"><strong>Do\u011fmad\u0131n ise do\u011f, sakl\u0131 isen \u00e7\u0131k<\/strong><\/p>\n<p style=\"text-align: justify;\"><strong>Yeni \u015fampiyonlar, neredesiniz<\/strong><\/p>\n<p>*<\/p>\n<p style=\"text-align: justify;\"><strong>Beyaz alt\u0131n yurdu \u015firin Adana<\/strong><\/p>\n<p style=\"text-align: justify;\"><strong>\u0130smet Atl\u0131\u2019lar\u0131 \u00e7ok g\u00f6rme bana<\/strong><\/p>\n<p style=\"text-align: justify;\"><strong>Haydi, Tevfik K\u0131\u015f\u2019lar \u00e7\u0131ks\u0131n meydana<\/strong><\/p>\n<p style=\"text-align: justify;\"><strong>Yeni \u015fampiyonlar, neredesiniz<\/strong><\/p>\n<p>*<\/p>\n<p style=\"text-align: justify;\"><strong>Mersin\u2019li Ahmet&#8217;ler, Ya\u015far Erkan\u2019lar<\/strong><\/p>\n<p style=\"text-align: justify;\"><strong>Celal Atik\u2019lere hasret meydanlar<\/strong><\/p>\n<p style=\"text-align: justify;\"><strong>Hayk\u0131r\u0131yor ac\u0131 \u00e7eken vicdanlar<\/strong><\/p>\n<p style=\"text-align: justify;\"><strong>Yeni \u015fampiyonlar, neredesiniz<\/strong><\/p>\n<p>*<\/p>\n<p style=\"text-align: justify;\"><strong>Yok; H\u00fcseyin Akba\u015f, \u0130smail Ogan<\/strong><\/p>\n<p style=\"text-align: justify;\"><strong>Yok; bir Hasan G\u00fcng\u00f6r, bir R\u0131za Do\u011fan<\/strong><\/p>\n<p style=\"text-align: justify;\"><strong>S\u00f6zlerim milletten y\u00fckselen figan<\/strong><\/p>\n<p style=\"text-align: justify;\"><strong>Yeni \u015fampiyonlar, neredesiniz<\/strong><\/p>\n<p>*<\/p>\n<p style=\"text-align: justify;\"><strong>Analar Ayvaz\u2019\u0131, ne g\u00fcne saklar<\/strong><\/p>\n<p style=\"text-align: justify;\"><strong>Yok, Da\u011f\u0131stanl\u0131\u2019lar, Mithat Barak\u2019lar<\/strong><\/p>\n<p style=\"text-align: justify;\"><strong>M\u00fczahir Sille\u2019ler, y\u00fczleri Ak\u2019lar<\/strong><\/p>\n<p style=\"text-align: justify;\"><strong>Yeni sampiyonlar, neredesiniz<\/strong><\/p>\n<p>*<\/p>\n<p style=\"text-align: justify;\"><strong>\u00dczg\u00fcn Ali\u00e7o\u2019lar, \u00fczg\u00fcn Atan\u2019lar<\/strong><\/p>\n<p style=\"text-align: justify;\"><strong>M\u00fcjde bekler topraklarda yatanlar<\/strong><\/p>\n<p style=\"text-align: justify;\"><strong>Gayret, T\u00fcrkl\u00fck i\u00e7in g\u00fcre\u015f tutanlar<\/strong><\/p>\n<p style=\"text-align: justify;\"><strong>Yeni \u015fampiyonlar, neredesiniz<\/strong><\/p>\n<p>*<\/p>\n<p style=\"text-align: justify;\"><strong>Hem Yenilmez hemde Cemal olanlar<\/strong><\/p>\n<p style=\"text-align: justify;\"><strong>Mahmut Atalay\u2019lar, R\u0131za Alan\u2019lar<\/strong><\/p>\n<p style=\"text-align: justify;\"><strong>Davran\u0131n davran\u0131n \u00e7al\u0131yor \u00e7anlar<\/strong><\/p>\n<p style=\"text-align: justify;\"><strong>Yeni \u015fampiyonlar, neredesiniz<\/strong><\/p>\n<p>*<\/p>\n<p style=\"text-align: justify;\"><strong>\u015eampiyonluk deyip ge\u00e7mesi kolay<\/strong><\/p>\n<p style=\"text-align: justify;\"><strong>Hani Hasan G\u00fcng\u00f6r, Mahmut Atalay<\/strong><\/p>\n<p style=\"text-align: justify;\"><strong>Bir Bayram \u015eit olmak nas\u0131l bir olay<\/strong><\/p>\n<p style=\"text-align: justify;\"><strong>Yeni \u015fampiyonlar, neredesiniz<\/strong><\/p>\n<p>*<\/p>\n<p style=\"text-align: justify;\"><strong>Rakibi ezerek sermezsek yere<\/strong><\/p>\n<p style=\"text-align: justify;\"><strong>Y\u00fckselir mi \u015fanl\u0131 bayrak, g\u00f6klere<\/strong><\/p>\n<p style=\"text-align: justify;\"><strong>Selam Nurettin le, Haydar Zafer\u2019e<\/strong><\/p>\n<p style=\"text-align: justify;\"><strong>Yeni \u015fampiyonlar, neredesiniz<\/strong><\/p>\n<p>*<\/p>\n<p style=\"text-align: justify;\"><strong>Geli\u015fir mi g\u00fcre\u015f \u00f6nem vermeden<\/strong><\/p>\n<p style=\"text-align: justify;\"><strong>Yeti\u015fin Vasfi\u2019ye zeval vermeden<\/strong><\/p>\n<p style=\"text-align: justify;\"><strong>Yanar\u0131m \u00f6l\u00fcrsem sizi g\u00f6rmeden<\/strong><\/p>\n<p style=\"text-align: justify;\"><strong>Yeni \u015fampiyonlar, neredesiniz<\/strong><\/p>\n<p style=\"text-align: justify;\"><strong>*<\/strong><\/p>\n<p style=\"text-align: justify;\"><strong>Kaynak: &#8220;Hayati Vasfi Ta\u015fy\u00fcrek&#8217;ten Se\u00e7me \u015eiirler&#8221;<\/strong><\/p>\n<p style=\"text-align: justify;\"><strong>Syf 217, Ark Yay\u0131nlar\u0131, \u0130stanbul<\/strong><\/p>\n<p style=\"text-align: justify;\"><strong>Yay\u0131na Haz\u0131rlayan: Mehmet G\u00f6z\u00fckara<\/strong><\/p>\n<p style=\"text-align: justify;\"><strong>Hayat\u0131 Vasfi Ta\u015fy\u00fcre\u011f&#8217;e ve ahirede intikal eden c\u00fcmle pehlivanlara bin rahmet, milletimize ve devletimize selamet diliyorum.<\/strong><\/p>\n<p style=\"text-align: justify;\">\n","protected":false},"excerpt":{"rendered":"<p>MEHMET G\u00d6Z\u00dcKARA YAZDI. 14 Eyl\u00fcl 2024 tarihinde Elbistan Kaymakaml\u0131\u011f\u0131 ve Elbistan Belediyesinin \u00f6nc\u00fcl\u00fc\u011f\u00fcnde, Elbistan Spor Kul\u00fcb\u00fcn\u00fcn deste\u011fi ile Elbistan Uluslararas\u0131 Karakucak G\u00fcre\u015f Festivali&#8217;ne seksen bir ilden te\u015frif eden sporcular\u0131n yan\u0131 s\u0131ra, Can Garda\u015f Azarbeycan ve \u0130ran&#8217;dan kat\u0131lan toplam 275 pehlivan ter d\u00f6kt\u00fc. Elbistan Spor Kul\u00fcb\u00fcn\u00fcn Ba\u015fkan\u0131 \u015eahin Zaden&#8217;in daveti ile kariyerlerinde 5 Kez d\u00fcnya, 12 [&hellip;]<\/p>\n","protected":false},"author":2,"featured_media":16260,"comment_status":"open","ping_status":"open","sticky":false,"template":"","format":"standard","meta":{"_jetpack_memberships_contains_paid_content":false,"footnotes":""},"categories":[2,8,13],"tags":[],"class_list":["post-16258","post","type-post","status-publish","format-standard","has-post-thumbnail","hentry","category-3-sayfa","category-gundem","category-spor"],"jetpack_featured_media_url":"https:\/\/elbistanhabermerkezi.com\/wp-content\/uploads\/2024\/09\/j.jpg","jetpack_sharing_enabled":true,"_links":{"self":[{"href":"https:\/\/elbistanhabermerkezi.com\/index.php\/wp-json\/wp\/v2\/posts\/16258","targetHints":{"allow":["GET"]}}],"collection":[{"href":"https:\/\/elbistanhabermerkezi.com\/index.php\/wp-json\/wp\/v2\/posts"}],"about":[{"href":"https:\/\/elbistanhabermerkezi.com\/index.php\/wp-json\/wp\/v2\/types\/post"}],"author":[{"embeddable":true,"href":"https:\/\/elbistanhabermerkezi.com\/index.php\/wp-json\/wp\/v2\/users\/2"}],"replies":[{"embeddable":true,"href":"https:\/\/elbistanhabermerkezi.com\/index.php\/wp-json\/wp\/v2\/comments?post=16258"}],"version-history":[{"count":2,"href":"https:\/\/elbistanhabermerkezi.com\/index.php\/wp-json\/wp\/v2\/posts\/16258\/revisions"}],"predecessor-version":[{"id":16269,"href":"https:\/\/elbistanhabermerkezi.com\/index.php\/wp-json\/wp\/v2\/posts\/16258\/revisions\/16269"}],"wp:featuredmedia":[{"embeddable":true,"href":"https:\/\/elbistanhabermerkezi.com\/index.php\/wp-json\/wp\/v2\/media\/16260"}],"wp:attachment":[{"href":"https:\/\/elbistanhabermerkezi.com\/index.php\/wp-json\/wp\/v2\/media?parent=16258"}],"wp:term":[{"taxonomy":"category","embeddable":true,"href":"https:\/\/elbistanhabermerkezi.com\/index.php\/wp-json\/wp\/v2\/categories?post=16258"},{"taxonomy":"post_tag","embeddable":true,"href":"https:\/\/elbistanhabermerkezi.com\/index.php\/wp-json\/wp\/v2\/tags?post=16258"}],"curies":[{"name":"wp","href":"https:\/\/api.w.org\/{rel}","templated":true}]}}