{"id":1613,"date":"2022-03-18T09:28:21","date_gmt":"2022-03-18T09:28:21","guid":{"rendered":"https:\/\/elbistanhabermerkezi.com\/?p=1613"},"modified":"2022-03-18T09:28:21","modified_gmt":"2022-03-18T09:28:21","slug":"elbistanin-sevilen-ismi-mustafa-atasayar-vefat-etti","status":"publish","type":"post","link":"https:\/\/elbistanhabermerkezi.com\/index.php\/2022\/03\/18\/elbistanin-sevilen-ismi-mustafa-atasayar-vefat-etti\/","title":{"rendered":"Elbistan&#8217;\u0131n sevilen ismi Mustafa Atasayar vefat etti."},"content":{"rendered":"<div dir=\"auto\" style=\"text-align: justify;\"><strong><img loading=\"lazy\" decoding=\"async\" class=\"alignnone size-medium wp-image-1614\" src=\"https:\/\/elbistanhabermerkezi.com\/wp-content\/uploads\/2022\/03\/275877070_435210915022934_8777743425697262440_n-595x400.jpg\" alt=\"\" width=\"595\" height=\"400\" srcset=\"https:\/\/elbistanhabermerkezi.com\/wp-content\/uploads\/2022\/03\/275877070_435210915022934_8777743425697262440_n-595x400.jpg 595w, https:\/\/elbistanhabermerkezi.com\/wp-content\/uploads\/2022\/03\/275877070_435210915022934_8777743425697262440_n-768x516.jpg 768w, https:\/\/elbistanhabermerkezi.com\/wp-content\/uploads\/2022\/03\/275877070_435210915022934_8777743425697262440_n-156x105.jpg 156w, https:\/\/elbistanhabermerkezi.com\/wp-content\/uploads\/2022\/03\/275877070_435210915022934_8777743425697262440_n-230x155.jpg 230w, https:\/\/elbistanhabermerkezi.com\/wp-content\/uploads\/2022\/03\/275877070_435210915022934_8777743425697262440_n-329x221.jpg 329w, https:\/\/elbistanhabermerkezi.com\/wp-content\/uploads\/2022\/03\/275877070_435210915022934_8777743425697262440_n-666x448.jpg 666w, https:\/\/elbistanhabermerkezi.com\/wp-content\/uploads\/2022\/03\/275877070_435210915022934_8777743425697262440_n.jpg 803w\" sizes=\"auto, (max-width: 595px) 100vw, 595px\" \/><\/strong><\/div>\n<div dir=\"auto\" style=\"text-align: justify;\"><strong>Elbistanl\u0131 olup \u0130stanbul&#8217;da ikamet eden Mustafa Atasayar vefat etti.<\/strong><\/div>\n<div dir=\"auto\" style=\"text-align: justify;\"><\/div>\n<div dir=\"auto\" style=\"text-align: justify;\"><strong>Nazik, iyiliksever, vatan, millet sevdal\u0131s\u0131, g\u00fczel adam Mustafa Atasayar&#8217;\u0131n \u0130stanbul&#8217;da\u00a0 vefat etti\u011fi \u00f6\u011frenildi.<\/strong><\/div>\n<div dir=\"auto\" style=\"text-align: justify;\"><\/div>\n<div dir=\"auto\" style=\"text-align: justify;\"><strong>Cenazesi 18 Mart 2022 saat 16:00\u2019da \u00dcsk\u00fcdar&#8217;da bulunan Marmara ilahiyat fak\u00fcltesi Camii&#8217;nde namaz\u0131 k\u0131l\u0131nacak cenaze namaz\u0131n\u0131n ard\u0131ndan hekimba\u015f\u0131 mezarl\u0131\u011f\u0131na defnedilecek.<\/strong><\/div>\n<div dir=\"auto\" style=\"text-align: justify;\"><\/div>\n<div dir=\"auto\" style=\"text-align: justify;\"><strong>Allah ruhunu \u015fad, kabrini nur, mekan\u0131n\u0131 cennet eylesin. Ailesinin, akrabalar\u0131n\u0131n, e\u015f dost ve t\u00fcm Elbistanl\u0131lar\u0131n ba\u015f\u0131 sa\u011f olsun.<\/strong><\/div>\n<div dir=\"auto\" style=\"text-align: justify;\"><\/div>\n","protected":false},"excerpt":{"rendered":"<p>Elbistanl\u0131 olup \u0130stanbul&#8217;da ikamet eden Mustafa Atasayar vefat etti. Nazik, iyiliksever, vatan, millet sevdal\u0131s\u0131, g\u00fczel adam Mustafa Atasayar&#8217;\u0131n \u0130stanbul&#8217;da\u00a0 vefat etti\u011fi \u00f6\u011frenildi. Cenazesi 18 Mart 2022 saat 16:00\u2019da \u00dcsk\u00fcdar&#8217;da bulunan Marmara ilahiyat fak\u00fcltesi Camii&#8217;nde namaz\u0131 k\u0131l\u0131nacak cenaze namaz\u0131n\u0131n ard\u0131ndan hekimba\u015f\u0131 mezarl\u0131\u011f\u0131na defnedilecek. Allah ruhunu \u015fad, kabrini nur, mekan\u0131n\u0131 cennet eylesin. Ailesinin, akrabalar\u0131n\u0131n, e\u015f dost ve [&hellip;]<\/p>\n","protected":false},"author":1,"featured_media":1617,"comment_status":"open","ping_status":"open","sticky":false,"template":"","format":"standard","meta":{"_jetpack_memberships_contains_paid_content":false,"footnotes":""},"categories":[2,8],"tags":[],"class_list":["post-1613","post","type-post","status-publish","format-standard","has-post-thumbnail","hentry","category-3-sayfa","category-gundem"],"jetpack_featured_media_url":"https:\/\/elbistanhabermerkezi.com\/wp-content\/uploads\/2022\/03\/cccy.jpg","jetpack_sharing_enabled":true,"_links":{"self":[{"href":"https:\/\/elbistanhabermerkezi.com\/index.php\/wp-json\/wp\/v2\/posts\/1613","targetHints":{"allow":["GET"]}}],"collection":[{"href":"https:\/\/elbistanhabermerkezi.com\/index.php\/wp-json\/wp\/v2\/posts"}],"about":[{"href":"https:\/\/elbistanhabermerkezi.com\/index.php\/wp-json\/wp\/v2\/types\/post"}],"author":[{"embeddable":true,"href":"https:\/\/elbistanhabermerkezi.com\/index.php\/wp-json\/wp\/v2\/users\/1"}],"replies":[{"embeddable":true,"href":"https:\/\/elbistanhabermerkezi.com\/index.php\/wp-json\/wp\/v2\/comments?post=1613"}],"version-history":[{"count":1,"href":"https:\/\/elbistanhabermerkezi.com\/index.php\/wp-json\/wp\/v2\/posts\/1613\/revisions"}],"predecessor-version":[{"id":1618,"href":"https:\/\/elbistanhabermerkezi.com\/index.php\/wp-json\/wp\/v2\/posts\/1613\/revisions\/1618"}],"wp:featuredmedia":[{"embeddable":true,"href":"https:\/\/elbistanhabermerkezi.com\/index.php\/wp-json\/wp\/v2\/media\/1617"}],"wp:attachment":[{"href":"https:\/\/elbistanhabermerkezi.com\/index.php\/wp-json\/wp\/v2\/media?parent=1613"}],"wp:term":[{"taxonomy":"category","embeddable":true,"href":"https:\/\/elbistanhabermerkezi.com\/index.php\/wp-json\/wp\/v2\/categories?post=1613"},{"taxonomy":"post_tag","embeddable":true,"href":"https:\/\/elbistanhabermerkezi.com\/index.php\/wp-json\/wp\/v2\/tags?post=1613"}],"curies":[{"name":"wp","href":"https:\/\/api.w.org\/{rel}","templated":true}]}}