{"id":14984,"date":"2024-06-13T09:02:11","date_gmt":"2024-06-13T09:02:11","guid":{"rendered":"https:\/\/elbistanhabermerkezi.com\/?p=14984"},"modified":"2024-06-13T09:02:37","modified_gmt":"2024-06-13T09:02:37","slug":"anadolu-ezgileri-konseri-buyuk-begeni-topladi","status":"publish","type":"post","link":"https:\/\/elbistanhabermerkezi.com\/index.php\/2024\/06\/13\/anadolu-ezgileri-konseri-buyuk-begeni-topladi\/","title":{"rendered":"Anadolu Ezgileri Konseri B\u00fcy\u00fck Be\u011feni Toplad\u0131."},"content":{"rendered":"<p style=\"text-align: justify;\"><strong><img loading=\"lazy\" decoding=\"async\" class=\"alignnone size-full wp-image-12722\" src=\"https:\/\/elbistanhabermerkezi.com\/wp-content\/uploads\/2024\/01\/halild6.jpg\" alt=\"\" width=\"302\" height=\"202\" srcset=\"https:\/\/elbistanhabermerkezi.com\/wp-content\/uploads\/2024\/01\/halild6.jpg 302w, https:\/\/elbistanhabermerkezi.com\/wp-content\/uploads\/2024\/01\/halild6-157x105.jpg 157w, https:\/\/elbistanhabermerkezi.com\/wp-content\/uploads\/2024\/01\/halild6-232x155.jpg 232w\" sizes=\"auto, (max-width: 302px) 100vw, 302px\" \/><img loading=\"lazy\" decoding=\"async\" class=\"alignnone size-full wp-image-14807\" src=\"https:\/\/elbistanhabermerkezi.com\/wp-content\/uploads\/2024\/05\/Z.jpeg\" alt=\"\" width=\"1485\" height=\"471\" srcset=\"https:\/\/elbistanhabermerkezi.com\/wp-content\/uploads\/2024\/05\/Z.jpeg 1485w, https:\/\/elbistanhabermerkezi.com\/wp-content\/uploads\/2024\/05\/Z-600x190.jpeg 600w, https:\/\/elbistanhabermerkezi.com\/wp-content\/uploads\/2024\/05\/Z-1024x325.jpeg 1024w, https:\/\/elbistanhabermerkezi.com\/wp-content\/uploads\/2024\/05\/Z-768x244.jpeg 768w, https:\/\/elbistanhabermerkezi.com\/wp-content\/uploads\/2024\/05\/Z-171x54.jpeg 171w, https:\/\/elbistanhabermerkezi.com\/wp-content\/uploads\/2024\/05\/Z-278x88.jpeg 278w, https:\/\/elbistanhabermerkezi.com\/wp-content\/uploads\/2024\/05\/Z-376x119.jpeg 376w, https:\/\/elbistanhabermerkezi.com\/wp-content\/uploads\/2024\/05\/Z-796x252.jpeg 796w\" sizes=\"auto, (max-width: 1485px) 100vw, 1485px\" \/><\/strong><\/p>\n<p style=\"text-align: justify;\"><strong>Kahramanmara\u015f S\u00fct\u00e7\u00fc \u0130mam \u00dcniversitesi (KS\u00dc) T\u0131p Fak\u00fcltesi ve Kahramanmara\u015f Anadolu Sanat Merkezi i\u015f birli\u011fi ile \u201cAnadolu Ezgileri Konseri\u201d d\u00fczenlendi.<\/strong><\/p>\n<p style=\"text-align: justify;\"><strong>T\u0131p Fak\u00fcltesi Konferans Salonunda ger\u00e7ekle\u015ftirilen konsere KS\u00dc Rekt\u00f6r\u00fc Prof. Dr. Alptekin Yas\u0131m, E\u015fi Fatma Yas\u0131m, Rekt\u00f6r Yard\u0131mc\u0131s\u0131 Prof. Dr. Hafize \u00d6ks\u00fcz, KS\u00dc Sa\u011fl\u0131k Uygulama ve Ara\u015ft\u0131rma Hastanesi Ba\u015fhekimi Prof. Dr. Sefa Resim, akademik-idari personel, \u00f6\u011frenciler ve \u00e7ok say\u0131da sanatsever kat\u0131ld\u0131.<\/strong><\/p>\n<p style=\"text-align: justify;\"><strong>Harun \u00c7evik\u2019in \u015fefli\u011finde ses ve saz sanat\u00e7\u0131lar\u0131n\u0131n sahneye davet edilmesiyle ba\u015flayan konserde T\u00fcrk musikisinin en se\u00e7kin ezgileri dinleyicilerin be\u011fenisine sunuldu.<\/strong><\/p>\n<p style=\"text-align: justify;\"><strong>Harun \u00c7evik\u2019in \u015fefli\u011finde T\u00fcrk m\u00fczi\u011finin farkl\u0131 makamlar\u0131ndaki t\u00fcrk\u00fc ve ezgilerin icra edildi\u011fi konser, sanatseverlere unutulmaz bir gece ya\u015fatt\u0131.<\/strong><\/p>\n<p style=\"text-align: justify;\"><strong>Konser sonras\u0131, konserin d\u00fczenlenmesinde eme\u011fi ge\u00e7enlere te\u015fekk\u00fcr eden KS\u00dc Rekt\u00f6r\u00fc Prof. Dr. Alptekin Yas\u0131m, \u015eef Harun \u00c7evik\u2019e, Rekt\u00f6r Yard\u0131mc\u0131s\u0131 Prof. Dr. Hafize \u00d6ks\u00fcz ise Kahramanmara\u015f Anadolu Sanat Merkezi Korosu ad\u0131na Hem\u015firelik Hizmetleri M\u00fcd\u00fcr\u00fc Serap Koca\u2019ya \u00e7i\u00e7ek takdim etti.<\/strong><\/p>\n<p style=\"text-align: justify;\"><strong>Konser, toplu foto\u011fraf \u00e7ekimi ile son buldu.<\/strong><\/p>\n<p style=\"text-align: justify;\"><strong><img loading=\"lazy\" decoding=\"async\" class=\"alignnone size-full wp-image-14815\" src=\"https:\/\/elbistanhabermerkezi.com\/wp-content\/uploads\/2024\/05\/WhatsApp-Image-2024-05-30-at-15.29.14-1.jpeg\" alt=\"\" width=\"700\" height=\"700\" srcset=\"https:\/\/elbistanhabermerkezi.com\/wp-content\/uploads\/2024\/05\/WhatsApp-Image-2024-05-30-at-15.29.14-1.jpeg 700w, https:\/\/elbistanhabermerkezi.com\/wp-content\/uploads\/2024\/05\/WhatsApp-Image-2024-05-30-at-15.29.14-1-400x400.jpeg 400w, https:\/\/elbistanhabermerkezi.com\/wp-content\/uploads\/2024\/05\/WhatsApp-Image-2024-05-30-at-15.29.14-1-105x105.jpeg 105w, https:\/\/elbistanhabermerkezi.com\/wp-content\/uploads\/2024\/05\/WhatsApp-Image-2024-05-30-at-15.29.14-1-155x155.jpeg 155w, https:\/\/elbistanhabermerkezi.com\/wp-content\/uploads\/2024\/05\/WhatsApp-Image-2024-05-30-at-15.29.14-1-221x221.jpeg 221w, https:\/\/elbistanhabermerkezi.com\/wp-content\/uploads\/2024\/05\/WhatsApp-Image-2024-05-30-at-15.29.14-1-448x448.jpeg 448w\" sizes=\"auto, (max-width: 700px) 100vw, 700px\" \/><\/strong><\/p>\n<p style=\"text-align: justify;\"><img loading=\"lazy\" decoding=\"async\" class=\"alignnone size-full wp-image-14985\" src=\"https:\/\/elbistanhabermerkezi.com\/wp-content\/uploads\/2024\/06\/1.jpeg\" alt=\"\" width=\"600\" height=\"400\" srcset=\"https:\/\/elbistanhabermerkezi.com\/wp-content\/uploads\/2024\/06\/1.jpeg 600w, https:\/\/elbistanhabermerkezi.com\/wp-content\/uploads\/2024\/06\/1-158x105.jpeg 158w, https:\/\/elbistanhabermerkezi.com\/wp-content\/uploads\/2024\/06\/1-233x155.jpeg 233w, https:\/\/elbistanhabermerkezi.com\/wp-content\/uploads\/2024\/06\/1-332x221.jpeg 332w\" sizes=\"auto, (max-width: 600px) 100vw, 600px\" \/> <img loading=\"lazy\" decoding=\"async\" class=\"alignnone size-full wp-image-14986\" src=\"https:\/\/elbistanhabermerkezi.com\/wp-content\/uploads\/2024\/06\/3.jpeg\" alt=\"\" width=\"600\" height=\"400\" srcset=\"https:\/\/elbistanhabermerkezi.com\/wp-content\/uploads\/2024\/06\/3.jpeg 600w, https:\/\/elbistanhabermerkezi.com\/wp-content\/uploads\/2024\/06\/3-158x105.jpeg 158w, https:\/\/elbistanhabermerkezi.com\/wp-content\/uploads\/2024\/06\/3-233x155.jpeg 233w, https:\/\/elbistanhabermerkezi.com\/wp-content\/uploads\/2024\/06\/3-332x221.jpeg 332w\" sizes=\"auto, (max-width: 600px) 100vw, 600px\" \/> <img loading=\"lazy\" decoding=\"async\" class=\"alignnone size-full wp-image-14987\" src=\"https:\/\/elbistanhabermerkezi.com\/wp-content\/uploads\/2024\/06\/11T.jpeg\" alt=\"\" width=\"779\" height=\"448\" srcset=\"https:\/\/elbistanhabermerkezi.com\/wp-content\/uploads\/2024\/06\/11T.jpeg 779w, https:\/\/elbistanhabermerkezi.com\/wp-content\/uploads\/2024\/06\/11T-600x345.jpeg 600w, https:\/\/elbistanhabermerkezi.com\/wp-content\/uploads\/2024\/06\/11T-768x442.jpeg 768w, https:\/\/elbistanhabermerkezi.com\/wp-content\/uploads\/2024\/06\/11T-171x98.jpeg 171w, https:\/\/elbistanhabermerkezi.com\/wp-content\/uploads\/2024\/06\/11T-270x155.jpeg 270w, https:\/\/elbistanhabermerkezi.com\/wp-content\/uploads\/2024\/06\/11T-376x216.jpeg 376w\" sizes=\"auto, (max-width: 779px) 100vw, 779px\" \/> <img loading=\"lazy\" decoding=\"async\" class=\"alignnone size-full wp-image-14990\" src=\"https:\/\/elbistanhabermerkezi.com\/wp-content\/uploads\/2024\/06\/15.jpeg\" alt=\"\" width=\"600\" height=\"453\" srcset=\"https:\/\/elbistanhabermerkezi.com\/wp-content\/uploads\/2024\/06\/15.jpeg 600w, https:\/\/elbistanhabermerkezi.com\/wp-content\/uploads\/2024\/06\/15-530x400.jpeg 530w, https:\/\/elbistanhabermerkezi.com\/wp-content\/uploads\/2024\/06\/15-139x105.jpeg 139w, https:\/\/elbistanhabermerkezi.com\/wp-content\/uploads\/2024\/06\/15-205x155.jpeg 205w, https:\/\/elbistanhabermerkezi.com\/wp-content\/uploads\/2024\/06\/15-293x221.jpeg 293w, https:\/\/elbistanhabermerkezi.com\/wp-content\/uploads\/2024\/06\/15-593x448.jpeg 593w\" sizes=\"auto, (max-width: 600px) 100vw, 600px\" \/> <img loading=\"lazy\" decoding=\"async\" class=\"alignnone size-full wp-image-14991\" src=\"https:\/\/elbistanhabermerkezi.com\/wp-content\/uploads\/2024\/06\/23.jpeg\" alt=\"\" width=\"600\" height=\"400\" srcset=\"https:\/\/elbistanhabermerkezi.com\/wp-content\/uploads\/2024\/06\/23.jpeg 600w, https:\/\/elbistanhabermerkezi.com\/wp-content\/uploads\/2024\/06\/23-158x105.jpeg 158w, https:\/\/elbistanhabermerkezi.com\/wp-content\/uploads\/2024\/06\/23-233x155.jpeg 233w, https:\/\/elbistanhabermerkezi.com\/wp-content\/uploads\/2024\/06\/23-332x221.jpeg 332w\" sizes=\"auto, (max-width: 600px) 100vw, 600px\" \/><\/p>\n","protected":false},"excerpt":{"rendered":"<p>Kahramanmara\u015f S\u00fct\u00e7\u00fc \u0130mam \u00dcniversitesi (KS\u00dc) T\u0131p Fak\u00fcltesi ve Kahramanmara\u015f Anadolu Sanat Merkezi i\u015f birli\u011fi ile \u201cAnadolu Ezgileri Konseri\u201d d\u00fczenlendi. T\u0131p Fak\u00fcltesi Konferans Salonunda ger\u00e7ekle\u015ftirilen konsere KS\u00dc Rekt\u00f6r\u00fc Prof. Dr. Alptekin Yas\u0131m, E\u015fi Fatma Yas\u0131m, Rekt\u00f6r Yard\u0131mc\u0131s\u0131 Prof. Dr. Hafize \u00d6ks\u00fcz, KS\u00dc Sa\u011fl\u0131k Uygulama ve Ara\u015ft\u0131rma Hastanesi Ba\u015fhekimi Prof. Dr. Sefa Resim, akademik-idari personel, \u00f6\u011frenciler ve [&hellip;]<\/p>\n","protected":false},"author":1,"featured_media":14988,"comment_status":"open","ping_status":"open","sticky":false,"template":"","format":"standard","meta":{"_jetpack_memberships_contains_paid_content":false,"footnotes":""},"categories":[2,5,8,9],"tags":[],"class_list":["post-14984","post","type-post","status-publish","format-standard","has-post-thumbnail","hentry","category-3-sayfa","category-egitim","category-gundem","category-magazin"],"jetpack_featured_media_url":"https:\/\/elbistanhabermerkezi.com\/wp-content\/uploads\/2024\/06\/11TY.jpeg","jetpack_sharing_enabled":true,"_links":{"self":[{"href":"https:\/\/elbistanhabermerkezi.com\/index.php\/wp-json\/wp\/v2\/posts\/14984","targetHints":{"allow":["GET"]}}],"collection":[{"href":"https:\/\/elbistanhabermerkezi.com\/index.php\/wp-json\/wp\/v2\/posts"}],"about":[{"href":"https:\/\/elbistanhabermerkezi.com\/index.php\/wp-json\/wp\/v2\/types\/post"}],"author":[{"embeddable":true,"href":"https:\/\/elbistanhabermerkezi.com\/index.php\/wp-json\/wp\/v2\/users\/1"}],"replies":[{"embeddable":true,"href":"https:\/\/elbistanhabermerkezi.com\/index.php\/wp-json\/wp\/v2\/comments?post=14984"}],"version-history":[{"count":1,"href":"https:\/\/elbistanhabermerkezi.com\/index.php\/wp-json\/wp\/v2\/posts\/14984\/revisions"}],"predecessor-version":[{"id":14992,"href":"https:\/\/elbistanhabermerkezi.com\/index.php\/wp-json\/wp\/v2\/posts\/14984\/revisions\/14992"}],"wp:featuredmedia":[{"embeddable":true,"href":"https:\/\/elbistanhabermerkezi.com\/index.php\/wp-json\/wp\/v2\/media\/14988"}],"wp:attachment":[{"href":"https:\/\/elbistanhabermerkezi.com\/index.php\/wp-json\/wp\/v2\/media?parent=14984"}],"wp:term":[{"taxonomy":"category","embeddable":true,"href":"https:\/\/elbistanhabermerkezi.com\/index.php\/wp-json\/wp\/v2\/categories?post=14984"},{"taxonomy":"post_tag","embeddable":true,"href":"https:\/\/elbistanhabermerkezi.com\/index.php\/wp-json\/wp\/v2\/tags?post=14984"}],"curies":[{"name":"wp","href":"https:\/\/api.w.org\/{rel}","templated":true}]}}