{"id":1480,"date":"2022-03-12T06:17:58","date_gmt":"2022-03-12T06:17:58","guid":{"rendered":"https:\/\/elbistanhabermerkezi.com\/?p=1480"},"modified":"2023-01-06T17:52:42","modified_gmt":"2023-01-06T17:52:42","slug":"kaymakam-ozkan-demirden-12-mart-mesaji","status":"publish","type":"post","link":"https:\/\/elbistanhabermerkezi.com\/index.php\/2022\/03\/12\/kaymakam-ozkan-demirden-12-mart-mesaji\/","title":{"rendered":"Kaymakam \u00d6zkan Demir&#8217;den 12 Mart mesaj\u0131!"},"content":{"rendered":"<p style=\"text-align: justify;\"><img loading=\"lazy\" decoding=\"async\" class=\"alignnone size-medium wp-image-1481\" src=\"https:\/\/elbistanhabermerkezi.com\/wp-content\/uploads\/2022\/03\/275299131_282423677372801_6983788915186591334_n-600x358.jpg\" alt=\"\" width=\"600\" height=\"358\" srcset=\"https:\/\/elbistanhabermerkezi.com\/wp-content\/uploads\/2022\/03\/275299131_282423677372801_6983788915186591334_n-600x358.jpg 600w, https:\/\/elbistanhabermerkezi.com\/wp-content\/uploads\/2022\/03\/275299131_282423677372801_6983788915186591334_n-768x458.jpg 768w, https:\/\/elbistanhabermerkezi.com\/wp-content\/uploads\/2022\/03\/275299131_282423677372801_6983788915186591334_n-171x102.jpg 171w, https:\/\/elbistanhabermerkezi.com\/wp-content\/uploads\/2022\/03\/275299131_282423677372801_6983788915186591334_n-260x155.jpg 260w, https:\/\/elbistanhabermerkezi.com\/wp-content\/uploads\/2022\/03\/275299131_282423677372801_6983788915186591334_n-371x221.jpg 371w, https:\/\/elbistanhabermerkezi.com\/wp-content\/uploads\/2022\/03\/275299131_282423677372801_6983788915186591334_n-751x448.jpg 751w, https:\/\/elbistanhabermerkezi.com\/wp-content\/uploads\/2022\/03\/275299131_282423677372801_6983788915186591334_n.jpg 800w\" sizes=\"auto, (max-width: 600px) 100vw, 600px\" \/><\/p>\n<p style=\"text-align: justify;\"><strong>\u0130l\u00e7e Kaymakam\u0131m\u0131z \u00d6zkan DEM\u0130R \u0130stiklal Mar\u015f\u0131\u2019n\u0131n Kabul\u00fcn\u00fcn 101. Y\u0131l D\u00f6n\u00fcm\u00fc dolay\u0131s\u0131 ile bir Mesaj yay\u0131nlad\u0131.<\/strong><\/p>\n<p style=\"text-align: justify;\"><strong>Elbistan Kaymakam\u0131 \u00d6zkan Demir, \u0130stiklal Mar\u015f\u0131\u2019n\u0131n kabul\u00fcn\u00fcn 101.y\u0131l d\u00f6n\u00fcm\u00fc ve Mehmet Akif Ersoy\u2019u Anma G\u00fcn\u00fc dolay\u0131s\u0131yla bir mesaj yay\u0131mlad\u0131.<\/strong><\/p>\n<p style=\"text-align: justify;\"><strong>Kaymakam Demir, \u0130stiklal Mar\u015f\u0131\u2019n\u0131n, T\u00fcrk milletinin ba\u011f\u0131ms\u0131zl\u0131\u011f\u0131na ve kutsal de\u011ferlerine olan inanc\u0131n\u0131n destan\u0131 oldu\u011funu s\u00f6yledi.<\/strong><\/p>\n<p style=\"text-align: justify;\"><strong>\u0130stiklal Mar\u015f\u0131m\u0131z\u0131n, 101 y\u0131ld\u0131r oldu\u011fu gibi sonsuza kadar vatan semalar\u0131nda yank\u0131lanmaya devam edece\u011fini vurgulayan Kaymakam Demir, mesaj\u0131nda \u015fu ifadelere yer verdi:<\/strong><\/p>\n<p style=\"text-align: justify;\"><strong>\u201c\u0130stiklal Mar\u015f\u0131m\u0131z\u0131n T\u00fcrkiye B\u00fcy\u00fck Millet Meclisi taraf\u0131ndan kabul edili\u015finin 101.y\u0131l d\u00f6n\u00fcm\u00fcn\u00fc idrak etmenin gururunu ya\u015f\u0131yoruz.<\/strong><\/p>\n<p style=\"text-align: justify;\"><strong>\u0130stiklal Mar\u015f\u0131m\u0131z, <a href=\"http:\/\/tcremix.org\/\" title=\"Petshop\">Petshop<\/a> milletimizin, vatan ve bayrak sevgisinden, \u00f6zg\u00fcr ve ba\u011f\u0131ms\u0131z ya\u015fama tutkusundan \u00f6d\u00fcn vermeden, Kurtulu\u015f Sava\u015f\u0131\u2019nda 7 d\u00fcvele kar\u015f\u0131 dimdik ayakta durarak yeniden varolu\u015funun en \u00f6zel simgesidir.<\/strong><\/p>\n<p style=\"text-align: justify;\"><strong>Vatan \u015fairi Mehmet Akif Ersoy\u2019un, \u2018O \u015fiir, milletin o g\u00fcnk\u00fc heyecan\u0131n\u0131n bir ifadesidir, o g\u00fcnleri ya\u015famak laz\u0131m, o \u015fiir art\u0131k benim de\u011fildir, o milletimindir\u2019 diyerek milletimize hediye etti\u011fi \u0130stiklal Mar\u015f\u0131m\u0131z\u0131n dizeleri, T\u00fcrk milletinin ba\u011f\u0131ms\u0131zl\u0131\u011f\u0131n\u0131n tescilidir. Milletin kader, k\u0131van\u00e7 ve istiklal m\u00fccadelesinin terc\u00fcman\u0131 olan \u0130stiklal Mar\u015f\u0131m\u0131z\u0131n her dizesi, her k\u0131tas\u0131 milletimizin kalbinin derinliklerinde ilelebet muhafaza edilecektir. Bug\u00fcn hepimize d\u00fc\u015fen en b\u00fcy\u00fck g\u00f6rev, \u0130stiklal Mar\u015f\u0131m\u0131zda anlam\u0131n\u0131 buldu\u011fu gibi verdi\u011fimiz ba\u011f\u0131ms\u0131zl\u0131k m\u00fccadelesinin \u00f6nem ve de\u011ferlerinin \u015fuuruna vararak, atalar\u0131m\u0131z\u0131n emaneti olan vatan\u0131m\u0131za sahip \u00e7\u0131kmak ve T\u00fcrkiye Cumhuriyeti\u2019ni sonsuza kadar ya\u015fatmak olmal\u0131d\u0131r.<\/strong><\/p>\n<p style=\"text-align: justify;\"><strong>Bu duygu ve d\u00fc\u015f\u00fcncelerle; ba\u015fta Cumhuriyetimizin kurucusu Gazi Mustafa Kemal Atat\u00fcrk\u2019\u00fc, \u0130stiklal Mar\u015f\u0131\u2019n\u0131n \u015eairi Mehmet Akif Ersoy\u2019u ve \u0130stiklal Sava\u015f\u0131\u2019n\u0131n t\u00fcm kahramanlar\u0131n\u0131 rahmet, minnet ve \u015f\u00fckranla an\u0131yorum.\u201d<\/strong><\/p>\n<p style=\"text-align: justify;\">\n","protected":false},"excerpt":{"rendered":"<p>\u0130l\u00e7e Kaymakam\u0131m\u0131z \u00d6zkan DEM\u0130R \u0130stiklal Mar\u015f\u0131\u2019n\u0131n Kabul\u00fcn\u00fcn 101. Y\u0131l D\u00f6n\u00fcm\u00fc dolay\u0131s\u0131 ile bir Mesaj yay\u0131nlad\u0131. Elbistan Kaymakam\u0131 \u00d6zkan Demir, \u0130stiklal Mar\u015f\u0131\u2019n\u0131n kabul\u00fcn\u00fcn 101.y\u0131l d\u00f6n\u00fcm\u00fc ve Mehmet Akif Ersoy\u2019u Anma G\u00fcn\u00fc dolay\u0131s\u0131yla bir mesaj yay\u0131mlad\u0131. Kaymakam Demir, \u0130stiklal Mar\u015f\u0131\u2019n\u0131n, T\u00fcrk milletinin ba\u011f\u0131ms\u0131zl\u0131\u011f\u0131na ve kutsal de\u011ferlerine olan inanc\u0131n\u0131n destan\u0131 oldu\u011funu s\u00f6yledi. \u0130stiklal Mar\u015f\u0131m\u0131z\u0131n, 101 y\u0131ld\u0131r oldu\u011fu gibi [&hellip;]<\/p>\n","protected":false},"author":1,"featured_media":1484,"comment_status":"open","ping_status":"open","sticky":false,"template":"","format":"standard","meta":{"_jetpack_memberships_contains_paid_content":false,"footnotes":""},"categories":[2,8],"tags":[],"class_list":["post-1480","post","type-post","status-publish","format-standard","has-post-thumbnail","hentry","category-3-sayfa","category-gundem"],"jetpack_featured_media_url":"https:\/\/elbistanhabermerkezi.com\/wp-content\/uploads\/2022\/03\/mmh.jpg","jetpack_sharing_enabled":true,"_links":{"self":[{"href":"https:\/\/elbistanhabermerkezi.com\/index.php\/wp-json\/wp\/v2\/posts\/1480","targetHints":{"allow":["GET"]}}],"collection":[{"href":"https:\/\/elbistanhabermerkezi.com\/index.php\/wp-json\/wp\/v2\/posts"}],"about":[{"href":"https:\/\/elbistanhabermerkezi.com\/index.php\/wp-json\/wp\/v2\/types\/post"}],"author":[{"embeddable":true,"href":"https:\/\/elbistanhabermerkezi.com\/index.php\/wp-json\/wp\/v2\/users\/1"}],"replies":[{"embeddable":true,"href":"https:\/\/elbistanhabermerkezi.com\/index.php\/wp-json\/wp\/v2\/comments?post=1480"}],"version-history":[{"count":2,"href":"https:\/\/elbistanhabermerkezi.com\/index.php\/wp-json\/wp\/v2\/posts\/1480\/revisions"}],"predecessor-version":[{"id":7720,"href":"https:\/\/elbistanhabermerkezi.com\/index.php\/wp-json\/wp\/v2\/posts\/1480\/revisions\/7720"}],"wp:featuredmedia":[{"embeddable":true,"href":"https:\/\/elbistanhabermerkezi.com\/index.php\/wp-json\/wp\/v2\/media\/1484"}],"wp:attachment":[{"href":"https:\/\/elbistanhabermerkezi.com\/index.php\/wp-json\/wp\/v2\/media?parent=1480"}],"wp:term":[{"taxonomy":"category","embeddable":true,"href":"https:\/\/elbistanhabermerkezi.com\/index.php\/wp-json\/wp\/v2\/categories?post=1480"},{"taxonomy":"post_tag","embeddable":true,"href":"https:\/\/elbistanhabermerkezi.com\/index.php\/wp-json\/wp\/v2\/tags?post=1480"}],"curies":[{"name":"wp","href":"https:\/\/api.w.org\/{rel}","templated":true}]}}