{"id":14282,"date":"2024-04-26T16:51:52","date_gmt":"2024-04-26T16:51:52","guid":{"rendered":"https:\/\/elbistanhabermerkezi.com\/?p=14282"},"modified":"2024-04-26T16:51:52","modified_gmt":"2024-04-26T16:51:52","slug":"rektor-yasim-azerbaycanda-baku-buyukelcisi-doc-dr-cahit-bagciyi-ziyaret-etti","status":"publish","type":"post","link":"https:\/\/elbistanhabermerkezi.com\/index.php\/2024\/04\/26\/rektor-yasim-azerbaycanda-baku-buyukelcisi-doc-dr-cahit-bagciyi-ziyaret-etti\/","title":{"rendered":"Rekt\u00f6r Yas\u0131m, Azerbaycan\u2019da Bak\u00fc B\u00fcy\u00fckel\u00e7isi Do\u00e7. Dr. Cahit Ba\u011fc\u0131\u2019y\u0131 Ziyaret Etti."},"content":{"rendered":"<p style=\"text-align: justify;\"><strong><img loading=\"lazy\" decoding=\"async\" class=\"alignnone size-full wp-image-12722\" src=\"https:\/\/elbistanhabermerkezi.com\/wp-content\/uploads\/2024\/01\/halild6.jpg\" alt=\"\" width=\"302\" height=\"202\" srcset=\"https:\/\/elbistanhabermerkezi.com\/wp-content\/uploads\/2024\/01\/halild6.jpg 302w, https:\/\/elbistanhabermerkezi.com\/wp-content\/uploads\/2024\/01\/halild6-157x105.jpg 157w, https:\/\/elbistanhabermerkezi.com\/wp-content\/uploads\/2024\/01\/halild6-232x155.jpg 232w\" sizes=\"auto, (max-width: 302px) 100vw, 302px\" \/><img loading=\"lazy\" decoding=\"async\" class=\"alignnone size-full wp-image-14180\" src=\"https:\/\/elbistanhabermerkezi.com\/wp-content\/uploads\/2024\/04\/SUVARI.jpeg\" alt=\"\" width=\"1600\" height=\"901\" srcset=\"https:\/\/elbistanhabermerkezi.com\/wp-content\/uploads\/2024\/04\/SUVARI.jpeg 1600w, https:\/\/elbistanhabermerkezi.com\/wp-content\/uploads\/2024\/04\/SUVARI-600x338.jpeg 600w, https:\/\/elbistanhabermerkezi.com\/wp-content\/uploads\/2024\/04\/SUVARI-1024x577.jpeg 1024w, https:\/\/elbistanhabermerkezi.com\/wp-content\/uploads\/2024\/04\/SUVARI-768x432.jpeg 768w, https:\/\/elbistanhabermerkezi.com\/wp-content\/uploads\/2024\/04\/SUVARI-1536x865.jpeg 1536w, https:\/\/elbistanhabermerkezi.com\/wp-content\/uploads\/2024\/04\/SUVARI-171x96.jpeg 171w, https:\/\/elbistanhabermerkezi.com\/wp-content\/uploads\/2024\/04\/SUVARI-275x155.jpeg 275w, https:\/\/elbistanhabermerkezi.com\/wp-content\/uploads\/2024\/04\/SUVARI-376x212.jpeg 376w, https:\/\/elbistanhabermerkezi.com\/wp-content\/uploads\/2024\/04\/SUVARI-796x448.jpeg 796w\" sizes=\"auto, (max-width: 1600px) 100vw, 1600px\" \/><\/strong><\/p>\n<p style=\"text-align: justify;\"><strong>Kahramanmara\u015f S\u00fct\u00e7\u00fc \u0130mam \u00dcniversitesi (KS\u00dc) Rekt\u00f6r\u00fc Prof. Dr. Alptekin Yas\u0131m, karde\u015flik ba\u011flar\u0131n\u0131 g\u00fc\u00e7lendirmek ve akademik i\u015f birli\u011fi a\u011f\u0131n\u0131 geni\u015fletmek i\u00e7in beraberinde bir heyetle gitti\u011fi Azerbaycan\u2019da Bak\u00fc B\u00fcy\u00fckel\u00e7isi Do\u00e7. Dr. Cahit Ba\u011fc\u0131\u2019y\u0131 ziyaret etti.<\/strong><\/p>\n<p style=\"text-align: justify;\"><strong>B\u00fcy\u00fckel\u00e7ilik makam\u0131nda yap\u0131lan ziyarette Rekt\u00f6r Yas\u0131m\u2019a Rekt\u00f6r Yard\u0131mc\u0131lar\u0131 Prof. Dr. Nuri Kahveci ve Prof. Dr. Orhan Do\u011fan ile Genel Sekreter Ali R\u0131za Bekler e\u015flik etti.<\/strong><\/p>\n<p style=\"text-align: justify;\"><strong>Karde\u015f \u00fclke Azerbaycan ile yap\u0131lan akademik i\u015f birliklerine ili\u015fkin B\u00fcy\u00fckel\u00e7i Ba\u011fc\u0131\u2019y\u0131 bilgilendiren Rekt\u00f6r Yas\u0131m, Azerbaycan \u00fcniversiteleri ile g\u00fcn ge\u00e7tik\u00e7e ortak akademik faaliyetlerin daha da art\u0131r\u0131laca\u011f\u0131n\u0131 belirtti. Rekt\u00f6r Yas\u0131m, misafirperverli\u011fi ve g\u00f6sterdi\u011fi ilgi i\u00e7in Ba\u011fc\u0131\u2019ya te\u015fekk\u00fcr ederek \u00e7al\u0131\u015fmalar\u0131nda ba\u015far\u0131lar diledi.<\/strong><\/p>\n<p style=\"text-align: justify;\"><strong>KS\u00dc heyetinin ziyaretinden duydu\u011fu memnuniyeti dile getiren Bak\u00fc B\u00fcy\u00fckel\u00e7isi Ba\u011fc\u0131, KS\u00dc\u2019n\u00fcn Azerbaycan \u00fcniversiteleri ile yapt\u0131\u011f\u0131 akademik i\u015f birliklerinin \u00f6nemine i\u015faret ederek b\u00fcy\u00fckel\u00e7ilik olarak bu konuda her t\u00fcrl\u00fc deste\u011fi vermeye haz\u0131r olduklar\u0131n\u0131n alt\u0131n\u0131 \u00e7izdi.<\/strong><\/p>\n<p style=\"text-align: justify;\"><strong>Ziyaret, Rekt\u00f6r Yas\u0131m\u2019\u0131n B\u00fcy\u00fckel\u00e7i Ba\u011fc\u0131\u2019ya KS\u00dc logolu Kahramanmara\u015f i\u015fi ceviz oyma sand\u0131k hediye etmesinin ard\u0131ndan hat\u0131ra foto\u011fraf\u0131 \u00e7ekilmesiyle sona erdi.<\/strong><\/p>\n<p style=\"text-align: justify;\"><img loading=\"lazy\" decoding=\"async\" class=\"alignnone size-full wp-image-14283\" src=\"https:\/\/elbistanhabermerkezi.com\/wp-content\/uploads\/2024\/04\/WhatsApp-Image-2024-04-25-at-09.09.57-2.jpeg\" alt=\"\" width=\"600\" height=\"450\" srcset=\"https:\/\/elbistanhabermerkezi.com\/wp-content\/uploads\/2024\/04\/WhatsApp-Image-2024-04-25-at-09.09.57-2.jpeg 600w, https:\/\/elbistanhabermerkezi.com\/wp-content\/uploads\/2024\/04\/WhatsApp-Image-2024-04-25-at-09.09.57-2-533x400.jpeg 533w, https:\/\/elbistanhabermerkezi.com\/wp-content\/uploads\/2024\/04\/WhatsApp-Image-2024-04-25-at-09.09.57-2-140x105.jpeg 140w, https:\/\/elbistanhabermerkezi.com\/wp-content\/uploads\/2024\/04\/WhatsApp-Image-2024-04-25-at-09.09.57-2-207x155.jpeg 207w, https:\/\/elbistanhabermerkezi.com\/wp-content\/uploads\/2024\/04\/WhatsApp-Image-2024-04-25-at-09.09.57-2-295x221.jpeg 295w, https:\/\/elbistanhabermerkezi.com\/wp-content\/uploads\/2024\/04\/WhatsApp-Image-2024-04-25-at-09.09.57-2-597x448.jpeg 597w\" sizes=\"auto, (max-width: 600px) 100vw, 600px\" \/> <img loading=\"lazy\" decoding=\"async\" class=\"alignnone size-full wp-image-14284\" src=\"https:\/\/elbistanhabermerkezi.com\/wp-content\/uploads\/2024\/04\/WhatsApp-Image-2024-04-25-at-09.09.57-2tu.jpeg\" alt=\"\" width=\"779\" height=\"448\" srcset=\"https:\/\/elbistanhabermerkezi.com\/wp-content\/uploads\/2024\/04\/WhatsApp-Image-2024-04-25-at-09.09.57-2tu.jpeg 779w, https:\/\/elbistanhabermerkezi.com\/wp-content\/uploads\/2024\/04\/WhatsApp-Image-2024-04-25-at-09.09.57-2tu-600x345.jpeg 600w, https:\/\/elbistanhabermerkezi.com\/wp-content\/uploads\/2024\/04\/WhatsApp-Image-2024-04-25-at-09.09.57-2tu-768x442.jpeg 768w, https:\/\/elbistanhabermerkezi.com\/wp-content\/uploads\/2024\/04\/WhatsApp-Image-2024-04-25-at-09.09.57-2tu-171x98.jpeg 171w, https:\/\/elbistanhabermerkezi.com\/wp-content\/uploads\/2024\/04\/WhatsApp-Image-2024-04-25-at-09.09.57-2tu-270x155.jpeg 270w, https:\/\/elbistanhabermerkezi.com\/wp-content\/uploads\/2024\/04\/WhatsApp-Image-2024-04-25-at-09.09.57-2tu-376x216.jpeg 376w\" sizes=\"auto, (max-width: 779px) 100vw, 779px\" \/><\/p>\n","protected":false},"excerpt":{"rendered":"<p>Kahramanmara\u015f S\u00fct\u00e7\u00fc \u0130mam \u00dcniversitesi (KS\u00dc) Rekt\u00f6r\u00fc Prof. Dr. Alptekin Yas\u0131m, karde\u015flik ba\u011flar\u0131n\u0131 g\u00fc\u00e7lendirmek ve akademik i\u015f birli\u011fi a\u011f\u0131n\u0131 geni\u015fletmek i\u00e7in beraberinde bir heyetle gitti\u011fi Azerbaycan\u2019da Bak\u00fc B\u00fcy\u00fckel\u00e7isi Do\u00e7. Dr. Cahit Ba\u011fc\u0131\u2019y\u0131 ziyaret etti. B\u00fcy\u00fckel\u00e7ilik makam\u0131nda yap\u0131lan ziyarette Rekt\u00f6r Yas\u0131m\u2019a Rekt\u00f6r Yard\u0131mc\u0131lar\u0131 Prof. Dr. Nuri Kahveci ve Prof. Dr. Orhan Do\u011fan ile Genel Sekreter Ali R\u0131za [&hellip;]<\/p>\n","protected":false},"author":1,"featured_media":14285,"comment_status":"open","ping_status":"open","sticky":false,"template":"","format":"standard","meta":{"_jetpack_memberships_contains_paid_content":false,"footnotes":""},"categories":[2,4,5,8],"tags":[],"class_list":["post-14282","post","type-post","status-publish","format-standard","has-post-thumbnail","hentry","category-3-sayfa","category-dunya","category-egitim","category-gundem"],"jetpack_featured_media_url":"https:\/\/elbistanhabermerkezi.com\/wp-content\/uploads\/2024\/04\/WhatsApp-Image-2024-04-25-at-09.09.57-2tut.jpeg","jetpack_sharing_enabled":true,"_links":{"self":[{"href":"https:\/\/elbistanhabermerkezi.com\/index.php\/wp-json\/wp\/v2\/posts\/14282","targetHints":{"allow":["GET"]}}],"collection":[{"href":"https:\/\/elbistanhabermerkezi.com\/index.php\/wp-json\/wp\/v2\/posts"}],"about":[{"href":"https:\/\/elbistanhabermerkezi.com\/index.php\/wp-json\/wp\/v2\/types\/post"}],"author":[{"embeddable":true,"href":"https:\/\/elbistanhabermerkezi.com\/index.php\/wp-json\/wp\/v2\/users\/1"}],"replies":[{"embeddable":true,"href":"https:\/\/elbistanhabermerkezi.com\/index.php\/wp-json\/wp\/v2\/comments?post=14282"}],"version-history":[{"count":1,"href":"https:\/\/elbistanhabermerkezi.com\/index.php\/wp-json\/wp\/v2\/posts\/14282\/revisions"}],"predecessor-version":[{"id":14288,"href":"https:\/\/elbistanhabermerkezi.com\/index.php\/wp-json\/wp\/v2\/posts\/14282\/revisions\/14288"}],"wp:featuredmedia":[{"embeddable":true,"href":"https:\/\/elbistanhabermerkezi.com\/index.php\/wp-json\/wp\/v2\/media\/14285"}],"wp:attachment":[{"href":"https:\/\/elbistanhabermerkezi.com\/index.php\/wp-json\/wp\/v2\/media?parent=14282"}],"wp:term":[{"taxonomy":"category","embeddable":true,"href":"https:\/\/elbistanhabermerkezi.com\/index.php\/wp-json\/wp\/v2\/categories?post=14282"},{"taxonomy":"post_tag","embeddable":true,"href":"https:\/\/elbistanhabermerkezi.com\/index.php\/wp-json\/wp\/v2\/tags?post=14282"}],"curies":[{"name":"wp","href":"https:\/\/api.w.org\/{rel}","templated":true}]}}