{"id":12038,"date":"2023-11-29T09:18:33","date_gmt":"2023-11-29T09:18:33","guid":{"rendered":"https:\/\/elbistanhabermerkezi.com\/?p=12038"},"modified":"2023-11-29T09:18:33","modified_gmt":"2023-11-29T09:18:33","slug":"hemsehrilerimize-kolaylik-saglamak-icin-orta-hasarli-binalarin-guclendirilmesinde-yeni-surec-basliyor","status":"publish","type":"post","link":"https:\/\/elbistanhabermerkezi.com\/index.php\/2023\/11\/29\/hemsehrilerimize-kolaylik-saglamak-icin-orta-hasarli-binalarin-guclendirilmesinde-yeni-surec-basliyor\/","title":{"rendered":"\u201cHem\u015fehrilerimize Kolayl\u0131k Sa\u011flamak \u0130\u00e7in Orta Hasarl\u0131 Binalar\u0131n G\u00fc\u00e7lendirilmesinde Yeni S\u00fcre\u00e7 Ba\u015fl\u0131yor\u201d"},"content":{"rendered":"<p style=\"text-align: justify;\"><img loading=\"lazy\" decoding=\"async\" class=\"alignnone size-full wp-image-826\" src=\"https:\/\/elbistanhabermerkezi.com\/wp-content\/uploads\/2022\/02\/ahalil.jpg\" alt=\"\" width=\"300\" height=\"194\" srcset=\"https:\/\/elbistanhabermerkezi.com\/wp-content\/uploads\/2022\/02\/ahalil.jpg 300w, https:\/\/elbistanhabermerkezi.com\/wp-content\/uploads\/2022\/02\/ahalil-162x105.jpg 162w, https:\/\/elbistanhabermerkezi.com\/wp-content\/uploads\/2022\/02\/ahalil-240x155.jpg 240w\" sizes=\"auto, (max-width: 300px) 100vw, 300px\" \/><\/p>\n<p style=\"text-align: justify;\"><strong><em>Ba\u015fkan Hayrettin G\u00fcng\u00f6r;<\/em><\/strong><\/p>\n<p style=\"text-align: justify;\"><strong>\u201cHem\u015fehrilerimize Kolayl\u0131k Sa\u011flamak \u0130\u00e7in Orta Hasarl\u0131 Binalar\u0131n G\u00fc\u00e7lendirilmesinde Yeni S\u00fcre\u00e7 Ba\u015fl\u0131yor\u201d<\/strong><\/p>\n<p style=\"text-align: justify;\"><strong>Aksu TV\u2019de yay\u0131nlanan Haber \u00d6tesi program\u0131na kat\u0131lan Ba\u015fkan G\u00fcng\u00f6r, \u201cOrta hasarl\u0131 binalar\u0131n g\u00fc\u00e7lendirme s\u00fcre\u00e7lerinin daha sa\u011fl\u0131kl\u0131 ilerlemesi noktas\u0131nda yeni bir model ortaya koyduk. Olu\u015fturaca\u011f\u0131m\u0131z uzman ekip,\u00a0 projeyi haz\u0131rlayacak ve binan\u0131n g\u00fc\u00e7lendirilip g\u00fc\u00e7lendirilemeyece\u011fi noktas\u0131nda raporu d\u00fczenleyip ilgili il\u00e7e belediyesine verecek. Ekibin g\u00fc\u00e7lendirilebilir dedi\u011fi binaya il\u00e7e belediyesi de ruhsat verecek ve s\u00fcre\u00e7ler \u00e7ok daha h\u0131zl\u0131 bir \u015fekilde ilerleyecek. Hem\u015fehrilerimiz i\u00e7in \u00e7ok b\u00fcy\u00fck kolayl\u0131k\u201d dedi.<\/strong><\/p>\n<p style=\"text-align: justify;\"><strong>\u00a0<\/strong><\/p>\n<p style=\"text-align: justify;\"><strong>Kahramanmara\u015f B\u00fcy\u00fck\u015fehir Belediye Ba\u015fkan\u0131 Hayrettin G\u00fcng\u00f6r, Aksu TV\u2019de yay\u0131nlanan Haber \u00d6tesi program\u0131na konuk oldu. Kurtulu\u015f \u015e\u00fck\u00fcr\u2019\u00fcn moderat\u00f6rl\u00fc\u011f\u00fcnde ger\u00e7ekle\u015ftirilen canl\u0131 yay\u0131nda Ba\u015fkan Hayrettin G\u00fcng\u00f6r; zemin et\u00fct \u00e7al\u0131\u015fmalar\u0131, orta hasarl\u0131 binalar\u0131n son durumu, Kentsel Tasar\u0131m Projesi, \u00c7aml\u0131k Mahallesi tapu teslimi ve altyap\u0131 yat\u0131r\u0131mlar\u0131na ili\u015fkin bilgiler aktard\u0131.<\/strong><\/p>\n<p style=\"text-align: justify;\"><strong> <img loading=\"lazy\" decoding=\"async\" class=\"alignnone size-full wp-image-11465\" src=\"https:\/\/elbistanhabermerkezi.com\/wp-content\/uploads\/2023\/10\/CADDE1.jpg\" alt=\"\" width=\"700\" height=\"350\" srcset=\"https:\/\/elbistanhabermerkezi.com\/wp-content\/uploads\/2023\/10\/CADDE1.jpg 700w, https:\/\/elbistanhabermerkezi.com\/wp-content\/uploads\/2023\/10\/CADDE1-600x300.jpg 600w, https:\/\/elbistanhabermerkezi.com\/wp-content\/uploads\/2023\/10\/CADDE1-171x86.jpg 171w, https:\/\/elbistanhabermerkezi.com\/wp-content\/uploads\/2023\/10\/CADDE1-278x139.jpg 278w, https:\/\/elbistanhabermerkezi.com\/wp-content\/uploads\/2023\/10\/CADDE1-376x188.jpg 376w\" sizes=\"auto, (max-width: 700px) 100vw, 700px\" \/><\/strong><\/p>\n<p style=\"text-align: justify;\"><strong>A\u011f\u0131r Hasarl\u0131 Binalar\u0131n Y\u0131k\u0131m\u0131nda \u00d6nemli A\u015fama Kat Ettik<\/strong><\/p>\n<p style=\"text-align: justify;\"><strong>A\u011f\u0131r hasarl\u0131 binalar\u0131n y\u0131k\u0131m\u0131 ve enkaz\u0131n\u0131n kald\u0131r\u0131lmas\u0131 noktas\u0131nda \u00f6nemli a\u015fama kat edildi\u011fini vurgulayan Ba\u015fkan Hayrettin G\u00fcng\u00f6r, \u201c\u015eehrimizde 238 bin 425 bina ve 558 bin 219 ba\u011f\u0131ms\u0131z b\u00f6l\u00fcm var. 6 \u015eubat depremlerinde 55 binin \u00fczerindeki binam\u0131z ve 110 binin \u00fczerinde ba\u011f\u0131ms\u0131z b\u00f6l\u00fcm hasar g\u00f6rd\u00fc. \u015eehrimizdeki yap\u0131 stokunun 4\u2019te 1\u2019i bu depremden etkilendi. Deprem sonras\u0131 h\u0131zl\u0131 bir toparlanma s\u00fcreci ya\u015fad\u0131k. 35 bin a\u011f\u0131r hasarl\u0131 binam\u0131z vard\u0131. Bunlar\u0131n y\u00fczde 85\u2019inin y\u0131k\u0131m\u0131 tamamland\u0131 ve enkazlar\u0131 kald\u0131r\u0131ld\u0131. Deprem b\u00f6lgesi di\u011fer \u015fehirlerle kar\u015f\u0131la\u015ft\u0131rd\u0131\u011f\u0131m\u0131zda bu konuda \u00e7ok daha fazla ilerleme kat etti\u011fimizi belirtmek istiyorum\u201d diye konu\u015ftu.<\/strong><\/p>\n<p style=\"text-align: justify;\"><strong>\u00a0<\/strong><\/p>\n<p style=\"text-align: justify;\"><strong>10 Binin \u00dczerinde Konut ve K\u00f6y Evi Aral\u0131k Sonuna Kadar Teslim Edilecek<\/strong><\/p>\n<p style=\"text-align: justify;\"><strong>Aral\u0131k ay\u0131 sonuna kadar 10 binin \u00fczerinde konut ve k\u00f6y evinin tamamlanarak hak sahiplerine teslim edilece\u011fini a\u00e7\u0131klayan Ba\u015fkan G\u00fcng\u00f6r, \u201cHak sahipli\u011fine konu konut ve k\u00f6y evi say\u0131s\u0131 toplam 72 bin 365. Bunlar\u0131n 49 bin 221\u2019inin in\u015fas\u0131na ba\u015fland\u0131 devam ediyor. Aral\u0131k ay\u0131 sonuna kadar 8 bin 568 konut ve bin 769 k\u00f6y evi tamamlanarak hak sahiplerine teslim edilecek\u201d dedi.<\/strong><\/p>\n<p style=\"text-align: justify;\"><strong>\u00a0<\/strong><\/p>\n<p style=\"text-align: justify;\"><strong>Zemin Et\u00fct \u00c7al\u0131\u015fmalar\u0131 B\u00fcy\u00fck Oranda Tamamland\u0131<\/strong><\/p>\n<p style=\"text-align: justify;\"><strong>\u015eehir genelinde zemin et\u00fct \u00e7al\u0131\u015fmalar\u0131n\u0131n \u00e7ok b\u00fcy\u00fck oranda tamamland\u0131\u011f\u0131 ve yap\u0131la\u015fmaya izin verildi\u011fini belirten G\u00fcng\u00f6r, \u201cDeprem sonras\u0131 en \u00f6nemli i\u015flerimizden birisi zemin et\u00fct \u00e7al\u0131\u015fmalar\u0131 oldu. \u015eehir genelinde \u00e7ok detayl\u0131 bir zemin et\u00fct \u00e7al\u0131\u015fmas\u0131 ger\u00e7ekle\u015ftirildi. Zemin et\u00fct\u00fc tamamlanan yerlerde imar plan\u0131 rahatlat\u0131ld\u0131 ve yap\u0131 ruhsat\u0131 verilmeye ba\u015fland\u0131. \u015eehir merkezinde zemin et\u00fct \u00e7al\u0131\u015fmas\u0131 devam eden 3 b\u00f6lgemiz var. Kayseri Yolu\u2019ndan K\u0131br\u0131s Meydan\u0131\u2019na kadar olan k\u0131s\u0131mda \u00e7al\u0131\u015fmalar tamamland\u0131 ve zeminde g\u00fc\u00e7lendirme yap\u0131larak zemin art\u0131 3 veya 4 katl\u0131 yap\u0131 yap\u0131labilece\u011fi kararla\u015ft\u0131r\u0131ld\u0131. Heyelan b\u00f6lgesi ve fay k\u0131r\u0131klar\u0131nda Bakanl\u0131\u011f\u0131m\u0131z zemin et\u00fct \u00e7al\u0131\u015fmalar\u0131n\u0131 s\u00fcrd\u00fcr\u00fcyor. B\u00fcy\u00fck\u015fehir Belediyesi olarak bizler de bu \u00e7al\u0131\u015fmalara destek veriyoruz\u201d c\u00fcmlelerini kaydetti.<\/strong><\/p>\n<p style=\"text-align: justify;\"><strong> <img loading=\"lazy\" decoding=\"async\" class=\"alignnone size-full wp-image-11464\" src=\"https:\/\/elbistanhabermerkezi.com\/wp-content\/uploads\/2023\/10\/CADDE.jpg\" alt=\"\" width=\"700\" height=\"350\" srcset=\"https:\/\/elbistanhabermerkezi.com\/wp-content\/uploads\/2023\/10\/CADDE.jpg 700w, https:\/\/elbistanhabermerkezi.com\/wp-content\/uploads\/2023\/10\/CADDE-600x300.jpg 600w, https:\/\/elbistanhabermerkezi.com\/wp-content\/uploads\/2023\/10\/CADDE-171x86.jpg 171w, https:\/\/elbistanhabermerkezi.com\/wp-content\/uploads\/2023\/10\/CADDE-278x139.jpg 278w, https:\/\/elbistanhabermerkezi.com\/wp-content\/uploads\/2023\/10\/CADDE-376x188.jpg 376w\" sizes=\"auto, (max-width: 700px) 100vw, 700px\" \/><\/strong><\/p>\n<p style=\"text-align: justify;\"><strong>Orta Hasarl\u0131 Binalarda Son Durum<\/strong><\/p>\n<p style=\"text-align: justify;\"><strong>Orta hasarl\u0131 binalar\u0131n son durumuna de\u011finen G\u00fcng\u00f6r, \u201cOrta hasarl\u0131 bina maliklerinin 3 se\u00e7ene\u011fi bulunuyor; g\u00fc\u00e7lendirme, yerinde d\u00f6n\u00fc\u015f\u00fcm ve hak sahipli\u011fi. Orta hasarl\u0131 binalar\u0131n g\u00fc\u00e7lendirilmesi i\u00e7in kat maliklerinin y\u00fczde 80\u2019inin r\u0131zas\u0131 aran\u0131yor. Devam\u0131nda proje haz\u0131rlan\u0131p il\u00e7e belediyelerine ba\u015fvurulmas\u0131 gerekiyor. \u0130l\u00e7e belediyelerimizin de projeyi onaylamas\u0131yla g\u00fc\u00e7lendirme s\u00fcre\u00e7leri ba\u015flayabiliyor. Bu 3\u2019\u00fcnden birinin tercih edilmemesi durumunda ise yasal s\u00fcre sonunda binan\u0131n y\u0131k\u0131m\u0131 kararla\u015ft\u0131r\u0131l\u0131r. Bu s\u00fcre 1 y\u0131l, 6 ay uzatma imk\u00e2n\u0131 da olabiliyor. Ancak bu s\u00fcre 6 \u015eubat\u2019ta dolmuyor. Binan\u0131n itirazlar neticesinde kesin olarak orta hasarl\u0131 kabul edildi\u011fi tarihten ba\u015fl\u0131yor bu s\u00fcre\u201d dedi.<\/strong><\/p>\n<p style=\"text-align: justify;\"><strong>\u00a0<\/strong><\/p>\n<p style=\"text-align: justify;\"><strong>Orta Hasarl\u0131 Bina Sahiplerine B\u00fcy\u00fck Kolayl\u0131k<\/strong><\/p>\n<p style=\"text-align: justify;\"><strong>Orta hasarl\u0131 binalar\u0131n g\u00fc\u00e7lendirilmesi noktas\u0131nda \u00c7evre, \u015eehircilik ve \u0130klim De\u011fi\u015fikli\u011fi Bakanl\u0131\u011f\u0131 ve B\u00fcy\u00fck\u015fehir Belediyesi i\u015f birli\u011fiyle yeni bir model uygulanmaya ba\u015fland\u0131\u011f\u0131n\u0131 m\u00fcjdeleyen Ba\u015fkan Hayrettin G\u00fcng\u00f6r, \u201cOrta hasarl\u0131 binalar\u0131n g\u00fc\u00e7lendirilmesinde bir tak\u0131m aksamalarla kar\u015f\u0131la\u015ft\u0131k. AFAD, 21 Kas\u0131m tarihinde bir genelge yay\u0131nlad\u0131. Genelgede, g\u00fc\u00e7lendirme talebi olanlar\u0131n 29 Aral\u0131k tarihine kadar ilgili belediyelere ba\u015fvurmas\u0131 gerekti\u011fi belirtildi. \u0130lgili incelemelerin yap\u0131lmas\u0131n\u0131n ard\u0131ndan uygun g\u00f6r\u00fclenlere en ge\u00e7 5 Nisan 2024 tarihine kadar ruhsatlar\u0131 verilecek. \u00c7evre, \u015eehircilik ve \u0130klim De\u011fi\u015fikli\u011fi Bakan\u0131m\u0131z\u0131n \u015fehrimize ger\u00e7ekle\u015ftirdi\u011fi ziyarette bu konuyu yine g\u00fcndeme getirdik. Daha h\u0131zl\u0131 yol al\u0131nmas\u0131 noktas\u0131nda de\u011ferlendirmelerde bulunduk. Bu s\u00fcre\u00e7lerin daha sa\u011fl\u0131kl\u0131 ilerlemesi noktas\u0131nda yeni bir model olu\u015fturduk. Bakanl\u0131\u011f\u0131m\u0131z ve B\u00fcy\u00fck\u015fehir Belediyesi olarak bizler ta\u015f\u0131n alt\u0131na elimizi koyduk. Hem\u015fehrilerimizin proje, tasar\u0131m g\u00f6zetmeni gibi s\u00fcre\u00e7lerle zaman kaybetmemesi i\u00e7in biz uzman bir ekip kuraca\u011f\u0131z. Olu\u015fturaca\u011f\u0131m\u0131z uzman ekip, projeyi haz\u0131rlayacak ve binan\u0131n g\u00fc\u00e7lendirilip g\u00fc\u00e7lendirilemeyece\u011fi noktas\u0131nda raporu d\u00fczenleyip ilgili il\u00e7e belediyesine verecek. Ekibin g\u00fc\u00e7lendirilebilir dedi\u011fi binaya il\u00e7e belediyesi de ruhsat verecek ve s\u00fcre\u00e7ler \u00e7ok daha h\u0131zl\u0131 bir \u015fekilde ilerleyecek. Hem\u015fehrilerimiz i\u00e7in \u00e7ok b\u00fcy\u00fck kolayl\u0131k. Hem\u015fehirlerimiz masraf ve zaman kayb\u0131ndan kurtulacak. Bu da Kahramanmara\u015f\u2019a \u00f6zg\u00fc bir model. Deprem b\u00f6lgesi di\u011fer \u015fehirlere de \u00f6rnek olacakt\u0131r\u201d diye konu\u015ftu.<\/strong><\/p>\n<p style=\"text-align: justify;\"><strong>\u00a0<\/strong><\/p>\n<p style=\"text-align: justify;\"><strong>\u015eehir Merkezine 10 Bin Konut ve \u0130\u015f Yeri<\/strong><\/p>\n<p style=\"text-align: justify;\"><strong>Kentsel Tasar\u0131m Projesi \u00e7er\u00e7evesinde \u015fehir merkezine 10 binin \u00fczerinde konut ve i\u015f yeri kazand\u0131r\u0131laca\u011f\u0131n\u0131 belirten G\u00fcng\u00f6r, \u201c\u00c7evre, \u015eehircilik ve \u0130klim de\u011fi\u015fikli\u011fi Bakan\u0131m\u0131z Say\u0131n Mehmet \u00d6zhaseki, \u015fehrimize geldi\u011finde merkezimize in\u015fa edilecek toplam konut ve i\u015f yeri say\u0131s\u0131n\u0131n 10 bine \u00e7\u0131kar\u0131ld\u0131\u011f\u0131n\u0131 m\u00fcjdeledi. \u015eehrimizin yeniden imar ve in\u015fas\u0131 i\u00e7in son derece \u00f6nemli. Bu kentsel d\u00f6n\u00fc\u015f\u00fcm etaplar halinde geni\u015fleyecek. 12 \u015eubat Stadyumunun bulundu\u011fu alan\u0131 k\u00fclt\u00fcr, spor ve sosyal alan olarak d\u00f6n\u00fc\u015ft\u00fcrece\u011fiz. Ebrar Sitesinin bulundu\u011fu alana yine zemin g\u00fc\u00e7lendirilerek konutlar in\u015fa edilebilecek. Azerbaycan Mahallesi\u2019nde \u00e7al\u0131\u015fmalar zemin art\u0131 3 veya 4 kat olarak devam ediyor. D\u00f6n\u00fc\u015f\u00fcm alan\u0131 i\u00e7erisinde kalan K\u00fclt\u00fc Park\u2019\u0131n da y\u0131k\u0131m\u0131na ba\u015fland\u0131. Kentsel Tasar\u0131m Projesi alan\u0131 i\u00e7erisinde hem\u015fehirlerimizin hi\u00e7bir hak kayb\u0131 olmayacak. Ka\u00e7 tane konutu veya i\u015f yeri varsa yine ayn\u0131 say\u0131da hak sahibi olacak. Deprem \u00f6ncesinde planlad\u0131\u011f\u0131m\u0131z ve rezerv konutlar\u0131 haz\u0131rlad\u0131\u011f\u0131m\u0131z Tekke\u2019de Kentsel Tasar\u0131m Projesi i\u00e7erisine al\u0131nd\u0131. Bunu da Bakanl\u0131\u011f\u0131m\u0131z yapacak\u201d c\u00fcmlelerini kaydetti.<\/strong><\/p>\n<p style=\"text-align: justify;\"><strong>\u00a0<\/strong><\/p>\n<p style=\"text-align: justify;\"><strong>\u00c7aml\u0131k Mahallesi\u2019nin 40 Y\u0131ll\u0131k Tapu Sorunu \u00c7\u00f6z\u00fcme Kavu\u015ftu<\/strong><\/p>\n<p style=\"text-align: justify;\"><strong>\u00c7aml\u0131k Mahallesi\u2019nin 40 y\u0131ll\u0131k tapu sorununun \u00e7\u00f6z\u00fcme kavu\u015fturuldu\u011funu belirten Ba\u015fkan Hayrettin G\u00fcng\u00f6r, \u201cHamdolsun mahallemizin 40 y\u0131ll\u0131k tapu sorununu \u00e7\u00f6z\u00fcme kavu\u015fturduk. 360 d\u00f6n\u00fcml\u00fck alanda 230 parselde tapular\u0131 hak sahiplerine teslim ediyoruz. Ge\u00e7ti\u011fimiz Cumartesi g\u00fcn\u00fc de tapu teslim t\u00f6renimizi ger\u00e7ekle\u015ftirdik. Hem\u015fehrilerimize hay\u0131rl\u0131 olsun. \u0130n\u015fallah bundan sonraki s\u00fcre\u00e7te de mahallemizin t\u00fcm ihtiya\u00e7lar\u0131n\u0131 peyderpey yerine getirece\u011fiz\u201d dedi.<\/strong><\/p>\n<p style=\"text-align: justify;\"><strong>\u00a0<\/strong><\/p>\n<p style=\"text-align: justify;\"><strong>8 Milyar TL\u2019lik Altyap\u0131 Yat\u0131r\u0131m\u0131<\/strong><\/p>\n<p style=\"text-align: justify;\"><strong>Devam eden ve planlanan altyap\u0131 yat\u0131r\u0131mlar\u0131na da de\u011finen B\u00fcy\u00fck\u015fehir Belediye Ba\u015fkan\u0131 Hayrettin G\u00fcng\u00f6r, \u201c\u015eehrimizin en b\u00fcy\u00fck sorunlar\u0131ndan bir tanesi tahrip olan altyap\u0131 hatlar\u0131. Mevcutta tahrip olan altyap\u0131m\u0131z 6 \u015eubat depremlerinde daha da hasar ald\u0131. Deprem \u00f6ncesinde sudaki kay\u0131p oran\u0131m\u0131z y\u00fczde 50\u2019nin \u00fczerindeydi. Dolay\u0131s\u0131yla altyap\u0131m\u0131z\u0131n tamamen de\u011fi\u015fmesi gerekiyordu ve biz de bu hatlar\u0131m\u0131z\u0131 yenilemek i\u00e7in projemizi haz\u0131rlad\u0131k ve yenileme \u00e7al\u0131\u015fmalar\u0131na ba\u015flam\u0131\u015ft\u0131k. Deprem \u00f6ncesi ba\u015flad\u0131\u011f\u0131m\u0131z Binevler b\u00f6lgesinin i\u00e7mesuyu ve kanalizasyon altyap\u0131s\u0131 tamamen yeniledik. Ayr\u0131ca b\u00f6lgeye yeni ya\u011fmur altyap\u0131s\u0131 kazand\u0131rd\u0131k. Deprem sonras\u0131nda da altyap\u0131m\u0131z\u0131n yenilenmesi noktas\u0131nda yo\u011fun gayretimizi s\u00fcrd\u00fcr\u00fcyoruz. Bu noktada 8 Milyar TL\u2019lik bir kaynak temin ettik. K\u0131s\u0131k Baraj\u0131\u2019n\u0131n ihalesi yap\u0131ld\u0131, 4 il\u00e7emizin su arz\u0131na katk\u0131 sa\u011flayacak bir proje. Pazarc\u0131k \u0130\u00e7mesuyu Hatt\u0131 ve Ar\u0131tma Tesisi\u2019nin temelini att\u0131k. 300 Milyon TL\u2019lik bir yat\u0131r\u0131m. Helete \u0130\u00e7mesuyu ve Kanalizasyon Hatt\u0131\u2019n\u0131n da ihalesini yapt\u0131k. Su arz\u0131n\u0131 garanti alt\u0131na alarak \u015fehrimizin altyap\u0131s\u0131n\u0131 en az 100 y\u0131l hizmet verecek \u015fekilde yenileyece\u011fiz\u201d\u00a0diye\u00a0konu\u015ftu.<\/strong><\/p>\n<p style=\"text-align: justify;\"><img loading=\"lazy\" decoding=\"async\" class=\"alignnone size-full wp-image-12042\" src=\"https:\/\/elbistanhabermerkezi.com\/wp-content\/uploads\/2023\/11\/Canli-YayinHYIUU.jpg\" alt=\"\" width=\"779\" height=\"448\" srcset=\"https:\/\/elbistanhabermerkezi.com\/wp-content\/uploads\/2023\/11\/Canli-YayinHYIUU.jpg 779w, https:\/\/elbistanhabermerkezi.com\/wp-content\/uploads\/2023\/11\/Canli-YayinHYIUU-600x345.jpg 600w, https:\/\/elbistanhabermerkezi.com\/wp-content\/uploads\/2023\/11\/Canli-YayinHYIUU-768x442.jpg 768w, https:\/\/elbistanhabermerkezi.com\/wp-content\/uploads\/2023\/11\/Canli-YayinHYIUU-171x98.jpg 171w, https:\/\/elbistanhabermerkezi.com\/wp-content\/uploads\/2023\/11\/Canli-YayinHYIUU-270x155.jpg 270w, https:\/\/elbistanhabermerkezi.com\/wp-content\/uploads\/2023\/11\/Canli-YayinHYIUU-376x216.jpg 376w\" sizes=\"auto, (max-width: 779px) 100vw, 779px\" \/><\/p>\n","protected":false},"excerpt":{"rendered":"<p>Ba\u015fkan Hayrettin G\u00fcng\u00f6r; \u201cHem\u015fehrilerimize Kolayl\u0131k Sa\u011flamak \u0130\u00e7in Orta Hasarl\u0131 Binalar\u0131n G\u00fc\u00e7lendirilmesinde Yeni S\u00fcre\u00e7 Ba\u015fl\u0131yor\u201d Aksu TV\u2019de yay\u0131nlanan Haber \u00d6tesi program\u0131na kat\u0131lan Ba\u015fkan G\u00fcng\u00f6r, \u201cOrta hasarl\u0131 binalar\u0131n g\u00fc\u00e7lendirme s\u00fcre\u00e7lerinin daha sa\u011fl\u0131kl\u0131 ilerlemesi noktas\u0131nda yeni bir model ortaya koyduk. Olu\u015fturaca\u011f\u0131m\u0131z uzman ekip,\u00a0 projeyi haz\u0131rlayacak ve binan\u0131n g\u00fc\u00e7lendirilip g\u00fc\u00e7lendirilemeyece\u011fi noktas\u0131nda raporu d\u00fczenleyip ilgili il\u00e7e belediyesine verecek. Ekibin g\u00fc\u00e7lendirilebilir [&hellip;]<\/p>\n","protected":false},"author":1,"featured_media":12040,"comment_status":"open","ping_status":"open","sticky":false,"template":"","format":"standard","meta":{"_jetpack_memberships_contains_paid_content":false,"footnotes":""},"categories":[2,8,12],"tags":[],"class_list":["post-12038","post","type-post","status-publish","format-standard","has-post-thumbnail","hentry","category-3-sayfa","category-gundem","category-siyaset"],"jetpack_featured_media_url":"https:\/\/elbistanhabermerkezi.com\/wp-content\/uploads\/2023\/11\/Canli-YayinHYI.jpg","jetpack_sharing_enabled":true,"_links":{"self":[{"href":"https:\/\/elbistanhabermerkezi.com\/index.php\/wp-json\/wp\/v2\/posts\/12038","targetHints":{"allow":["GET"]}}],"collection":[{"href":"https:\/\/elbistanhabermerkezi.com\/index.php\/wp-json\/wp\/v2\/posts"}],"about":[{"href":"https:\/\/elbistanhabermerkezi.com\/index.php\/wp-json\/wp\/v2\/types\/post"}],"author":[{"embeddable":true,"href":"https:\/\/elbistanhabermerkezi.com\/index.php\/wp-json\/wp\/v2\/users\/1"}],"replies":[{"embeddable":true,"href":"https:\/\/elbistanhabermerkezi.com\/index.php\/wp-json\/wp\/v2\/comments?post=12038"}],"version-history":[{"count":1,"href":"https:\/\/elbistanhabermerkezi.com\/index.php\/wp-json\/wp\/v2\/posts\/12038\/revisions"}],"predecessor-version":[{"id":12043,"href":"https:\/\/elbistanhabermerkezi.com\/index.php\/wp-json\/wp\/v2\/posts\/12038\/revisions\/12043"}],"wp:featuredmedia":[{"embeddable":true,"href":"https:\/\/elbistanhabermerkezi.com\/index.php\/wp-json\/wp\/v2\/media\/12040"}],"wp:attachment":[{"href":"https:\/\/elbistanhabermerkezi.com\/index.php\/wp-json\/wp\/v2\/media?parent=12038"}],"wp:term":[{"taxonomy":"category","embeddable":true,"href":"https:\/\/elbistanhabermerkezi.com\/index.php\/wp-json\/wp\/v2\/categories?post=12038"},{"taxonomy":"post_tag","embeddable":true,"href":"https:\/\/elbistanhabermerkezi.com\/index.php\/wp-json\/wp\/v2\/tags?post=12038"}],"curies":[{"name":"wp","href":"https:\/\/api.w.org\/{rel}","templated":true}]}}