{"id":11122,"date":"2023-10-02T11:40:08","date_gmt":"2023-10-02T11:40:08","guid":{"rendered":"https:\/\/elbistanhabermerkezi.com\/?p=11122"},"modified":"2023-10-02T11:47:15","modified_gmt":"2023-10-02T11:47:15","slug":"elbistanli-turk-halk-muzigi-sanatcisi-istanbulda-kulturumuzu-genc-kusaklara-aktarmaya-devam-ediyor","status":"publish","type":"post","link":"https:\/\/elbistanhabermerkezi.com\/index.php\/2023\/10\/02\/elbistanli-turk-halk-muzigi-sanatcisi-istanbulda-kulturumuzu-genc-kusaklara-aktarmaya-devam-ediyor\/","title":{"rendered":"Elbistanl\u0131 T\u00fcrk Halk M\u00fczi\u011fi Sanat\u00e7\u0131s\u0131 \u0130stanbul&#8217;da k\u00fclt\u00fcr\u00fcm\u00fcz\u00fc gen\u00e7 ku\u015faklara aktarmaya devam ediyor."},"content":{"rendered":"<p style=\"text-align: justify;\"><strong><img loading=\"lazy\" decoding=\"async\" class=\"alignnone size-full wp-image-826\" src=\"https:\/\/elbistanhabermerkezi.com\/wp-content\/uploads\/2022\/02\/ahalil.jpg\" alt=\"\" width=\"300\" height=\"194\" srcset=\"https:\/\/elbistanhabermerkezi.com\/wp-content\/uploads\/2022\/02\/ahalil.jpg 300w, https:\/\/elbistanhabermerkezi.com\/wp-content\/uploads\/2022\/02\/ahalil-162x105.jpg 162w, https:\/\/elbistanhabermerkezi.com\/wp-content\/uploads\/2022\/02\/ahalil-240x155.jpg 240w\" sizes=\"auto, (max-width: 300px) 100vw, 300px\" \/><img loading=\"lazy\" decoding=\"async\" class=\"alignnone size-full wp-image-10377\" src=\"https:\/\/elbistanhabermerkezi.com\/wp-content\/uploads\/2023\/08\/ssss1.jpg\" alt=\"\" width=\"700\" height=\"350\" srcset=\"https:\/\/elbistanhabermerkezi.com\/wp-content\/uploads\/2023\/08\/ssss1.jpg 700w, https:\/\/elbistanhabermerkezi.com\/wp-content\/uploads\/2023\/08\/ssss1-600x300.jpg 600w, https:\/\/elbistanhabermerkezi.com\/wp-content\/uploads\/2023\/08\/ssss1-171x86.jpg 171w, https:\/\/elbistanhabermerkezi.com\/wp-content\/uploads\/2023\/08\/ssss1-278x139.jpg 278w, https:\/\/elbistanhabermerkezi.com\/wp-content\/uploads\/2023\/08\/ssss1-376x188.jpg 376w\" sizes=\"auto, (max-width: 700px) 100vw, 700px\" \/><\/strong><\/p>\n<p><img loading=\"lazy\" decoding=\"async\" class=\"alignnone size-full wp-image-11124\" src=\"https:\/\/elbistanhabermerkezi.com\/wp-content\/uploads\/2023\/10\/IMG_6374.jpg\" alt=\"\" width=\"600\" height=\"400\" srcset=\"https:\/\/elbistanhabermerkezi.com\/wp-content\/uploads\/2023\/10\/IMG_6374.jpg 600w, https:\/\/elbistanhabermerkezi.com\/wp-content\/uploads\/2023\/10\/IMG_6374-158x105.jpg 158w, https:\/\/elbistanhabermerkezi.com\/wp-content\/uploads\/2023\/10\/IMG_6374-233x155.jpg 233w, https:\/\/elbistanhabermerkezi.com\/wp-content\/uploads\/2023\/10\/IMG_6374-332x221.jpg 332w\" sizes=\"auto, (max-width: 600px) 100vw, 600px\" \/><\/p>\n<p style=\"text-align: justify;\"><strong>Elbistanl\u0131 olup \u0130stanbul&#8217;da ikamet eden T\u00fcrk Halk M\u00fczi\u011fi Sanat\u00e7\u0131s\u0131 Do\u011fan Do\u011fan, k\u00fclt\u00fcr\u00fcm\u00fcze katk\u0131 sunmaya devam ediyor. Zaman zaman sahnelere \u00e7\u0131kan Do\u011fan, ayn\u0131 zamanda gen\u00e7 ku\u015faklara Ba\u011flama ve Gitar dersleri de veriyor.<\/strong><\/p>\n<p style=\"text-align: justify;\"><strong>\u0130stanbul&#8217;da faaliyet g\u00f6steren Af\u015fin Eshab-\u0131 Kehf Dostluk K\u00fclt\u00fcr ve \u00c7evre Derne\u011fi (AF\u015e\u0130NDER) taraf\u0131ndan organize edilen Kahramanmara\u015f Dondurma ve Y\u00f6resel \u00dcr\u00fcnler Festivalinde de sahne alan T\u00fcrk Halk M\u00fczi\u011fi Sanat\u00e7\u0131s\u0131 Do\u011fan Do\u011fan, kendi eserlerini seslendirirken kulaklar\u0131n pas\u0131n\u0131 sildi.<\/strong><\/p>\n<p style=\"text-align: justify;\"><strong>Konser sonras\u0131 Af\u015fin Merkez Yay\u0131n Grubuna Alb\u00fcm\u00fcn\u00fc de hediye eden Do\u011fan Do\u011fan&#8217;\u0131 takip etmek i\u00e7in www.dogandogan.com.tr adresine ve sosyal medya hesaplar\u0131na girmeniz yeterli.<\/strong><\/p>\n<p style=\"text-align: justify;\"><strong>Do\u011fan Do\u011fan, 1975 y\u0131l\u0131nda Kahramanmara\u015f\u2019\u0131n Elbistan il\u00e7esi Ambar k\u00f6y\u00fcnde do\u011fdu. \u00c7ocuklu\u011fu k\u00f6yde ge\u00e7irmi\u015f olup 1990 y\u0131l\u0131nda m\u00fczik hayat\u0131na at\u0131ld\u0131. O y\u0131llarda memleket s\u0131n\u0131rlar\u0131 i\u00e7erisinde \u00e7e\u015fitli a\u015f\u0131k toplant\u0131lar\u0131nda, d\u00fc\u011f\u00fcnlerde v.b. Programlarda saz ve ses sanat\u00e7\u0131l\u0131\u011f\u0131 g\u00f6revlerinde bulunmu\u015ftur. <\/strong><\/p>\n<p style=\"text-align: justify;\"><strong>1994 y\u0131l\u0131nda \u0130stanbul\u2019a geldi\u011fi d\u00f6nemlerde, Sar\u0131yer Halk E\u011fitim Merkezi b\u00fcnyesinde T\u00fcrk Halk M\u00fczi\u011fi \u00e7al\u0131\u015fmalar\u0131na kat\u0131larak koristlik, solistlik ve icrac\u0131 kimli\u011fiyle pek \u00e7ok konser, festival ve etkinlikte rol ald\u0131. 90\u2019l\u0131 y\u0131llar\u0131n ikinci yar\u0131s\u0131nda Arif Sa\u011f M\u00fczik (asm) merkezinde 4 y\u0131l s\u00fcreyle sertifika \u00e7al\u0131\u015fmalar\u0131na kat\u0131larak Bu zaman zarf\u0131 i\u00e7erisinde g\u00f6stermi\u015f oldu\u011fu performans neticesinde ba\u011flama e\u011fitimi ve sertifikas\u0131n\u0131 almaya hak kazan\u0131p Akabinde e\u011fitim \u00e7al\u0131\u015fmalar\u0131na y\u00f6n vererek pek \u00e7ok \u00f6\u011frenci yeti\u015ftirmi\u015ftir. <\/strong><\/p>\n<p style=\"text-align: justify;\"><strong>1999 \u2013 2001 y\u0131llar\u0131 aras\u0131nda ise \u00fclkemizin tan\u0131nm\u0131\u015f sanat\u00e7\u0131lar\u0131yla birlikte \u00e7e\u015fitli faaliyetlere kat\u0131larak m\u00fczikal \u00e7al\u0131\u015fmalarda bulundu. Bu \u00e7al\u0131\u015fmalar do\u011frultusunda Orhan Gencebay, Emrah, Ali\u015fan, Mahsun K\u0131rm\u0131z\u0131g\u00fcl, ve Nihat Do\u011fan ile birlikte ayn\u0131 sahneyi payla\u015f\u0131p Y\u0131lba\u015f\u0131 geceleriyle birlikte televizyon \u00e7ekimlerinde icrac\u0131 kimli\u011fini sergileyerek enstruman\u0131yla birlikte sanat\u00e7\u0131lar\u0131m\u0131za e\u015flik edip Yine bu d\u00f6nem i\u00e7erisinde Mahsun K\u0131rm\u0131z\u0131g\u00fcl\u2019\u00fcn \u201cy\u0131k\u0131lmad\u0131m ayaktay\u0131m\u201d isimli eserinin video klibine icrac\u0131 olarak kat\u0131lm\u0131\u015ft\u0131r .<\/strong><\/p>\n<p><img loading=\"lazy\" decoding=\"async\" class=\"alignnone size-full wp-image-11123\" src=\"https:\/\/elbistanhabermerkezi.com\/wp-content\/uploads\/2023\/10\/IMG_6319.jpg\" alt=\"\" width=\"600\" height=\"400\" srcset=\"https:\/\/elbistanhabermerkezi.com\/wp-content\/uploads\/2023\/10\/IMG_6319.jpg 600w, https:\/\/elbistanhabermerkezi.com\/wp-content\/uploads\/2023\/10\/IMG_6319-158x105.jpg 158w, https:\/\/elbistanhabermerkezi.com\/wp-content\/uploads\/2023\/10\/IMG_6319-233x155.jpg 233w, https:\/\/elbistanhabermerkezi.com\/wp-content\/uploads\/2023\/10\/IMG_6319-332x221.jpg 332w\" sizes=\"auto, (max-width: 600px) 100vw, 600px\" \/><\/p>\n<p style=\"text-align: justify;\"><strong>2002 y\u0131l\u0131nda \u201cbin y\u0131l\u0131n t\u00fcrk\u00fcs\u00fc\u201d isimli \u00e7al\u0131\u015fma i\u00e7erisinde g\u00f6rev al\u0131p 1500 ba\u011flaman\u0131n yer ald\u0131\u011f\u0131 bu \u00e7al\u0131\u015fmada ilk be\u015f s\u0131ra i\u00e7erisinde sahne alarak guinness rekorlar kitab\u0131na girme imkan\u0131 elde etmi\u015ftir. 2003 y\u0131l\u0131yla birlikte bireysel \u00e7al\u0131\u015fmalara a\u011f\u0131rl\u0131k vererek canl\u0131 m\u00fczik programlar\u0131, sahne \u00e7al\u0131\u015fmalar\u0131 ve geleneksel gecelerde ses ve saz sanat\u00e7\u0131l\u0131\u011f\u0131 g\u00f6revlerinde bulunmaya ba\u015flay\u0131p Ayn\u0131 d\u00f6nemlerde geleneksel m\u00fczik yan\u0131nda bat\u0131 m\u00fczi\u011fi \u00fczerinde kendisini geli\u015ftirmek amac\u0131yla Engin \u00c7elik\u2019ten 5 y\u0131l s\u00fcreyle klasik gitar ve elektro gitar e\u011fitimi almaya ba\u015flad\u0131. M\u00fczi\u011fin evrensel yap\u0131s\u0131n\u0131 dikkate alarak pek \u00e7ok farkl\u0131 \u00e7al\u0131\u015fmaya kat\u0131l\u0131p Yine bu d\u00f6nemi takip eden zaman zarf\u0131 i\u00e7erisine vak\u0131f gecelerine ve \u015fenliklere kat\u0131larak \u00fclkemizin k\u00fclt\u00fcrel de\u011ferlerinde katk\u0131da bulunarak 2007 y\u0131l\u0131na kadar pek \u00e7ok etkinlik \u00e7er\u00e7evesinde \u0130stanbul,Tokat, Sivas, Amasya, Kahramanmara\u015f gibi illerimizde, bununla birlikte 2010 y\u0131l\u0131 ba\u015flar\u0131nda ise Almanya, \u0130svi\u00e7re gibi \u00fclkelerde de konserler vererek canl\u0131 performanslarla halk\u0131m\u0131z\u0131n kar\u015f\u0131s\u0131na \u00e7\u0131km\u0131\u015ft\u0131r. <\/strong><\/p>\n<p style=\"text-align: justify;\"><strong>2007 y\u0131l\u0131nda s\u00f6z ve m\u00fczikleri kendisine ait olan \u201c\u00f6lmesin insanlar\u201d isimli alb\u00fcm\u00fcyle m\u00fczik piyasas\u0131na ad\u0131m\u0131n\u0131 att\u0131. 01.01.2010 tarihinde eski alb\u00fcmde oldu\u011fu gibi yine s\u00f6z ve m\u00fczikleri kendisine ait olan, 12 eserden olu\u015fan \u201chedef 12\u201d isimli ikinci alb\u00fcm\u00fcn\u00fc siz m\u00fczik sever dostlar\u0131n\u0131n be\u011fenisine sunmu\u015ftur. <\/strong><\/p>\n<p style=\"text-align: justify;\"><strong>Bu sanat yolculu\u011funda, halen ba\u011flama e\u011fitmenli\u011fi yaparak kendisini ve m\u00fczi\u011fini geli\u015ftirmeye devam ederek siz sevgili sanatseverlere lay\u0131k olma \u00e7abas\u0131 i\u00e7erisindedir.<\/strong><\/p>\n<p style=\"text-align: justify;\"><strong><img loading=\"lazy\" decoding=\"async\" class=\"alignnone size-full wp-image-10376\" src=\"https:\/\/elbistanhabermerkezi.com\/wp-content\/uploads\/2023\/08\/sss.jpg\" alt=\"\" width=\"700\" height=\"350\" srcset=\"https:\/\/elbistanhabermerkezi.com\/wp-content\/uploads\/2023\/08\/sss.jpg 700w, https:\/\/elbistanhabermerkezi.com\/wp-content\/uploads\/2023\/08\/sss-600x300.jpg 600w, https:\/\/elbistanhabermerkezi.com\/wp-content\/uploads\/2023\/08\/sss-171x86.jpg 171w, https:\/\/elbistanhabermerkezi.com\/wp-content\/uploads\/2023\/08\/sss-278x139.jpg 278w, https:\/\/elbistanhabermerkezi.com\/wp-content\/uploads\/2023\/08\/sss-376x188.jpg 376w\" sizes=\"auto, (max-width: 700px) 100vw, 700px\" \/><\/strong><\/p>\n<p style=\"text-align: justify;\"><iframe loading=\"lazy\" src=\"\/\/www.youtube.com\/embed\/a7uMeWjzwH8?t=1s\" width=\"714\" height=\"400\" allowfullscreen=\"allowfullscreen\"><\/iframe><\/p>\n<p><iframe loading=\"lazy\" src=\"\/\/www.youtube.com\/embed\/ba3f_VJmiu8?t=4s\" width=\"714\" height=\"400\" allowfullscreen=\"allowfullscreen\"><\/iframe><\/p>\n","protected":false},"excerpt":{"rendered":"<p>Elbistanl\u0131 olup \u0130stanbul&#8217;da ikamet eden T\u00fcrk Halk M\u00fczi\u011fi Sanat\u00e7\u0131s\u0131 Do\u011fan Do\u011fan, k\u00fclt\u00fcr\u00fcm\u00fcze katk\u0131 sunmaya devam ediyor. Zaman zaman sahnelere \u00e7\u0131kan Do\u011fan, ayn\u0131 zamanda gen\u00e7 ku\u015faklara Ba\u011flama ve Gitar dersleri de veriyor. \u0130stanbul&#8217;da faaliyet g\u00f6steren Af\u015fin Eshab-\u0131 Kehf Dostluk K\u00fclt\u00fcr ve \u00c7evre Derne\u011fi (AF\u015e\u0130NDER) taraf\u0131ndan organize edilen Kahramanmara\u015f Dondurma ve Y\u00f6resel \u00dcr\u00fcnler Festivalinde de sahne alan [&hellip;]<\/p>\n","protected":false},"author":1,"featured_media":11125,"comment_status":"open","ping_status":"open","sticky":false,"template":"","format":"standard","meta":{"_jetpack_memberships_contains_paid_content":false,"footnotes":""},"categories":[2,8,9],"tags":[],"class_list":["post-11122","post","type-post","status-publish","format-standard","has-post-thumbnail","hentry","category-3-sayfa","category-gundem","category-magazin"],"jetpack_featured_media_url":"https:\/\/elbistanhabermerkezi.com\/wp-content\/uploads\/2023\/10\/IMG_6375uo.jpg","jetpack_sharing_enabled":true,"_links":{"self":[{"href":"https:\/\/elbistanhabermerkezi.com\/index.php\/wp-json\/wp\/v2\/posts\/11122","targetHints":{"allow":["GET"]}}],"collection":[{"href":"https:\/\/elbistanhabermerkezi.com\/index.php\/wp-json\/wp\/v2\/posts"}],"about":[{"href":"https:\/\/elbistanhabermerkezi.com\/index.php\/wp-json\/wp\/v2\/types\/post"}],"author":[{"embeddable":true,"href":"https:\/\/elbistanhabermerkezi.com\/index.php\/wp-json\/wp\/v2\/users\/1"}],"replies":[{"embeddable":true,"href":"https:\/\/elbistanhabermerkezi.com\/index.php\/wp-json\/wp\/v2\/comments?post=11122"}],"version-history":[{"count":3,"href":"https:\/\/elbistanhabermerkezi.com\/index.php\/wp-json\/wp\/v2\/posts\/11122\/revisions"}],"predecessor-version":[{"id":11131,"href":"https:\/\/elbistanhabermerkezi.com\/index.php\/wp-json\/wp\/v2\/posts\/11122\/revisions\/11131"}],"wp:featuredmedia":[{"embeddable":true,"href":"https:\/\/elbistanhabermerkezi.com\/index.php\/wp-json\/wp\/v2\/media\/11125"}],"wp:attachment":[{"href":"https:\/\/elbistanhabermerkezi.com\/index.php\/wp-json\/wp\/v2\/media?parent=11122"}],"wp:term":[{"taxonomy":"category","embeddable":true,"href":"https:\/\/elbistanhabermerkezi.com\/index.php\/wp-json\/wp\/v2\/categories?post=11122"},{"taxonomy":"post_tag","embeddable":true,"href":"https:\/\/elbistanhabermerkezi.com\/index.php\/wp-json\/wp\/v2\/tags?post=11122"}],"curies":[{"name":"wp","href":"https:\/\/api.w.org\/{rel}","templated":true}]}}