{"id":10819,"date":"2023-09-16T05:44:50","date_gmt":"2023-09-16T05:44:50","guid":{"rendered":"https:\/\/elbistanhabermerkezi.com\/?p=10819"},"modified":"2023-09-18T06:09:10","modified_gmt":"2023-09-18T06:09:10","slug":"elbistanda-hafta-sonu-nobetci-eczaneler-16-17-eylul-2023","status":"publish","type":"post","link":"https:\/\/elbistanhabermerkezi.com\/index.php\/2023\/09\/16\/elbistanda-hafta-sonu-nobetci-eczaneler-16-17-eylul-2023\/","title":{"rendered":"Elbistan&#8217;da Hafta Sonu N\u00f6bet\u00e7i Eczaneler\/16-17 Eyl\u00fcl 2023"},"content":{"rendered":"<p><strong>16 EYL\u00dcL 2023 CUMARTES\u0130<\/strong><\/p>\n<p><img loading=\"lazy\" decoding=\"async\" class=\"alignnone size-full wp-image-1434\" src=\"https:\/\/elbistanhabermerkezi.com\/wp-content\/uploads\/2022\/03\/MERKEZ.jpg\" alt=\"\" width=\"600\" height=\"375\" srcset=\"https:\/\/elbistanhabermerkezi.com\/wp-content\/uploads\/2022\/03\/MERKEZ.jpg 600w, https:\/\/elbistanhabermerkezi.com\/wp-content\/uploads\/2022\/03\/MERKEZ-168x105.jpg 168w, https:\/\/elbistanhabermerkezi.com\/wp-content\/uploads\/2022\/03\/MERKEZ-248x155.jpg 248w, https:\/\/elbistanhabermerkezi.com\/wp-content\/uploads\/2022\/03\/MERKEZ-354x221.jpg 354w\" sizes=\"auto, (max-width: 600px) 100vw, 600px\" \/><img loading=\"lazy\" decoding=\"async\" class=\"alignnone size-full wp-image-8171\" src=\"https:\/\/elbistanhabermerkezi.com\/wp-content\/uploads\/2023\/01\/HAN.jpg\" alt=\"\" width=\"600\" height=\"375\" srcset=\"https:\/\/elbistanhabermerkezi.com\/wp-content\/uploads\/2023\/01\/HAN.jpg 600w, https:\/\/elbistanhabermerkezi.com\/wp-content\/uploads\/2023\/01\/HAN-168x105.jpg 168w, https:\/\/elbistanhabermerkezi.com\/wp-content\/uploads\/2023\/01\/HAN-248x155.jpg 248w, https:\/\/elbistanhabermerkezi.com\/wp-content\/uploads\/2023\/01\/HAN-354x221.jpg 354w\" sizes=\"auto, (max-width: 600px) 100vw, 600px\" \/><\/p>\n<p><strong>17 EYL\u00dcL 2023 PAZAR<\/strong><\/p>\n<p><img loading=\"lazy\" decoding=\"async\" class=\"alignnone size-full wp-image-1322\" src=\"https:\/\/elbistanhabermerkezi.com\/wp-content\/uploads\/2022\/03\/GUNERI.jpg\" alt=\"\" width=\"600\" height=\"375\" srcset=\"https:\/\/elbistanhabermerkezi.com\/wp-content\/uploads\/2022\/03\/GUNERI.jpg 600w, https:\/\/elbistanhabermerkezi.com\/wp-content\/uploads\/2022\/03\/GUNERI-168x105.jpg 168w, https:\/\/elbistanhabermerkezi.com\/wp-content\/uploads\/2022\/03\/GUNERI-248x155.jpg 248w, https:\/\/elbistanhabermerkezi.com\/wp-content\/uploads\/2022\/03\/GUNERI-354x221.jpg 354w\" sizes=\"auto, (max-width: 600px) 100vw, 600px\" \/><img loading=\"lazy\" decoding=\"async\" class=\"alignnone size-full wp-image-1942\" src=\"https:\/\/elbistanhabermerkezi.com\/wp-content\/uploads\/2022\/03\/ACER-1.jpg\" alt=\"\" width=\"600\" height=\"375\" srcset=\"https:\/\/elbistanhabermerkezi.com\/wp-content\/uploads\/2022\/03\/ACER-1.jpg 600w, https:\/\/elbistanhabermerkezi.com\/wp-content\/uploads\/2022\/03\/ACER-1-168x105.jpg 168w, https:\/\/elbistanhabermerkezi.com\/wp-content\/uploads\/2022\/03\/ACER-1-248x155.jpg 248w, https:\/\/elbistanhabermerkezi.com\/wp-content\/uploads\/2022\/03\/ACER-1-354x221.jpg 354w\" sizes=\"auto, (max-width: 600px) 100vw, 600px\" \/><\/p>\n","protected":false},"excerpt":{"rendered":"<p>16 EYL\u00dcL 2023 CUMARTES\u0130 17 EYL\u00dcL 2023 PAZAR<\/p>\n","protected":false},"author":1,"featured_media":1153,"comment_status":"open","ping_status":"open","sticky":false,"template":"","format":"standard","meta":{"_jetpack_memberships_contains_paid_content":false,"footnotes":""},"categories":[2,8,11],"tags":[],"class_list":["post-10819","post","type-post","status-publish","format-standard","has-post-thumbnail","hentry","category-3-sayfa","category-gundem","category-saglik"],"jetpack_featured_media_url":"https:\/\/elbistanhabermerkezi.com\/wp-content\/uploads\/2022\/03\/BUYUK-MANSET.jpg","jetpack_sharing_enabled":true,"_links":{"self":[{"href":"https:\/\/elbistanhabermerkezi.com\/index.php\/wp-json\/wp\/v2\/posts\/10819","targetHints":{"allow":["GET"]}}],"collection":[{"href":"https:\/\/elbistanhabermerkezi.com\/index.php\/wp-json\/wp\/v2\/posts"}],"about":[{"href":"https:\/\/elbistanhabermerkezi.com\/index.php\/wp-json\/wp\/v2\/types\/post"}],"author":[{"embeddable":true,"href":"https:\/\/elbistanhabermerkezi.com\/index.php\/wp-json\/wp\/v2\/users\/1"}],"replies":[{"embeddable":true,"href":"https:\/\/elbistanhabermerkezi.com\/index.php\/wp-json\/wp\/v2\/comments?post=10819"}],"version-history":[{"count":2,"href":"https:\/\/elbistanhabermerkezi.com\/index.php\/wp-json\/wp\/v2\/posts\/10819\/revisions"}],"predecessor-version":[{"id":10840,"href":"https:\/\/elbistanhabermerkezi.com\/index.php\/wp-json\/wp\/v2\/posts\/10819\/revisions\/10840"}],"wp:featuredmedia":[{"embeddable":true,"href":"https:\/\/elbistanhabermerkezi.com\/index.php\/wp-json\/wp\/v2\/media\/1153"}],"wp:attachment":[{"href":"https:\/\/elbistanhabermerkezi.com\/index.php\/wp-json\/wp\/v2\/media?parent=10819"}],"wp:term":[{"taxonomy":"category","embeddable":true,"href":"https:\/\/elbistanhabermerkezi.com\/index.php\/wp-json\/wp\/v2\/categories?post=10819"},{"taxonomy":"post_tag","embeddable":true,"href":"https:\/\/elbistanhabermerkezi.com\/index.php\/wp-json\/wp\/v2\/tags?post=10819"}],"curies":[{"name":"wp","href":"https:\/\/api.w.org\/{rel}","templated":true}]}}