{"id":10332,"date":"2023-08-05T06:13:17","date_gmt":"2023-08-05T06:13:17","guid":{"rendered":"https:\/\/elbistanhabermerkezi.com\/?p=10332"},"modified":"2023-08-07T06:06:47","modified_gmt":"2023-08-07T06:06:47","slug":"elbistanda-hafta-sonu-nobetci-eczaneler-05-06-agustos-2023","status":"publish","type":"post","link":"https:\/\/elbistanhabermerkezi.com\/index.php\/2023\/08\/05\/elbistanda-hafta-sonu-nobetci-eczaneler-05-06-agustos-2023\/","title":{"rendered":"Elbistan&#8217;da Hafta sonu N\u00f6bet\u00e7i Eczaneler-05-06 A\u011fustos 2023"},"content":{"rendered":"<p><strong>05 A\u011eUSTOS 2023 CUMARTES\u0130<\/strong><\/p>\n<p><img loading=\"lazy\" decoding=\"async\" class=\"alignnone size-full wp-image-1323\" src=\"https:\/\/elbistanhabermerkezi.com\/wp-content\/uploads\/2022\/03\/OZCAN.jpg\" alt=\"\" width=\"600\" height=\"375\" srcset=\"https:\/\/elbistanhabermerkezi.com\/wp-content\/uploads\/2022\/03\/OZCAN.jpg 600w, https:\/\/elbistanhabermerkezi.com\/wp-content\/uploads\/2022\/03\/OZCAN-168x105.jpg 168w, https:\/\/elbistanhabermerkezi.com\/wp-content\/uploads\/2022\/03\/OZCAN-248x155.jpg 248w, https:\/\/elbistanhabermerkezi.com\/wp-content\/uploads\/2022\/03\/OZCAN-354x221.jpg 354w\" sizes=\"auto, (max-width: 600px) 100vw, 600px\" \/><img loading=\"lazy\" decoding=\"async\" class=\"alignnone size-full wp-image-5998\" src=\"https:\/\/elbistanhabermerkezi.com\/wp-content\/uploads\/2022\/10\/ERDEN.jpg\" alt=\"\" width=\"600\" height=\"375\" srcset=\"https:\/\/elbistanhabermerkezi.com\/wp-content\/uploads\/2022\/10\/ERDEN.jpg 600w, https:\/\/elbistanhabermerkezi.com\/wp-content\/uploads\/2022\/10\/ERDEN-168x105.jpg 168w, https:\/\/elbistanhabermerkezi.com\/wp-content\/uploads\/2022\/10\/ERDEN-248x155.jpg 248w, https:\/\/elbistanhabermerkezi.com\/wp-content\/uploads\/2022\/10\/ERDEN-354x221.jpg 354w\" sizes=\"auto, (max-width: 600px) 100vw, 600px\" \/><\/p>\n<p><strong>06 A\u011eUSTOS 2023 PAZAR<\/strong><\/p>\n<p><img loading=\"lazy\" decoding=\"async\" class=\"alignnone size-full wp-image-1409\" src=\"https:\/\/elbistanhabermerkezi.com\/wp-content\/uploads\/2022\/03\/DILEK.jpg\" alt=\"\" width=\"600\" height=\"375\" srcset=\"https:\/\/elbistanhabermerkezi.com\/wp-content\/uploads\/2022\/03\/DILEK.jpg 600w, https:\/\/elbistanhabermerkezi.com\/wp-content\/uploads\/2022\/03\/DILEK-168x105.jpg 168w, https:\/\/elbistanhabermerkezi.com\/wp-content\/uploads\/2022\/03\/DILEK-248x155.jpg 248w, https:\/\/elbistanhabermerkezi.com\/wp-content\/uploads\/2022\/03\/DILEK-354x221.jpg 354w\" sizes=\"auto, (max-width: 600px) 100vw, 600px\" \/><img loading=\"lazy\" decoding=\"async\" class=\"alignnone size-full wp-image-8171\" src=\"https:\/\/elbistanhabermerkezi.com\/wp-content\/uploads\/2023\/01\/HAN.jpg\" alt=\"\" width=\"600\" height=\"375\" srcset=\"https:\/\/elbistanhabermerkezi.com\/wp-content\/uploads\/2023\/01\/HAN.jpg 600w, https:\/\/elbistanhabermerkezi.com\/wp-content\/uploads\/2023\/01\/HAN-168x105.jpg 168w, https:\/\/elbistanhabermerkezi.com\/wp-content\/uploads\/2023\/01\/HAN-248x155.jpg 248w, https:\/\/elbistanhabermerkezi.com\/wp-content\/uploads\/2023\/01\/HAN-354x221.jpg 354w\" sizes=\"auto, (max-width: 600px) 100vw, 600px\" \/><\/p>\n","protected":false},"excerpt":{"rendered":"<p>05 A\u011eUSTOS 2023 CUMARTES\u0130 06 A\u011eUSTOS 2023 PAZAR<\/p>\n","protected":false},"author":1,"featured_media":1153,"comment_status":"open","ping_status":"open","sticky":false,"template":"","format":"standard","meta":{"_jetpack_memberships_contains_paid_content":false,"footnotes":""},"categories":[2,8,11],"tags":[],"class_list":["post-10332","post","type-post","status-publish","format-standard","has-post-thumbnail","hentry","category-3-sayfa","category-gundem","category-saglik"],"jetpack_featured_media_url":"https:\/\/elbistanhabermerkezi.com\/wp-content\/uploads\/2022\/03\/BUYUK-MANSET.jpg","jetpack_sharing_enabled":true,"_links":{"self":[{"href":"https:\/\/elbistanhabermerkezi.com\/index.php\/wp-json\/wp\/v2\/posts\/10332","targetHints":{"allow":["GET"]}}],"collection":[{"href":"https:\/\/elbistanhabermerkezi.com\/index.php\/wp-json\/wp\/v2\/posts"}],"about":[{"href":"https:\/\/elbistanhabermerkezi.com\/index.php\/wp-json\/wp\/v2\/types\/post"}],"author":[{"embeddable":true,"href":"https:\/\/elbistanhabermerkezi.com\/index.php\/wp-json\/wp\/v2\/users\/1"}],"replies":[{"embeddable":true,"href":"https:\/\/elbistanhabermerkezi.com\/index.php\/wp-json\/wp\/v2\/comments?post=10332"}],"version-history":[{"count":2,"href":"https:\/\/elbistanhabermerkezi.com\/index.php\/wp-json\/wp\/v2\/posts\/10332\/revisions"}],"predecessor-version":[{"id":10342,"href":"https:\/\/elbistanhabermerkezi.com\/index.php\/wp-json\/wp\/v2\/posts\/10332\/revisions\/10342"}],"wp:featuredmedia":[{"embeddable":true,"href":"https:\/\/elbistanhabermerkezi.com\/index.php\/wp-json\/wp\/v2\/media\/1153"}],"wp:attachment":[{"href":"https:\/\/elbistanhabermerkezi.com\/index.php\/wp-json\/wp\/v2\/media?parent=10332"}],"wp:term":[{"taxonomy":"category","embeddable":true,"href":"https:\/\/elbistanhabermerkezi.com\/index.php\/wp-json\/wp\/v2\/categories?post=10332"},{"taxonomy":"post_tag","embeddable":true,"href":"https:\/\/elbistanhabermerkezi.com\/index.php\/wp-json\/wp\/v2\/tags?post=10332"}],"curies":[{"name":"wp","href":"https:\/\/api.w.org\/{rel}","templated":true}]}}