{"id":10317,"date":"2023-08-03T12:00:04","date_gmt":"2023-08-03T12:00:04","guid":{"rendered":"https:\/\/elbistanhabermerkezi.com\/?p=10317"},"modified":"2023-08-03T12:00:04","modified_gmt":"2023-08-03T12:00:04","slug":"cocuklar-buyuksehirin-korosunda-egitim-aliyor","status":"publish","type":"post","link":"https:\/\/elbistanhabermerkezi.com\/index.php\/2023\/08\/03\/cocuklar-buyuksehirin-korosunda-egitim-aliyor\/","title":{"rendered":"\u00c7ocuklar B\u00fcy\u00fck\u015fehir\u2019in Korosunda E\u011fitim Al\u0131yor."},"content":{"rendered":"<p style=\"text-align: justify;\"><img loading=\"lazy\" decoding=\"async\" class=\"alignnone size-full wp-image-826\" src=\"https:\/\/elbistanhabermerkezi.com\/wp-content\/uploads\/2022\/02\/ahalil.jpg\" alt=\"\" width=\"300\" height=\"194\" srcset=\"https:\/\/elbistanhabermerkezi.com\/wp-content\/uploads\/2022\/02\/ahalil.jpg 300w, https:\/\/elbistanhabermerkezi.com\/wp-content\/uploads\/2022\/02\/ahalil-162x105.jpg 162w, https:\/\/elbistanhabermerkezi.com\/wp-content\/uploads\/2022\/02\/ahalil-240x155.jpg 240w\" sizes=\"auto, (max-width: 300px) 100vw, 300px\" \/><img loading=\"lazy\" decoding=\"async\" class=\"alignnone size-full wp-image-10001\" src=\"https:\/\/elbistanhabermerkezi.com\/wp-content\/uploads\/2023\/07\/suvari.jpg\" alt=\"\" width=\"700\" height=\"350\" srcset=\"https:\/\/elbistanhabermerkezi.com\/wp-content\/uploads\/2023\/07\/suvari.jpg 700w, https:\/\/elbistanhabermerkezi.com\/wp-content\/uploads\/2023\/07\/suvari-600x300.jpg 600w, https:\/\/elbistanhabermerkezi.com\/wp-content\/uploads\/2023\/07\/suvari-171x86.jpg 171w, https:\/\/elbistanhabermerkezi.com\/wp-content\/uploads\/2023\/07\/suvari-278x139.jpg 278w, https:\/\/elbistanhabermerkezi.com\/wp-content\/uploads\/2023\/07\/suvari-376x188.jpg 376w\" sizes=\"auto, (max-width: 700px) 100vw, 700px\" \/><\/p>\n<p style=\"text-align: justify;\"><strong>B\u00fcy\u00fck\u015fehir Belediyesi\u2019nin \u00e7ocuk korosunda yeni d\u00f6nem e\u011fitimleri s\u00fcr\u00fcyor. Koro, ald\u0131klar\u0131 e\u011fitimlerle \u00e7e\u015fitli etkinliklerde dinleyici kar\u015f\u0131s\u0131na \u00e7\u0131karak birbirinden de\u011ferli eserleri m\u00fczikseverler i\u00e7in seslendirecek.<\/strong><\/p>\n<p style=\"text-align: justify;\"><strong>\u00a0<\/strong><\/p>\n<p style=\"text-align: justify;\"><strong>\u015eehrin imar\u0131 ve in\u015fas\u0131 noktas\u0131nda t\u00fcm alanlarda faaliyetlerini kesintisiz s\u00fcrd\u00fcren Kahramanmara\u015f B\u00fcy\u00fck\u015fehir Belediyesi, sosyal belediyecilik hizmetleri \u00e7er\u00e7evesinde de \u00e7e\u015fitli etkinlikler d\u00fczenlemeye devam ediyor. T\u00fcrk m\u00fczi\u011fini ara\u015ft\u0131rmak, \u00f6\u011fretmek ve yayg\u0131nla\u015ft\u0131rmak i\u00e7in B\u00fcy\u00fck\u015fehir Belediyesi b\u00fcnyesinde ge\u00e7ti\u011fimiz y\u0131l kurulan \u00c7ocuk Korosu\u2019nun yeni d\u00f6neminde e\u011fitimler s\u00fcr\u00fcyor. T\u00fcrk Halk M\u00fczi\u011fi Sanat\u00e7\u0131s\u0131 Hatice G\u00f6k\u00e7eli taraf\u0131ndan \u00e7ocuklara verilen e\u011fitimlerin ard\u0131ndan koro, d\u00fczenlenecek \u00e7e\u015fitli etkinliklerde dinleyici kar\u015f\u0131s\u0131na \u00e7\u0131karak birbirinden de\u011ferli eserleri m\u00fczikseverler i\u00e7in seslendirecek.<\/strong><\/p>\n<p style=\"text-align: justify;\"><img loading=\"lazy\" decoding=\"async\" class=\"alignnone size-full wp-image-10318\" src=\"https:\/\/elbistanhabermerkezi.com\/wp-content\/uploads\/2023\/08\/Cocuk-Korosu-2.jpg\" alt=\"\" width=\"600\" height=\"338\" srcset=\"https:\/\/elbistanhabermerkezi.com\/wp-content\/uploads\/2023\/08\/Cocuk-Korosu-2.jpg 600w, https:\/\/elbistanhabermerkezi.com\/wp-content\/uploads\/2023\/08\/Cocuk-Korosu-2-171x96.jpg 171w, https:\/\/elbistanhabermerkezi.com\/wp-content\/uploads\/2023\/08\/Cocuk-Korosu-2-275x155.jpg 275w, https:\/\/elbistanhabermerkezi.com\/wp-content\/uploads\/2023\/08\/Cocuk-Korosu-2-376x212.jpg 376w\" sizes=\"auto, (max-width: 600px) 100vw, 600px\" \/> <img loading=\"lazy\" decoding=\"async\" class=\"alignnone size-full wp-image-10319\" src=\"https:\/\/elbistanhabermerkezi.com\/wp-content\/uploads\/2023\/08\/Cocuk-Korosu-5.jpg\" alt=\"\" width=\"600\" height=\"338\" srcset=\"https:\/\/elbistanhabermerkezi.com\/wp-content\/uploads\/2023\/08\/Cocuk-Korosu-5.jpg 600w, https:\/\/elbistanhabermerkezi.com\/wp-content\/uploads\/2023\/08\/Cocuk-Korosu-5-171x96.jpg 171w, https:\/\/elbistanhabermerkezi.com\/wp-content\/uploads\/2023\/08\/Cocuk-Korosu-5-275x155.jpg 275w, https:\/\/elbistanhabermerkezi.com\/wp-content\/uploads\/2023\/08\/Cocuk-Korosu-5-376x212.jpg 376w\" sizes=\"auto, (max-width: 600px) 100vw, 600px\" \/> <img loading=\"lazy\" decoding=\"async\" class=\"alignnone size-full wp-image-10322\" src=\"https:\/\/elbistanhabermerkezi.com\/wp-content\/uploads\/2023\/08\/Cocuk-Korosu-6ttt.jpg\" alt=\"\" width=\"779\" height=\"448\" srcset=\"https:\/\/elbistanhabermerkezi.com\/wp-content\/uploads\/2023\/08\/Cocuk-Korosu-6ttt.jpg 779w, https:\/\/elbistanhabermerkezi.com\/wp-content\/uploads\/2023\/08\/Cocuk-Korosu-6ttt-600x345.jpg 600w, https:\/\/elbistanhabermerkezi.com\/wp-content\/uploads\/2023\/08\/Cocuk-Korosu-6ttt-768x442.jpg 768w, https:\/\/elbistanhabermerkezi.com\/wp-content\/uploads\/2023\/08\/Cocuk-Korosu-6ttt-171x98.jpg 171w, https:\/\/elbistanhabermerkezi.com\/wp-content\/uploads\/2023\/08\/Cocuk-Korosu-6ttt-270x155.jpg 270w, https:\/\/elbistanhabermerkezi.com\/wp-content\/uploads\/2023\/08\/Cocuk-Korosu-6ttt-376x216.jpg 376w\" sizes=\"auto, (max-width: 779px) 100vw, 779px\" \/> <img loading=\"lazy\" decoding=\"async\" class=\"alignnone size-full wp-image-10323\" src=\"https:\/\/elbistanhabermerkezi.com\/wp-content\/uploads\/2023\/08\/Cocuk-Korosu-7.jpg\" alt=\"\" width=\"600\" height=\"338\" srcset=\"https:\/\/elbistanhabermerkezi.com\/wp-content\/uploads\/2023\/08\/Cocuk-Korosu-7.jpg 600w, https:\/\/elbistanhabermerkezi.com\/wp-content\/uploads\/2023\/08\/Cocuk-Korosu-7-171x96.jpg 171w, https:\/\/elbistanhabermerkezi.com\/wp-content\/uploads\/2023\/08\/Cocuk-Korosu-7-275x155.jpg 275w, https:\/\/elbistanhabermerkezi.com\/wp-content\/uploads\/2023\/08\/Cocuk-Korosu-7-376x212.jpg 376w\" sizes=\"auto, (max-width: 600px) 100vw, 600px\" \/><\/p>\n","protected":false},"excerpt":{"rendered":"<p>B\u00fcy\u00fck\u015fehir Belediyesi\u2019nin \u00e7ocuk korosunda yeni d\u00f6nem e\u011fitimleri s\u00fcr\u00fcyor. Koro, ald\u0131klar\u0131 e\u011fitimlerle \u00e7e\u015fitli etkinliklerde dinleyici kar\u015f\u0131s\u0131na \u00e7\u0131karak birbirinden de\u011ferli eserleri m\u00fczikseverler i\u00e7in seslendirecek. \u00a0 \u015eehrin imar\u0131 ve in\u015fas\u0131 noktas\u0131nda t\u00fcm alanlarda faaliyetlerini kesintisiz s\u00fcrd\u00fcren Kahramanmara\u015f B\u00fcy\u00fck\u015fehir Belediyesi, sosyal belediyecilik hizmetleri \u00e7er\u00e7evesinde de \u00e7e\u015fitli etkinlikler d\u00fczenlemeye devam ediyor. T\u00fcrk m\u00fczi\u011fini ara\u015ft\u0131rmak, \u00f6\u011fretmek ve yayg\u0131nla\u015ft\u0131rmak i\u00e7in B\u00fcy\u00fck\u015fehir Belediyesi [&hellip;]<\/p>\n","protected":false},"author":1,"featured_media":10320,"comment_status":"open","ping_status":"open","sticky":false,"template":"","format":"standard","meta":{"_jetpack_memberships_contains_paid_content":false,"footnotes":""},"categories":[2,5,6,8,9],"tags":[],"class_list":["post-10317","post","type-post","status-publish","format-standard","has-post-thumbnail","hentry","category-3-sayfa","category-egitim","category-ekonomi","category-gundem","category-magazin"],"jetpack_featured_media_url":"https:\/\/elbistanhabermerkezi.com\/wp-content\/uploads\/2023\/08\/Cocuk-Korosu-6t.jpg","jetpack_sharing_enabled":true,"_links":{"self":[{"href":"https:\/\/elbistanhabermerkezi.com\/index.php\/wp-json\/wp\/v2\/posts\/10317","targetHints":{"allow":["GET"]}}],"collection":[{"href":"https:\/\/elbistanhabermerkezi.com\/index.php\/wp-json\/wp\/v2\/posts"}],"about":[{"href":"https:\/\/elbistanhabermerkezi.com\/index.php\/wp-json\/wp\/v2\/types\/post"}],"author":[{"embeddable":true,"href":"https:\/\/elbistanhabermerkezi.com\/index.php\/wp-json\/wp\/v2\/users\/1"}],"replies":[{"embeddable":true,"href":"https:\/\/elbistanhabermerkezi.com\/index.php\/wp-json\/wp\/v2\/comments?post=10317"}],"version-history":[{"count":1,"href":"https:\/\/elbistanhabermerkezi.com\/index.php\/wp-json\/wp\/v2\/posts\/10317\/revisions"}],"predecessor-version":[{"id":10324,"href":"https:\/\/elbistanhabermerkezi.com\/index.php\/wp-json\/wp\/v2\/posts\/10317\/revisions\/10324"}],"wp:featuredmedia":[{"embeddable":true,"href":"https:\/\/elbistanhabermerkezi.com\/index.php\/wp-json\/wp\/v2\/media\/10320"}],"wp:attachment":[{"href":"https:\/\/elbistanhabermerkezi.com\/index.php\/wp-json\/wp\/v2\/media?parent=10317"}],"wp:term":[{"taxonomy":"category","embeddable":true,"href":"https:\/\/elbistanhabermerkezi.com\/index.php\/wp-json\/wp\/v2\/categories?post=10317"},{"taxonomy":"post_tag","embeddable":true,"href":"https:\/\/elbistanhabermerkezi.com\/index.php\/wp-json\/wp\/v2\/tags?post=10317"}],"curies":[{"name":"wp","href":"https:\/\/api.w.org\/{rel}","templated":true}]}}