{"id":10290,"date":"2023-07-31T05:48:44","date_gmt":"2023-07-31T05:48:44","guid":{"rendered":"https:\/\/elbistanhabermerkezi.com\/?p=10290"},"modified":"2023-07-31T05:48:44","modified_gmt":"2023-07-31T05:48:44","slug":"sap-hastaligina-karsi-karantina-karari-alindi","status":"publish","type":"post","link":"https:\/\/elbistanhabermerkezi.com\/index.php\/2023\/07\/31\/sap-hastaligina-karsi-karantina-karari-alindi\/","title":{"rendered":"\u015eap hastal\u0131\u011f\u0131na kar\u015f\u0131 karantina karar\u0131 al\u0131nd\u0131."},"content":{"rendered":"<p style=\"text-align: justify;\"><img loading=\"lazy\" decoding=\"async\" class=\"alignnone size-full wp-image-826\" src=\"https:\/\/elbistanhabermerkezi.com\/wp-content\/uploads\/2022\/02\/ahalil.jpg\" alt=\"\" width=\"300\" height=\"194\" srcset=\"https:\/\/elbistanhabermerkezi.com\/wp-content\/uploads\/2022\/02\/ahalil.jpg 300w, https:\/\/elbistanhabermerkezi.com\/wp-content\/uploads\/2022\/02\/ahalil-162x105.jpg 162w, https:\/\/elbistanhabermerkezi.com\/wp-content\/uploads\/2022\/02\/ahalil-240x155.jpg 240w\" sizes=\"auto, (max-width: 300px) 100vw, 300px\" \/><\/p>\n<p><img loading=\"lazy\" decoding=\"async\" class=\"alignnone size-full wp-image-10001\" src=\"https:\/\/elbistanhabermerkezi.com\/wp-content\/uploads\/2023\/07\/suvari.jpg\" alt=\"\" width=\"700\" height=\"350\" srcset=\"https:\/\/elbistanhabermerkezi.com\/wp-content\/uploads\/2023\/07\/suvari.jpg 700w, https:\/\/elbistanhabermerkezi.com\/wp-content\/uploads\/2023\/07\/suvari-600x300.jpg 600w, https:\/\/elbistanhabermerkezi.com\/wp-content\/uploads\/2023\/07\/suvari-171x86.jpg 171w, https:\/\/elbistanhabermerkezi.com\/wp-content\/uploads\/2023\/07\/suvari-278x139.jpg 278w, https:\/\/elbistanhabermerkezi.com\/wp-content\/uploads\/2023\/07\/suvari-376x188.jpg 376w\" sizes=\"auto, (max-width: 700px) 100vw, 700px\" \/><\/p>\n<p style=\"text-align: justify;\">Kahramanmara\u015f Hayvan Sa\u011fl\u0131k Zab\u0131tas\u0131, b\u00fcy\u00fckba\u015f hayvanlarda g\u00f6r\u00fclen \u015fap hastal\u0131\u011f\u0131 nedeniyle il i\u00e7i ve d\u0131\u015f\u0131 hayvan hareketlerini yasaklad\u0131. Bu \u00e7er\u00e7evede\u00a0 Elbistan Belediyesi Hayvan Borsas\u0131 da ikinci bir emre kadar kapat\u0131ld\u0131.<\/p>\n<p style=\"text-align: justify;\">B\u00fcy\u00fckba\u015f hayvanlarda halk aras\u0131nda \u2018tabak\u2019 olarak adland\u0131r\u0131lan \u015fap hastal\u0131\u011f\u0131 g\u00f6r\u00fcld\u00fc. Kahramanmara\u015f Hayvan Sa\u011fl\u0131k Zab\u0131tas\u0131 da, bu durum \u00fczerine harekete ge\u00e7erek hastal\u0131\u011f\u0131n yay\u0131lmamas\u0131 i\u00e7in \u00f6nlemler almaya ba\u015flad\u0131. Kronik durumlarda zay\u0131f ve yavru hayvanlarda \u00f6l\u00fcme sebebiyet veren, genellikle et ve s\u00fct kayb\u0131na sebep olan \u015fap hastal\u0131\u011f\u0131n\u0131n yay\u0131lmamas\u0131 i\u00e7in tedbir olarak il i\u00e7i ve d\u0131\u015f\u0131 hayvan hareketleri ikinci bir emre kadar yasakland\u0131. Bu karar kapsam\u0131nda Elbistan Belediyesi Hayvan Borsas\u0131 da hayvan giri\u015f \u00e7\u0131k\u0131\u015flar\u0131na kapat\u0131ld\u0131.<\/p>\n<p style=\"text-align: justify;\"><img loading=\"lazy\" decoding=\"async\" class=\"alignnone size-full wp-image-10291\" src=\"https:\/\/elbistanhabermerkezi.com\/wp-content\/uploads\/2023\/07\/WhatsApp-Image-2023-07-30-at-20.46.08.jpeg\" alt=\"\" width=\"779\" height=\"448\" srcset=\"https:\/\/elbistanhabermerkezi.com\/wp-content\/uploads\/2023\/07\/WhatsApp-Image-2023-07-30-at-20.46.08.jpeg 779w, https:\/\/elbistanhabermerkezi.com\/wp-content\/uploads\/2023\/07\/WhatsApp-Image-2023-07-30-at-20.46.08-600x345.jpeg 600w, https:\/\/elbistanhabermerkezi.com\/wp-content\/uploads\/2023\/07\/WhatsApp-Image-2023-07-30-at-20.46.08-768x442.jpeg 768w, https:\/\/elbistanhabermerkezi.com\/wp-content\/uploads\/2023\/07\/WhatsApp-Image-2023-07-30-at-20.46.08-171x98.jpeg 171w, https:\/\/elbistanhabermerkezi.com\/wp-content\/uploads\/2023\/07\/WhatsApp-Image-2023-07-30-at-20.46.08-270x155.jpeg 270w, https:\/\/elbistanhabermerkezi.com\/wp-content\/uploads\/2023\/07\/WhatsApp-Image-2023-07-30-at-20.46.08-376x216.jpeg 376w\" sizes=\"auto, (max-width: 779px) 100vw, 779px\" \/><\/p>\n","protected":false},"excerpt":{"rendered":"<p>Kahramanmara\u015f Hayvan Sa\u011fl\u0131k Zab\u0131tas\u0131, b\u00fcy\u00fckba\u015f hayvanlarda g\u00f6r\u00fclen \u015fap hastal\u0131\u011f\u0131 nedeniyle il i\u00e7i ve d\u0131\u015f\u0131 hayvan hareketlerini yasaklad\u0131. Bu \u00e7er\u00e7evede\u00a0 Elbistan Belediyesi Hayvan Borsas\u0131 da ikinci bir emre kadar kapat\u0131ld\u0131. B\u00fcy\u00fckba\u015f hayvanlarda halk aras\u0131nda \u2018tabak\u2019 olarak adland\u0131r\u0131lan \u015fap hastal\u0131\u011f\u0131 g\u00f6r\u00fcld\u00fc. Kahramanmara\u015f Hayvan Sa\u011fl\u0131k Zab\u0131tas\u0131 da, bu durum \u00fczerine harekete ge\u00e7erek hastal\u0131\u011f\u0131n yay\u0131lmamas\u0131 i\u00e7in \u00f6nlemler almaya ba\u015flad\u0131. [&hellip;]<\/p>\n","protected":false},"author":1,"featured_media":10292,"comment_status":"open","ping_status":"open","sticky":false,"template":"","format":"standard","meta":{"_jetpack_memberships_contains_paid_content":false,"footnotes":""},"categories":[2,8,11],"tags":[],"class_list":["post-10290","post","type-post","status-publish","format-standard","has-post-thumbnail","hentry","category-3-sayfa","category-gundem","category-saglik"],"jetpack_featured_media_url":"https:\/\/elbistanhabermerkezi.com\/wp-content\/uploads\/2023\/07\/WhatsApp-Image-2023-07-30-at-20.46.08TYU.jpeg","jetpack_sharing_enabled":true,"_links":{"self":[{"href":"https:\/\/elbistanhabermerkezi.com\/index.php\/wp-json\/wp\/v2\/posts\/10290","targetHints":{"allow":["GET"]}}],"collection":[{"href":"https:\/\/elbistanhabermerkezi.com\/index.php\/wp-json\/wp\/v2\/posts"}],"about":[{"href":"https:\/\/elbistanhabermerkezi.com\/index.php\/wp-json\/wp\/v2\/types\/post"}],"author":[{"embeddable":true,"href":"https:\/\/elbistanhabermerkezi.com\/index.php\/wp-json\/wp\/v2\/users\/1"}],"replies":[{"embeddable":true,"href":"https:\/\/elbistanhabermerkezi.com\/index.php\/wp-json\/wp\/v2\/comments?post=10290"}],"version-history":[{"count":1,"href":"https:\/\/elbistanhabermerkezi.com\/index.php\/wp-json\/wp\/v2\/posts\/10290\/revisions"}],"predecessor-version":[{"id":10294,"href":"https:\/\/elbistanhabermerkezi.com\/index.php\/wp-json\/wp\/v2\/posts\/10290\/revisions\/10294"}],"wp:featuredmedia":[{"embeddable":true,"href":"https:\/\/elbistanhabermerkezi.com\/index.php\/wp-json\/wp\/v2\/media\/10292"}],"wp:attachment":[{"href":"https:\/\/elbistanhabermerkezi.com\/index.php\/wp-json\/wp\/v2\/media?parent=10290"}],"wp:term":[{"taxonomy":"category","embeddable":true,"href":"https:\/\/elbistanhabermerkezi.com\/index.php\/wp-json\/wp\/v2\/categories?post=10290"},{"taxonomy":"post_tag","embeddable":true,"href":"https:\/\/elbistanhabermerkezi.com\/index.php\/wp-json\/wp\/v2\/tags?post=10290"}],"curies":[{"name":"wp","href":"https:\/\/api.w.org\/{rel}","templated":true}]}}